{"id":2117,"date":"2008-10-02T09:00:54","date_gmt":"2008-10-02T09:00:54","guid":{"rendered":"http:\/\/kulturbloggen.com\/?p=2117"},"modified":"2008-10-02T09:00:54","modified_gmt":"2008-10-02T09:00:54","slug":"linda-akte-ut-for-att-hon-var-kaxigare-och-det-far-man-inte-vara-i-sverige","status":"publish","type":"post","link":"https:\/\/kulturbloggen.com\/?p=2117","title":{"rendered":"Linda \u00e5kte ut f\u00f6r att hon var kaxigare &#8211; och det f\u00e5r man inte vara i Sverige"},"content":{"rendered":"<p><a href='http:\/\/sodergren.com\/kulturbloggen\/wp-content\/uploads\/2008\/10\/linda_pritchard260.jpg'><img loading=\"lazy\" decoding=\"async\" src=\"http:\/\/sodergren.com\/kulturbloggen\/wp-content\/uploads\/2008\/10\/linda_pritchard260.jpg\" alt=\"\" title=\"linda_pritchard260\" width=\"260\" height=\"150\" class=\"alignright size-full wp-image-2118\" \/><\/a><\/p>\n<p>Nej, det var inte den som gjorde s\u00e4mst ifr\u00e5n sig i kvalomg\u00e5ngen som \u00e5kte ut.<\/p>\n<p>Aftonbladets l\u00e4sare rasar f\u00f6r att Linda \u00e5kte ut. Men vad\u00e5? Det stod v\u00e4l var och en fritt att ringa och r\u00f6sta?<\/p>\n<p>Nu h\u00f6js r\u00f6ster att juryn borde f\u00e5 vara med och r\u00f6sta och best\u00e4mma ocks\u00e5. Varf\u00f6r d\u00e5? F\u00f6r att g\u00f6ra vad\u00e5 r\u00e4ttvist? P\u00e5 vilket s\u00e4tt kan Idol bli r\u00e4ttvist? Idol \u00e4r en lek och det finns ingen som objektivt \u00e4r b\u00e4st.<\/p>\n<p>Jag tror att folk st\u00f6rde sig p\u00e5 att Linda verkade s\u00e5 s\u00e4ker p\u00e5 att f\u00e5 vara kvar. Hon var kaxig. Och det f\u00e5r man inte vara i Sverige.<\/p>\n<p>Dessutom var den andra som satt l\u00f6st den b\u00e4sta av allihop. S\u00e5 antingen trodde folk att alla \u00e4nd\u00e5 r\u00f6stade p\u00e5 henne, eller s\u00e5 orkar folk inte r\u00f6sta alls.<\/p>\n<p><a href=\"http:\/\/www.aftonbladet.se\/nojesliv\/idol2008\/article3441239.ab\"><br \/>\nAftonbladet:<\/a><\/p>\n<blockquote><p>Aftonbladet.se:s l\u00e4sare \u00e4r \u00f6verens: Linda Pritchard borde INTE \u00e5kt ut i g\u00e5r.<br \/>\nNu vill l\u00e4sarna att juryn \u00e4r med och best\u00e4mmer.<br \/>\nEn f\u00f6rkrossande majoritet \u2013 n\u00e4ra nio av tio l\u00e4sare \u2013 tycker inte det var r\u00e4tt person som \u00e5kte ur \u201dIdol\u201d p\u00e5 onsdagkv\u00e4llen.<\/p><\/blockquote>\n<p>Linda Pritchard &#8211; All The Man That I Need (M\u00e5ndagens omg\u00e5ng)<br \/>\n<object width=\"425\" height=\"344\"><param name=\"movie\" value=\"http:\/\/www.youtube.com\/v\/4LazSoUbvcA&#038;hl=en&#038;fs=1\"><\/param><param name=\"allowFullScreen\" value=\"true\"><\/param><embed src=\"http:\/\/www.youtube.com\/v\/4LazSoUbvcA&#038;hl=en&#038;fs=1\" type=\"application\/x-shockwave-flash\" allowfullscreen=\"true\" width=\"425\" height=\"344\"><\/embed><\/object><\/p>\n<p>Andra bloggar om: <a href=\"http:\/\/bloggar.se\/om\/idol\" rel=\"tag\">idol<\/a>, <a href=\"http:\/\/bloggar.se\/om\/jury\" rel=\"tag\">jury<\/a>, <a href=\"http:\/\/bloggar.se\/om\/Linda+Pritchard\" rel=\"tag\">Linda Pritchard<\/a>, <a href=\"http:\/\/bloggar.se\/om\/tv4\" rel=\"tag\">tv4<\/a>, <a href=\"http:\/\/bloggar.se\/om\/Aftonbladet\" rel=\"tag\">Aftonbladet<\/a>, <a href=\"http:\/\/bloggar.se\/om\/jury\" rel=\"tag\">jury<\/a>, <a href=\"http:\/\/bloggar.se\/om\/r%F6ster\" rel=\"tag\">r\u00f6ster<\/a><\/p>\n<p><a href='http:\/\/sodergren.com\/kulturbloggen\/wp-content\/uploads\/2008\/10\/linda_pritchard125.jpg'><img loading=\"lazy\" decoding=\"async\" src=\"http:\/\/sodergren.com\/kulturbloggen\/wp-content\/uploads\/2008\/10\/linda_pritchard125.jpg\" alt=\"\" title=\"linda_pritchard125\" width=\"125\" height=\"250\" class=\"alignnone size-medium wp-image-2119\" \/><\/a><\/p>\n<p>Relaterade artiklar:<br \/>\n<a href=\"http:\/\/www.aftonbladet.se\/nojesliv\/idol2008\/article3439245.ab\">Linda: Jag m\u00e5r j\u00e4tted\u00e5ligt<\/a><br \/>\n<a href=\"http:\/\/www.aftonbladet.se\/nojesliv\/idol2008\/article3438988.ab\">\u00c4r det ett nytt tjej\u00e5r p\u00e5 g\u00e5ng?<\/a><\/p>\n","protected":false},"excerpt":{"rendered":"<p>Nej, det var inte den som gjorde s\u00e4mst ifr\u00e5n sig i kvalomg\u00e5ngen som \u00e5kte ut. Aftonbladets l\u00e4sare rasar f\u00f6r att Linda \u00e5kte ut. Men vad\u00e5? Det stod v\u00e4l var och en fritt att ringa och r\u00f6sta? Nu h\u00f6js r\u00f6ster att juryn borde f\u00e5 vara med och r\u00f6sta och best\u00e4mma ocks\u00e5. Varf\u00f6r d\u00e5? F\u00f6r att g\u00f6ra [&hellip;]<\/p>\n","protected":false},"author":13,"featured_media":0,"comment_status":"open","ping_status":"open","sticky":false,"template":"","format":"standard","meta":{"_genesis_hide_title":false,"_genesis_hide_breadcrumbs":false,"_genesis_hide_singular_image":false,"_genesis_hide_footer_widgets":false,"_genesis_custom_body_class":"","_genesis_custom_post_class":"","_genesis_layout":"","footnotes":""},"categories":[20],"tags":[2427],"class_list":{"0":"post-2117","1":"post","2":"type-post","3":"status-publish","4":"format-standard","6":"category-film","7":"tag-idol","8":"entry"},"_links":{"self":[{"href":"https:\/\/kulturbloggen.com\/index.php?rest_route=\/wp\/v2\/posts\/2117","targetHints":{"allow":["GET"]}}],"collection":[{"href":"https:\/\/kulturbloggen.com\/index.php?rest_route=\/wp\/v2\/posts"}],"about":[{"href":"https:\/\/kulturbloggen.com\/index.php?rest_route=\/wp\/v2\/types\/post"}],"author":[{"embeddable":true,"href":"https:\/\/kulturbloggen.com\/index.php?rest_route=\/wp\/v2\/users\/13"}],"replies":[{"embeddable":true,"href":"https:\/\/kulturbloggen.com\/index.php?rest_route=%2Fwp%2Fv2%2Fcomments&post=2117"}],"version-history":[{"count":0,"href":"https:\/\/kulturbloggen.com\/index.php?rest_route=\/wp\/v2\/posts\/2117\/revisions"}],"wp:attachment":[{"href":"https:\/\/kulturbloggen.com\/index.php?rest_route=%2Fwp%2Fv2%2Fmedia&parent=2117"}],"wp:term":[{"taxonomy":"category","embeddable":true,"href":"https:\/\/kulturbloggen.com\/index.php?rest_route=%2Fwp%2Fv2%2Fcategories&post=2117"},{"taxonomy":"post_tag","embeddable":true,"href":"https:\/\/kulturbloggen.com\/index.php?rest_route=%2Fwp%2Fv2%2Ftags&post=2117"}],"curies":[{"name":"wp","href":"https:\/\/api.w.org\/{rel}","templated":true}]}}