{"id":21145,"date":"2010-06-11T14:48:30","date_gmt":"2010-06-11T12:48:30","guid":{"rendered":"http:\/\/kulturbloggen.com\/?p=21145"},"modified":"2010-06-11T14:48:30","modified_gmt":"2010-06-11T12:48:30","slug":"operasasongen-slut-lange-leve-opera-i-sommar","status":"publish","type":"post","link":"https:\/\/kulturbloggen.com\/?p=21145","title":{"rendered":"Operas\u00e4songen \u00e4r slut l\u00e4nge leve opera i sommar!"},"content":{"rendered":"<p><a href=\"http:\/\/kulturbloggen.com\/wp-content\/uploads\/2010\/06\/otellouppsala2.jpg\"><img loading=\"lazy\" decoding=\"async\" src=\"http:\/\/kulturbloggen.com\/wp-content\/uploads\/2010\/06\/otellouppsala2-247x300.jpg\" alt=\"\" title=\"otellouppsala2\" width=\"247\" height=\"300\" class=\"alignleft size-medium wp-image-21147\" \/><\/a><br \/>\nOperas\u00e4songen \u00e4r slut l\u00e4nge leve sommars\u00e4songen! Det har varit en intressant s\u00e4song med n\u00e5gra toppar och n\u00e5gra dippar, men s\u00e5 \u00e4r ju livet.<\/p>\n<p>Operas\u00e4songen \u00e4r ju inte riktigt slut f\u00f6r p\u00e5 <a href=\"http:\/\/www.opera.se\">G\u00f6teborgsOperan<\/a> kan du se ett par f\u00f6rest\u00e4llningar av succ\u00e9f\u00f6rest\u00e4llningen av Mozarts Trollfl\u00f6jten, men det \u00e4r ju egentligen inte en opera utan mer ett s\u00e5ngspel.<\/p>\n<p>I K\u00f6penhamn, p\u00e5 <a href=\"http:\/\/www.kgl-teater.dk\">DKT<\/a> kan du se ytterliggare en f\u00f6rest\u00e4llning av Bizet\u00b4s Carmen och Kungliga Operan i Stockholm avslutar inte s\u00e4songen f\u00f6rr\u00e4n den 19 juni med Puccinis Tosca, kanske ett b\u00e4ttre alternativ att g\u00e5 upp i det kungliga br\u00f6llopet samma dag. \u00c5 andra sidan kan man ju utm\u00e4rkt kombinera de tv\u00e5 h\u00e4ndelserna under f\u00f6ruts\u00e4ttning att man inte \u00e4r inbjuden som g\u00e4st.<\/p>\n<p>Fram till s\u00e4songsslutet ger <a href=\"http:\/\/www.operan.se\">Kungliga Operan<\/a> ytterliggare n\u00e5gra f\u00f6rest\u00e4llningar bl a Macbeth och Falstaff, men jag hade ju egentligen planerat att se Andrea Chenier, men det f\u00e5r ju b\u00e5de jag och ni andra v\u00e4nta med ytterligare n\u00e5gra m\u00e5nader. Premi\u00e4r p\u00e5 Andrea Chenier blir det ju inte f\u00f6rr\u00e4n den 22 oktober ganska precis en m\u00e5nad efter riksdagsvalet.<\/p>\n<p>Den f\u00f6rsta egentliga sommaroperan \u00e4r <a href=\"http:\/\/www.skanskaoperan.se\">Sk\u00e5nska Operans<\/a> upps\u00e4ttning av Gaetano Donizetti\u00b4s K\u00e4rleksdrycken. Premi\u00e4r blir det den tredje juli och sedan g\u00e5r f\u00f6rest\u00e4llningen p\u00e5 turn\u00e9 runt om i Sk\u00e5ne, men jag brukar inte hinna med att se f\u00f6rest\u00e4llningen f\u00f6rr\u00e4n i augusti och d\u00e4rf\u00f6r missade jag vilket jag nu allts\u00e5 har r\u00e4ttat till.I det h\u00e4r sammanhanget vill jag ocks\u00e5 g\u00e4rna sl\u00e5 ett slag f\u00f6r <a href=\"http:\/\/www.ystadsoperafestival.com\">Operafestivalen i Ystad<\/a> som \u00e4ger rum mellan 5-11 juli.D\u00e4r kan man f\u00f6rresten ocks\u00e5 se K\u00e4rleksdrycken. G\u00f6r det!<\/p>\n<p>Den f\u00f6rsta egentliga sommaroperan, dvs opera i sommar som jag skall se blir premi\u00e4ren p\u00e5 Gioacchino Rossinis Den tjuvaktiga skatan eller La gazza ladra som den heter p\u00e5 italienska. Premi\u00e4ren sker l\u00f6rdagen den 10 juli och denna operah\u00e4ndelse \u00e4ger rum p\u00e5 <a href=\"http:\/\/www.lackokinnekulle.se\">L\u00e4ck\u00f6 slott<\/a>, strax utanf\u00f6r Lidk\u00f6ping.<\/p>\n<p>Hade det varit m\u00f6jligt s\u00e5 hade jag velat se Maria de Rohan ett s\u00e4llan spelat verk av Gaetano Donizetti i K\u00f6penhamn, men d\u00e5 har hush\u00e5llet redan hunnit p\u00e5b\u00f6rja sin \u00e5rliga semester. Den andra juli ges en sp\u00e4nnande upps\u00e4ttning av Puccini\u00b4s Tosca i norska <a href=\"http:\/\/www.opera-fredrikstad.com\">Fredrikstad<\/a>, vilket jag missar p\u00e5 grund av semester i Danmark.<\/p>\n<p>N\u00e4sta sommaropera blir <a href=\"http:\/\/www.vadstena-akademien.org\">Vadstena-Akademiens<\/a> upps\u00e4ttning av tv\u00e5 operor fr\u00e5n tv\u00e5 1700-talsm\u00e4stare som bygger p\u00e5 Romeo och Julia temat. Det blir f\u00f6rmodligen den sjunde eller \u00e5ttonde augusti.<\/p>\n<p>Sommaroperas\u00e4songen avslutas f\u00f6r mitt vidkommande med det n\u00e4stan \u00e5rliga bes\u00f6ket i <a href=\"http:\/\/www.dalhalla.se\">Dalhalla<\/a> d\u00e4r man f\u00f6r andra \u00e5ret ger Trollfl\u00f6jten och detta blir f\u00f6rmodligen mitt sista bes\u00f6k p\u00e5 den arenan. Det har blivit alldeles f\u00f6r dyrt och omst\u00e4ndligt att \u00e5ka till det annars vackra Dalarna f\u00f6r att se en upps\u00e4ttning, men om det skulle bli aktuellt att s\u00e4nda Nibelungens ring i Dalhallas unika milj\u00f6 s\u00e5 lovar jag att ompr\u00f6va mitt st\u00e4llningstagande.<\/p>\n<p>P\u00e5 hemv\u00e4gen fr\u00e5n Dalhalla skall jag naturligtvis se <a href=\"http:\/\/www.operapaskaret.se\">Opera p\u00e5 Sk\u00e4rets<\/a> upps\u00e4ttning av Puccini\u00b4s La Boh\u00e8me, som man ger som en hyllning till Jussi Bj\u00f6rling inf\u00f6r femtio\u00e5rs-jubile\u00e9t<br \/>\n av hans bortg\u00e5ng.<\/p>\n<p>P\u00e5 <a href=\"http:\/\/www.orhalla.se\">Orhalla<\/a> i H\u00e4lsingland kan du se Svenska Operans upps\u00e4ttning av Tosca vilken ges den sjunde augusti. P\u00e5 <a href=\"http:\/\/www.operahedeland.dk\">Teater Hedeland<\/a> strax utanf\u00f6r K\u00f6penhamn ges Bellini\u00b4s Norma i regi av Staffan Valdemar Holm. Premi\u00e4r den 31 juli och ytterliggare en f\u00f6rest\u00e4llning n\u00e4mligen den 6 augusti.<\/p>\n<p>Som sommarens h\u00f6jdpunkt alla kategorier r\u00e4knar jag Die tote stadt som ges i fyra f\u00f6rest\u00e4llningar p\u00e5 <a href=\"http:\/\/www.jydske-opera.dk\">Den Jydske Opera<\/a> i \u00c5rhus under augusti m\u00e5nad.<\/p>\n<p>Men redan den 12 juni startar s\u00e4songen d\u00e5 jag skall se premi\u00e4ren av Verdi\u00b4s <a href=\"http:\/\/www.akademiskakapellet.uu.se\/node80\">Otello i Uppsala<\/a> och de skall bli oerh\u00f6rt sp\u00e4nnande att se om denna upplevelse kan f\u00f6ra upp Otello till mina favoritoperor. Det finns ju i alla fall alla f\u00f6ruts\u00e4ttningar med det s\u00e5ngarlaget som presenteras.<\/p>\n<p>Dagen efter skall jag se Mozart\u00b4s La Finta giardiniera p\u00e5 <a href=\"http:\/\/www.dtm.se\">Drottningholms slottsteater<\/a> och det blir f\u00f6rsta g\u00e5ngen jag ser detta verk. Det skall bli mycket sp\u00e4nnande att h\u00f6ra \u00e4ven detta unga s\u00e5ngarlag. Det \u00e4r alltid stimulerande att lyssna p\u00e5 nya s\u00e5ngarf\u00f6rm\u00e5gor. Senare i sommar ger Drottningholm Don Giovanni med Loa Falkman i huvudrollen, men den f\u00f6rest\u00e4llningen har jag \u00e4nnu inte kunnat planera in i mitt reseschema. Det samma g\u00e4ller <a href=\"http:\/\/www.confidencen.se\">Confidencen\u00b4s<\/a> upps\u00e4ttning av C W Gluck\u00b4s Orfeus och Euridike med premi\u00e4r den 14 augusti och med sista f\u00f6rest\u00e4llning den 29 augusti.<\/p>\n<p>Det finns naturligtvis m\u00e5nga andra tillf\u00e4llen att njuta av opera i sommar runt om i Sverige, men det f\u00e5r du sj\u00e4lv f\u00f6rs\u00f6ka ha koll p\u00e5. Om jag hittar n\u00e5got intressant kommer jag med all s\u00e4kerhet att skriva om detta p\u00e5 min <a href=\"http:\/\/mogensblogg.blogspot.com\">blogg<\/a>.<\/p>\n<p>Vill du veta mer om sommaropera ute i Europa och v\u00e4rlden bes\u00f6k min <a href=\"http:\/\/www.mogensoperasidor.se\/sommaropera1.htm\">hemsida<\/a><\/p>\n","protected":false},"excerpt":{"rendered":"<p>Operas\u00e4songen \u00e4r slut l\u00e4nge leve sommars\u00e4songen! Det har varit en intressant s\u00e4song med n\u00e5gra toppar och n\u00e5gra dippar, men s\u00e5 \u00e4r ju livet. Operas\u00e4songen \u00e4r ju inte riktigt slut f\u00f6r p\u00e5 G\u00f6teborgsOperan kan du se ett par f\u00f6rest\u00e4llningar av succ\u00e9f\u00f6rest\u00e4llningen av Mozarts Trollfl\u00f6jten, men det \u00e4r ju egentligen inte en opera utan mer ett s\u00e5ngspel. [&hellip;]<\/p>\n","protected":false},"author":13,"featured_media":0,"comment_status":"open","ping_status":"open","sticky":false,"template":"","format":"standard","meta":{"_genesis_hide_title":false,"_genesis_hide_breadcrumbs":false,"_genesis_hide_singular_image":false,"_genesis_hide_footer_widgets":false,"_genesis_custom_body_class":"","_genesis_custom_post_class":"","_genesis_layout":"","footnotes":""},"categories":[7],"tags":[5261],"class_list":{"0":"post-21145","1":"post","2":"type-post","3":"status-publish","4":"format-standard","6":"category-musik","7":"tag-sommaropera","8":"entry"},"_links":{"self":[{"href":"https:\/\/kulturbloggen.com\/index.php?rest_route=\/wp\/v2\/posts\/21145","targetHints":{"allow":["GET"]}}],"collection":[{"href":"https:\/\/kulturbloggen.com\/index.php?rest_route=\/wp\/v2\/posts"}],"about":[{"href":"https:\/\/kulturbloggen.com\/index.php?rest_route=\/wp\/v2\/types\/post"}],"author":[{"embeddable":true,"href":"https:\/\/kulturbloggen.com\/index.php?rest_route=\/wp\/v2\/users\/13"}],"replies":[{"embeddable":true,"href":"https:\/\/kulturbloggen.com\/index.php?rest_route=%2Fwp%2Fv2%2Fcomments&post=21145"}],"version-history":[{"count":0,"href":"https:\/\/kulturbloggen.com\/index.php?rest_route=\/wp\/v2\/posts\/21145\/revisions"}],"wp:attachment":[{"href":"https:\/\/kulturbloggen.com\/index.php?rest_route=%2Fwp%2Fv2%2Fmedia&parent=21145"}],"wp:term":[{"taxonomy":"category","embeddable":true,"href":"https:\/\/kulturbloggen.com\/index.php?rest_route=%2Fwp%2Fv2%2Fcategories&post=21145"},{"taxonomy":"post_tag","embeddable":true,"href":"https:\/\/kulturbloggen.com\/index.php?rest_route=%2Fwp%2Fv2%2Ftags&post=21145"}],"curies":[{"name":"wp","href":"https:\/\/api.w.org\/{rel}","templated":true}]}}