{"id":21123,"date":"2010-06-10T21:41:02","date_gmt":"2010-06-10T19:41:02","guid":{"rendered":"http:\/\/kulturbloggen.com\/?p=21123"},"modified":"2010-06-10T21:41:02","modified_gmt":"2010-06-10T19:41:02","slug":"om-prinsessan-madeleine-vill-vara-sjalvstandig-so-what","status":"publish","type":"post","link":"https:\/\/kulturbloggen.com\/?p=21123","title":{"rendered":"Om prinsessan Madeleine vill vara sj\u00e4lvst\u00e4ndig, so what?"},"content":{"rendered":"<p><a href=\"http:\/\/kulturbloggen.com\/wp-content\/uploads\/2010\/06\/MadeleineSweden.jpg\"><img loading=\"lazy\" decoding=\"async\" src=\"http:\/\/kulturbloggen.com\/wp-content\/uploads\/2010\/06\/MadeleineSweden-211x300.jpg\" alt=\"\" title=\"MadeleineSweden\" width=\"211\" height=\"300\" class=\"aligncenter size-medium wp-image-21124\" \/><\/a><br \/>\nSuck.<br \/>\nSvenska Jantelagen \u00e4r sig lik. Den sitter s\u00e5 h\u00e5rt klistrad p\u00e5 svenska missunnsamheten.<\/p>\n<p>Prinsessan v\u00e4grar fira sin f\u00f6delsedag i Sverige.  Madeleine valde Bahamas och New York ist\u00e4llet, <a href=\"http:\/\/www.aftonbladet.se\/brollopet\/article7278002.ab\">ber\u00e4ttar Aftonbladet.<\/a><br \/>\n\u2013 Prinsessan \u00e4r utomlands, s\u00e4ger Annika S\u00f6nnerberg p\u00e5 hovets presstj\u00e4nst till kv\u00e4llstidningen.<\/p>\n<p>Och?<br \/>\nJag ser rubrikerna p\u00e5 n\u00e5gra bloggare som kommenterat detta. <a href=\"http:\/\/jinge.se\/mediekritik\/madeleine-rakmackan-bernadotte.htm\">Jinge har till exempel rubriken: Madeleine \u201dr\u00e4kmackan\u201d Bernadotte<\/a>.<br \/>\nJavisst, Madeleine \u00e4r f\u00f6dd in i en \u00f6versta \u00f6verklass, sj\u00e4lvaste kungafamiljen och hon har aldrig haft ekonomiska problem.<br \/>\nVisst.<br \/>\nDet \u00e4r sant.<br \/>\nOch det kan verka bortsk\u00e4mt att inte vilja komma till Sverige.<br \/>\nMen \u00e4r det inte sunt: ska inte unga m\u00e4nniskor bryta upp fr\u00e5n f\u00f6r\u00e4ldrar och g\u00e5 sin egen v\u00e4g i livet.<br \/>\nAtt vilja f\u00e5 vara ifred, f\u00e5 t\u00e4nka och hitta sig sj\u00e4lv, borde m\u00e5nga fler g\u00f6ra.<\/p>\n<p>\u00c4ven om prinsessan har det ekonomiskt gryggt och kan g\u00f6ra det i Bahamas \u00e4r det hon g\u00f6r vad de flesta ungdomar g\u00f6r, och b\u00f6r g\u00f6ra n\u00e5gon g\u00e5ng i livet: frig\u00f6r sig.<br \/>\nDet m\u00e5ste prinsessor f\u00e5 g\u00f6ra ocks\u00e5.<\/p>\n<p><a href=\"http:\/\/anybodys-place.blogspot.com\/2010\/06\/har-prinsessan-sagt-upp-sig.html\">Bloggen Anybody\u00b4s Place funderar:<\/a><br \/>\n<em>Har prinsessan Madeleine ledsnat p\u00e5 hela prinsesseriet?? Har hon kanske till och med sagt upp sig??<\/em><\/p>\n<p>Ja, vem vet? Prinsessan kanske g\u00f6r en <a href=\"http:\/\/www.dn.se\/kultur-noje\/scenrecensioner\/drottning-kristina-pa-stockholms-stadsteater-1.1086895\">prinsessan Kristina<\/a>. Det \u00e4r en fascinerade person, prinsessan Kristina, regent som avsade sig tronen. Nu \u00e4r prinsessan Madeleine visserligen &#8221;bara&#8221; nummer tre i successionsordningen: b\u00e5de storasyster Victoria och <a href=\"http:\/\/sv.wikipedia.org\/wiki\/Prins_Carl_Philip\">storebror Carl-Philip \u00e4r f\u00f6re i ordningen till tronen<\/a>. Men man vet aldrig var som h\u00e4nder i livet. Att vara andre reserv kan vara betyda mycket en g\u00e5ng i framtiden. Livet \u00e4r fullt av \u00f6verraskande v\u00e4ndningar.<\/p>\n<p><a href=\"http:\/\/litentanta.blogg.se\/2010\/june\/-prinsessan-behover-egen-tid-men-vem-betala.html\">Litentanta har ocks\u00e5 bloggar om prinsessan Madeleine.<\/a><\/p>\n<p>En annan kunglighet, inom h\u00e5rdrocken, <a href=\"http:\/\/www.svd.se\/kulturnoje\/nyheter\/sweden-rock-hyllar-ronnie-james-dio_4845349.svd\">\u00e4r den nyligen avlidne Dio. Han hyllades p\u00e5 Sweden Rock<\/a>. Ja nu kommer dagens n\u00e4sta suck.<br \/>\n\u00c4r det n\u00e5nstans jag skulle vilja vara just nu s\u00e5 \u00e4r det d\u00e4r.<\/p>\n<p><a href=\"http:\/\/www.dn.se\/kultur-noje\/musik\/familjen-riedel-gor-barnvisorna-jazziga-1.1119395\">I Stockholm startade jazzfestivalen idag<\/a>, men det kommer ni att f\u00e5 h\u00f6ra mer av fr\u00e5n en g\u00e4stbloggare p\u00e5 Kulturbloggen som minglar runt d\u00e4r ist\u00e4llet f\u00f6r n\u00e5gon av oss ordinarie kulturbloggare.<\/p>\n<p><object width=\"480\" height=\"385\"><param name=\"movie\" value=\"http:\/\/www.youtube.com\/v\/vtb2ohWBSlQ&#038;hl=sv_SE&#038;fs=1&#038;\"><\/param><param name=\"allowFullScreen\" value=\"true\"><\/param><param name=\"allowscriptaccess\" value=\"always\"><\/param><embed src=\"http:\/\/www.youtube.com\/v\/vtb2ohWBSlQ&#038;hl=sv_SE&#038;fs=1&#038;\" type=\"application\/x-shockwave-flash\" allowscriptaccess=\"always\" allowfullscreen=\"true\" width=\"480\" height=\"385\"><\/embed><\/object><\/p>\n<p>L\u00e4s \u00e4ven andra bloggares \u00e5sikter om <a href=\"http:\/\/bloggar.se\/om\/k%E4ndisar\" rel=\"tag\">k\u00e4ndisar<\/a>, <a href=\"http:\/\/bloggar.se\/om\/prinsessor\" rel=\"tag\">prinsessor<\/a>, <a href=\"http:\/\/bloggar.se\/om\/Sweden+Rock\" rel=\"tag\">Sweden Rock<\/a>, <a href=\"http:\/\/bloggar.se\/om\/Madeleine\" rel=\"tag\">Madeleine<\/a><\/p>\n","protected":false},"excerpt":{"rendered":"<p>Suck. Svenska Jantelagen \u00e4r sig lik. Den sitter s\u00e5 h\u00e5rt klistrad p\u00e5 svenska missunnsamheten. Prinsessan v\u00e4grar fira sin f\u00f6delsedag i Sverige. Madeleine valde Bahamas och New York ist\u00e4llet, ber\u00e4ttar Aftonbladet. \u2013 Prinsessan \u00e4r utomlands, s\u00e4ger Annika S\u00f6nnerberg p\u00e5 hovets presstj\u00e4nst till kv\u00e4llstidningen. Och? Jag ser rubrikerna p\u00e5 n\u00e5gra bloggare som kommenterat detta. Jinge har till [&hellip;]<\/p>\n","protected":false},"author":13,"featured_media":0,"comment_status":"open","ping_status":"open","sticky":false,"template":"","format":"standard","meta":{"_genesis_hide_title":false,"_genesis_hide_breadcrumbs":false,"_genesis_hide_singular_image":false,"_genesis_hide_footer_widgets":false,"_genesis_custom_body_class":"","_genesis_custom_post_class":"","_genesis_layout":"","footnotes":""},"categories":[20],"tags":[3171,4505],"class_list":{"0":"post-21123","1":"post","2":"type-post","3":"status-publish","4":"format-standard","6":"category-film","7":"tag-kandisar","8":"tag-prinsessor","9":"entry"},"_links":{"self":[{"href":"https:\/\/kulturbloggen.com\/index.php?rest_route=\/wp\/v2\/posts\/21123","targetHints":{"allow":["GET"]}}],"collection":[{"href":"https:\/\/kulturbloggen.com\/index.php?rest_route=\/wp\/v2\/posts"}],"about":[{"href":"https:\/\/kulturbloggen.com\/index.php?rest_route=\/wp\/v2\/types\/post"}],"author":[{"embeddable":true,"href":"https:\/\/kulturbloggen.com\/index.php?rest_route=\/wp\/v2\/users\/13"}],"replies":[{"embeddable":true,"href":"https:\/\/kulturbloggen.com\/index.php?rest_route=%2Fwp%2Fv2%2Fcomments&post=21123"}],"version-history":[{"count":0,"href":"https:\/\/kulturbloggen.com\/index.php?rest_route=\/wp\/v2\/posts\/21123\/revisions"}],"wp:attachment":[{"href":"https:\/\/kulturbloggen.com\/index.php?rest_route=%2Fwp%2Fv2%2Fmedia&parent=21123"}],"wp:term":[{"taxonomy":"category","embeddable":true,"href":"https:\/\/kulturbloggen.com\/index.php?rest_route=%2Fwp%2Fv2%2Fcategories&post=21123"},{"taxonomy":"post_tag","embeddable":true,"href":"https:\/\/kulturbloggen.com\/index.php?rest_route=%2Fwp%2Fv2%2Ftags&post=21123"}],"curies":[{"name":"wp","href":"https:\/\/api.w.org\/{rel}","templated":true}]}}