{"id":2109,"date":"2008-10-02T06:00:29","date_gmt":"2008-10-02T06:00:29","guid":{"rendered":"http:\/\/kulturbloggen.com\/?p=2109"},"modified":"2008-10-02T06:00:29","modified_gmt":"2008-10-02T06:00:29","slug":"kulturfyran-forsta-boken-och-forsta","status":"publish","type":"post","link":"https:\/\/kulturbloggen.com\/?p=2109","title":{"rendered":"Kulturfyran: F\u00f6rsta boken och f\u00f6rsta &#8230;"},"content":{"rendered":"<p><a href='http:\/\/sodergren.com\/kulturbloggen\/wp-content\/uploads\/2008\/10\/snowwhite260.jpg'><img loading=\"lazy\" decoding=\"async\" src=\"http:\/\/sodergren.com\/kulturbloggen\/wp-content\/uploads\/2008\/10\/snowwhite260.jpg\" alt=\"\" title=\"snowwhite260\" width=\"260\" height=\"150\" class=\"alignright size-full wp-image-2110\" \/><\/a><\/p>\n<p>Hej hej, h\u00e4r \u00e4r veckans kulturfyra. F\u00f6r n\u00e5gra \u00e5r sedan h\u00f6rde jag Pullman ber\u00e4tta om hur han uppt\u00e4ckte l\u00e4sandet och att Djungelboken var den f\u00f6rsta boken han l\u00e4ste sj\u00e4lv.<\/p>\n<p>1. Vilken var den f\u00f6rsta bok du l\u00e4ste?<\/p>\n<p>2. Vilken \u00e4r den f\u00f6rsta film du minns att du sett?<\/p>\n<p>3. Vilken bok vill du rekommendera f\u00f6r\u00e4ldrar att l\u00e4sa som f\u00f6rsta boken de l\u00e4ser f\u00f6r ett litet barn?<\/p>\n<p>4. Vilket var det f\u00f6rsta tv-program du minns att du sett?<\/p>\n<p>Gl\u00f6m nu inte att l\u00e4mna l\u00e4nken till ditt svar h\u00e4r i en kommentar. Om du dessutom pingar nyligen hamnar ditt inl\u00e4gg i blogglistan som ligger precis \u00f6ver kommentarsf\u00e4ltet.<\/p>\n<p>Det ska bli s\u00e5 kul att l\u00e4sa vad ni skriver.<\/p>\n","protected":false},"excerpt":{"rendered":"<p>Hej hej, h\u00e4r \u00e4r veckans kulturfyra. F\u00f6r n\u00e5gra \u00e5r sedan h\u00f6rde jag Pullman ber\u00e4tta om hur han uppt\u00e4ckte l\u00e4sandet och att Djungelboken var den f\u00f6rsta boken han l\u00e4ste sj\u00e4lv. 1. Vilken var den f\u00f6rsta bok du l\u00e4ste? 2. Vilken \u00e4r den f\u00f6rsta film du minns att du sett? 3. Vilken bok vill du rekommendera f\u00f6r\u00e4ldrar [&hellip;]<\/p>\n","protected":false},"author":2,"featured_media":0,"comment_status":"open","ping_status":"open","sticky":false,"template":"","format":"standard","meta":{"_genesis_hide_title":false,"_genesis_hide_breadcrumbs":false,"_genesis_hide_singular_image":false,"_genesis_hide_footer_widgets":false,"_genesis_custom_body_class":"","_genesis_custom_post_class":"","_genesis_layout":"","footnotes":""},"categories":[20],"tags":[3095],"class_list":{"0":"post-2109","1":"post","2":"type-post","3":"status-publish","4":"format-standard","6":"category-film","7":"tag-kulturfyran","8":"entry"},"_links":{"self":[{"href":"https:\/\/kulturbloggen.com\/index.php?rest_route=\/wp\/v2\/posts\/2109","targetHints":{"allow":["GET"]}}],"collection":[{"href":"https:\/\/kulturbloggen.com\/index.php?rest_route=\/wp\/v2\/posts"}],"about":[{"href":"https:\/\/kulturbloggen.com\/index.php?rest_route=\/wp\/v2\/types\/post"}],"author":[{"embeddable":true,"href":"https:\/\/kulturbloggen.com\/index.php?rest_route=\/wp\/v2\/users\/2"}],"replies":[{"embeddable":true,"href":"https:\/\/kulturbloggen.com\/index.php?rest_route=%2Fwp%2Fv2%2Fcomments&post=2109"}],"version-history":[{"count":0,"href":"https:\/\/kulturbloggen.com\/index.php?rest_route=\/wp\/v2\/posts\/2109\/revisions"}],"wp:attachment":[{"href":"https:\/\/kulturbloggen.com\/index.php?rest_route=%2Fwp%2Fv2%2Fmedia&parent=2109"}],"wp:term":[{"taxonomy":"category","embeddable":true,"href":"https:\/\/kulturbloggen.com\/index.php?rest_route=%2Fwp%2Fv2%2Fcategories&post=2109"},{"taxonomy":"post_tag","embeddable":true,"href":"https:\/\/kulturbloggen.com\/index.php?rest_route=%2Fwp%2Fv2%2Ftags&post=2109"}],"curies":[{"name":"wp","href":"https:\/\/api.w.org\/{rel}","templated":true}]}}