{"id":2107,"date":"2008-10-01T19:18:48","date_gmt":"2008-10-01T19:18:48","guid":{"rendered":"http:\/\/kulturbloggen.com\/?p=2107"},"modified":"2008-10-01T19:18:48","modified_gmt":"2008-10-01T19:18:48","slug":"att-det-finns-personer-med-mycket-lon-for-lite-jobb-ar-val-inget-nytt","status":"publish","type":"post","link":"https:\/\/kulturbloggen.com\/?p=2107","title":{"rendered":"Att det finns personer med mycket l\u00f6n f\u00f6r lite jobb \u00e4r v\u00e4l inget nytt?"},"content":{"rendered":"<p><a href='http:\/\/sodergren.com\/kulturbloggen\/wp-content\/uploads\/2008\/10\/kostymgubbe.jpg'><img loading=\"lazy\" decoding=\"async\" src=\"http:\/\/sodergren.com\/kulturbloggen\/wp-content\/uploads\/2008\/10\/kostymgubbe.jpg\" alt=\"\" title=\"kostymgubbe\" width=\"125\" height=\"250\" class=\"alignright size-full wp-image-2108\" \/><\/a>Massor av h\u00f6gt betalda chefer lyfte h\u00f6ga l\u00f6ner, men jobbar n\u00e4stan ingenting.<\/p>\n<p>En nyhet? Det ligger h\u00f6gt upp med rubrik med stora bokst\u00e4ver p\u00e5 Aftonbladets sajt just nu.<br \/>\nVilket de i sin tur har h\u00e4mtat fr\u00e5n TV4.<\/p>\n<p>Men, vad\u00e5?<\/p>\n<p>\u00c4r det n\u00e5got nytt?<\/p>\n<p>Jag har varit p\u00e5 arbetsplatser d\u00e4r chefer och en del andra lyfter rej\u00e4lt h\u00f6ga l\u00f6ner &#8211; men jobbet best\u00e5r i att f\u00f6rst kolla sin mail, sedan fika, sedan kolla sin mail, sedan g\u00e5 till personalgympan, sedan l\u00e5nglunch, sedan ett m\u00f6te de ska sitta av och sedan eftermiddagskaffe innan det \u00e4r dags att slinka hem.<\/p>\n<p>Att det finns en v\u00e4lbetalda personer som lyfter alltf\u00f6r h\u00f6ga l\u00f6ner i f\u00f6rh\u00e5llande till arbetsinsatsen \u00e4r inget nytt. Och var kan de g\u00f6ra det? Ja, p\u00e5 st\u00e4llen som i statliga verk som det Aftonbladet ber\u00e4ttar om. P\u00e5 st\u00e4llen d\u00e4r de inte jobbar f\u00f6r f\u00f6retagets pengar utan f\u00f6r andras pengar. Det \u00e4r s\u00e5 typiskt och s\u00e5 tr\u00e5kigt. Men inte \u00e4r det n\u00e5gon nyhet precis.<\/p>\n<p><a href=\"http:\/\/www.aftonbladet.se\/nyheter\/article3438347.ab\">Aftonbladet<\/a>:<\/p>\n<blockquote><p>Det vimlar av generaldirekt\u00f6rer i regeringskansliet.<br \/>\nM\u00e5nga av dem f\u00e5r h\u00f6ga l\u00f6ner \u2013 utan att utf\u00f6ra n\u00e5got egentligt arbete.<br \/>\nDet skriver TV4Nyheterna.<br \/>\nI dagsl\u00e4get finns 15 generaldirekt\u00f6rer anst\u00e4llda vid regeringskansliet.<br \/>\nFlera av dem har m\u00e5nadsl\u00f6ner h\u00f6gre \u00e4n ministrarnas \u2013 men m\u00e5nga g\u00f6r i stort sett ingenting.<\/p><\/blockquote>\n<p>Andra bloggar om: <a href=\"http:\/\/bloggar.se\/om\/l%F6n\" rel=\"tag\">l\u00f6n<\/a>, <a href=\"http:\/\/bloggar.se\/om\/Aftonbladet\" rel=\"tag\">Aftonbladet<\/a>, <a href=\"http:\/\/bloggar.se\/om\/generaldirekt%F6r\" rel=\"tag\">generaldirekt\u00f6r<\/a><\/p>\n<p><a href='http:\/\/sodergren.com\/kulturbloggen\/wp-content\/uploads\/2008\/10\/slips260.jpg'><img loading=\"lazy\" decoding=\"async\" src=\"http:\/\/sodergren.com\/kulturbloggen\/wp-content\/uploads\/2008\/10\/slips260.jpg\" alt=\"\" title=\"slips260\" width=\"260\" height=\"150\" class=\"alignnone size-medium wp-image-2123\" \/><\/a><\/p>\n","protected":false},"excerpt":{"rendered":"<p>Massor av h\u00f6gt betalda chefer lyfte h\u00f6ga l\u00f6ner, men jobbar n\u00e4stan ingenting. En nyhet? Det ligger h\u00f6gt upp med rubrik med stora bokst\u00e4ver p\u00e5 Aftonbladets sajt just nu. Vilket de i sin tur har h\u00e4mtat fr\u00e5n TV4. Men, vad\u00e5? \u00c4r det n\u00e5got nytt? Jag har varit p\u00e5 arbetsplatser d\u00e4r chefer och en del andra lyfter [&hellip;]<\/p>\n","protected":false},"author":2,"featured_media":0,"comment_status":"open","ping_status":"open","sticky":false,"template":"","format":"standard","meta":{"_genesis_hide_title":false,"_genesis_hide_breadcrumbs":false,"_genesis_hide_singular_image":false,"_genesis_hide_footer_widgets":false,"_genesis_custom_body_class":"","_genesis_custom_post_class":"","_genesis_layout":"","footnotes":""},"categories":[20],"tags":[158,3415],"class_list":{"0":"post-2107","1":"post","2":"type-post","3":"status-publish","4":"format-standard","6":"category-film","7":"tag-aftonbladet","8":"tag-lon","9":"entry"},"_links":{"self":[{"href":"https:\/\/kulturbloggen.com\/index.php?rest_route=\/wp\/v2\/posts\/2107","targetHints":{"allow":["GET"]}}],"collection":[{"href":"https:\/\/kulturbloggen.com\/index.php?rest_route=\/wp\/v2\/posts"}],"about":[{"href":"https:\/\/kulturbloggen.com\/index.php?rest_route=\/wp\/v2\/types\/post"}],"author":[{"embeddable":true,"href":"https:\/\/kulturbloggen.com\/index.php?rest_route=\/wp\/v2\/users\/2"}],"replies":[{"embeddable":true,"href":"https:\/\/kulturbloggen.com\/index.php?rest_route=%2Fwp%2Fv2%2Fcomments&post=2107"}],"version-history":[{"count":0,"href":"https:\/\/kulturbloggen.com\/index.php?rest_route=\/wp\/v2\/posts\/2107\/revisions"}],"wp:attachment":[{"href":"https:\/\/kulturbloggen.com\/index.php?rest_route=%2Fwp%2Fv2%2Fmedia&parent=2107"}],"wp:term":[{"taxonomy":"category","embeddable":true,"href":"https:\/\/kulturbloggen.com\/index.php?rest_route=%2Fwp%2Fv2%2Fcategories&post=2107"},{"taxonomy":"post_tag","embeddable":true,"href":"https:\/\/kulturbloggen.com\/index.php?rest_route=%2Fwp%2Fv2%2Ftags&post=2107"}],"curies":[{"name":"wp","href":"https:\/\/api.w.org\/{rel}","templated":true}]}}