{"id":20990,"date":"2010-06-04T21:47:28","date_gmt":"2010-06-04T19:47:28","guid":{"rendered":"http:\/\/kulturbloggen.com\/?p=20990"},"modified":"2010-06-04T21:47:28","modified_gmt":"2010-06-04T19:47:28","slug":"stjarnsmall-premiaren-av-sommaren-parkteater-mycket-mer-an-en-revy","status":"publish","type":"post","link":"https:\/\/kulturbloggen.com\/?p=20990","title":{"rendered":"Stj\u00e4rnsm\u00e4ll &#8211; premi\u00e4ren av sommaren Parkteater mycket mer \u00e4n en revy"},"content":{"rendered":"<p><a href=\"http:\/\/kulturbloggen.com\/wp-content\/uploads\/2010\/06\/parkteatern_vitabergsparken.jpg\"><img loading=\"lazy\" decoding=\"async\" src=\"http:\/\/kulturbloggen.com\/wp-content\/uploads\/2010\/06\/parkteatern_vitabergsparken-300x225.jpg\" alt=\"\" title=\"parkteatern_vitabergsparken\" width=\"300\" height=\"225\" class=\"aligncenter size-medium wp-image-20992\" \/><\/a><br \/>\nStj\u00e4rnsm\u00e4ll &#8211; en utomjordisk revy \u00e4r titeln p\u00e5 premi\u00e4rf\u00f6rest\u00e4llningen av sommarens Parkteater i Stockholm 2010. Premi\u00e4ren fredag 4 juni h\u00f6lls i Vitabergsparken, f\u00f6r kv\u00e4llen ikl\u00e4dd gr\u00f6nska och massor av m\u00e4nniskor som nj\u00f6t av sommarv\u00e4rmen.<br \/>\nDet \u00e4r n\u00e5got speciellt med Parkteatern. Ungdomar med mats\u00e4ck som doftade kryddrikt och med en \u00f6l och en liten flaska vin satt strax bakom mig, en \u00e4ldre dam kom med rullator och bredvid mig satt en kvinna med tv\u00e5 ton\u00e5rstjejer. Publik av alla \u00e5ldrar tr\u00e4ngdes och kaffedoften kittlade n\u00e4san.<br \/>\nVill du sitta riktigt bra ska du komma i god tid, hade jag h\u00f6rt. Men trots att det var mycket folk tror jag \u00e4nd\u00e5 att alla kunde hitta n\u00e5gonstans att sitta d\u00e4r de s\u00e5g hyggligt.<\/p>\n<p>Jag ska vara \u00e4rlig: n\u00e4r jag h\u00f6r ordet revy ser jag inne i mig skalle r\u00e4tt m\u00e5nga ganska medelm\u00e5ttiga amat\u00f6rteaterrevyer som passerar revy. Det tror jag inte det kommer att g\u00f6ra i forts\u00e4ttningen. Den revy som Parkteatern bj\u00f6d p\u00e5 har nog med kraft tagit d\u00f6d p\u00e5 den myten.<br \/>\nRevy eller kanske \u00e4r det mer en musikteater.<\/p>\n<p>N\u00e5gra underh\u00e5llare av Cabaret-stuk b\u00f6rjar underh\u00e5lla oss med sliskiga sommars\u00e5nger men blir strax avbrutna av ett allvarligt besked. Stockholm har blivit anfallet av aliens. Men vi kan vara lugna: sex superhj\u00e4ltar ska r\u00e4dda oss.<\/p>\n<p>Vilka \u00e4r superhj\u00e4ltarna? Om jag s\u00e4ger att Ranelid \u00e4r en och Lisbeth Salander en annan f\u00f6rst\u00e5r ni hur skruvat det blir. Och om jag dessutom varnar f\u00f6r en viss underh\u00e5llningskanals jury som \u00e4r uts\u00e4nd av ondskefull planeter f\u00f6r att linda in oss i l\u00e4ttsam underh\u00e5llning och ta bort v\u00e5rt kritiska t\u00e4nkande &#8230;<br \/>\nJa ni f\u00f6rst\u00e5r. Det \u00e4r skruvat och det \u00e4r vansinnigt roligt.<\/p>\n<p>Allt blandat med sk\u00f6na k\u00e4nda l\u00e5tar som presenteras i nya kombinationer. Di Levas &#8221;Vem ska jag tro p\u00e5?&#8221; f\u00e5r nytt liv och jag kan dessutom lova att Ipredmannen kan vara riktigt rockig.<\/p>\n<p>F\u00f6rest\u00e4llningen fick st\u00e5ende ovationer av publiken och den person som var med mig och s\u00e5g f\u00f6rest\u00e4llningen siktar p\u00e5 att g\u00e5 till Vitabergsparken igen p\u00e5 l\u00f6rdag kv\u00e4ll. F\u00f6rest\u00e4llningen &#8221;Stj\u00e4rnsm\u00e4ll&#8221; spelar b\u00e5de l\u00f6rdag och s\u00f6ndag i Vitabergsparken och sedan turnerar den vidare, bland annat till Kista tisdag 8 juni och Solursparken torsdag 10 juni.<\/p>\n<p>Har du chansen, se f\u00f6rest\u00e4llningen och r\u00e4kna med b\u00e5de mycket att skratta \u00e5t och en hel del att fundera vidare kring och flera skruvade v\u00e4ndningar och \u00f6verraskningar, precis som bra revyer\/musikteater ska vara.<\/p>\n<p>Och \u00e4ven om den \u00e4r rolig och ett rent n\u00f6je att se har den n\u00e5got att s\u00e4ga om kultur och kulturpolitik.<\/p>\n<p>Parkteaterns f\u00f6rest\u00e4llningar \u00e4r alltid gratis, men f\u00f6r att ha en bra plats ska man komma i god tid. Men \u00e5tminstone i Vitabergsparken \u00e4r de flesta platser helt godk\u00e4nda.<\/p>\n<p><a href=\"http:\/\/www.stadsteatern.stockholm.se\/parkteatern\/m\/stadst_sommar_low.pdf\">Parkteaterns hela program hittar du h\u00e4r.<\/a><\/p>\n<p>Rikard Bergqvist har skrivit texterna och regisserat. De senaste \u00e5ren har han framf\u00f6rallt varit verksam vid G\u00f6teborgsoperan med f\u00f6rest\u00e4llningar som Stoppa v\u00e4rlden, Rocky Horror Show och My Fair Lady.<br \/>\n\u2013 Det \u00e4r en helt ny upplevelse f\u00f6r mig att komma till Parkteatern och g\u00f6ra utomhusteater. Vi har enfantastisk ensemble med bakgrund fr\u00e5n musikteater, fria teatergrupper och popband. Det kommer att bli riktigt sk\u00f6n underh\u00e5llning,s\u00e4ger han i ett pressmeddelande.<\/p>\n<p>I rollerna:<br \/>\nBlack Dwarf: Th\u00e9r\u00e8se Andersson<br \/>\nSlomo Woman: Lina Englund<br \/>\nK\u00f6rflicka: Camilla Fred\u00e9n<br \/>\nPain Killer: Peter Gardiner<br \/>\nK\u00f6rflicka: Maria Hyd\u00e9n<br \/>\nBible Bitch: Sara Jangfeldt<br \/>\nMetaphor Man: Rolf Lydahl<br \/>\nThe King: Mathias Olsson<\/p>\n<p><a href=\"http:\/\/kulturbloggen.com\/wp-content\/uploads\/2010\/06\/parkteatern.jpg\"><img loading=\"lazy\" decoding=\"async\" src=\"http:\/\/kulturbloggen.com\/wp-content\/uploads\/2010\/06\/parkteatern-200x300.jpg\" alt=\"\" title=\"parkteatern\" width=\"200\" height=\"300\" class=\"alignright size-medium wp-image-20994\" \/><\/a><\/p>\n<p>Fotograf till bilden h\u00e4r nedan: Petra Hellberg<br \/>\nBildtext: <em>Sara Jangfeldt och Niklas Riesbeck i Stj\u00e4rnsm\u00e4ll &#8211; En utomjordisk revy! Urpemi\u00e4r p\u00e5 Parkteatern 4 juni i Vitabergsparken.<\/em><\/p>\n<p>Relaterat:<br \/>\n<a href=\"http:\/\/www.mynewsdesk.com\/se\/view\/pressrelease\/droemsommar-paa-parkteatern-411570\">Pressmeddelande om Parkteatern i sommar.<\/a><br \/>\n<a href=\"http:\/\/lidingostadsbibliotek.blogspot.com\/2010\/05\/parkteatern.html\">Biblioteksbella har bloggat inf\u00f6r premi\u00e4ren av sommaren Parkteater<\/a>.<\/p>\n<p>L\u00e4s \u00e4ven andra bloggares \u00e5sikter om <a href=\"http:\/\/bloggar.se\/om\/teater\" rel=\"tag\">teater<\/a>, <a href=\"http:\/\/bloggar.se\/om\/Stockholm\" rel=\"tag\">Stockholm<\/a>, <a href=\"http:\/\/bloggar.se\/om\/kulturpolitik\" rel=\"tag\">kulturpolitik<\/a>, <a href=\"http:\/\/bloggar.se\/om\/n%F6je\" rel=\"tag\">n\u00f6je<\/a>, <a href=\"http:\/\/bloggar.se\/om\/musikteater\" rel=\"tag\">musikteater<\/a><\/p>\n","protected":false},"excerpt":{"rendered":"<p>Stj\u00e4rnsm\u00e4ll &#8211; en utomjordisk revy \u00e4r titeln p\u00e5 premi\u00e4rf\u00f6rest\u00e4llningen av sommarens Parkteater i Stockholm 2010. Premi\u00e4ren fredag 4 juni h\u00f6lls i Vitabergsparken, f\u00f6r kv\u00e4llen ikl\u00e4dd gr\u00f6nska och massor av m\u00e4nniskor som nj\u00f6t av sommarv\u00e4rmen. Det \u00e4r n\u00e5got speciellt med Parkteatern. Ungdomar med mats\u00e4ck som doftade kryddrikt och med en \u00f6l och en liten flaska vin [&hellip;]<\/p>\n","protected":false},"author":2,"featured_media":0,"comment_status":"open","ping_status":"open","sticky":false,"template":"","format":"standard","meta":{"_genesis_hide_title":false,"_genesis_hide_breadcrumbs":false,"_genesis_hide_singular_image":false,"_genesis_hide_footer_widgets":false,"_genesis_custom_body_class":"","_genesis_custom_post_class":"","_genesis_layout":"","footnotes":""},"categories":[16,20,30,31],"tags":[5400,12288],"class_list":{"0":"post-20990","1":"post","2":"type-post","3":"status-publish","4":"format-standard","6":"category-recension","7":"category-film","8":"category-teater","9":"category-teaterrecension","10":"tag-stockholm","11":"tag-teater","12":"entry"},"_links":{"self":[{"href":"https:\/\/kulturbloggen.com\/index.php?rest_route=\/wp\/v2\/posts\/20990","targetHints":{"allow":["GET"]}}],"collection":[{"href":"https:\/\/kulturbloggen.com\/index.php?rest_route=\/wp\/v2\/posts"}],"about":[{"href":"https:\/\/kulturbloggen.com\/index.php?rest_route=\/wp\/v2\/types\/post"}],"author":[{"embeddable":true,"href":"https:\/\/kulturbloggen.com\/index.php?rest_route=\/wp\/v2\/users\/2"}],"replies":[{"embeddable":true,"href":"https:\/\/kulturbloggen.com\/index.php?rest_route=%2Fwp%2Fv2%2Fcomments&post=20990"}],"version-history":[{"count":0,"href":"https:\/\/kulturbloggen.com\/index.php?rest_route=\/wp\/v2\/posts\/20990\/revisions"}],"wp:attachment":[{"href":"https:\/\/kulturbloggen.com\/index.php?rest_route=%2Fwp%2Fv2%2Fmedia&parent=20990"}],"wp:term":[{"taxonomy":"category","embeddable":true,"href":"https:\/\/kulturbloggen.com\/index.php?rest_route=%2Fwp%2Fv2%2Fcategories&post=20990"},{"taxonomy":"post_tag","embeddable":true,"href":"https:\/\/kulturbloggen.com\/index.php?rest_route=%2Fwp%2Fv2%2Ftags&post=20990"}],"curies":[{"name":"wp","href":"https:\/\/api.w.org\/{rel}","templated":true}]}}