{"id":2099,"date":"2008-10-01T16:52:42","date_gmt":"2008-10-01T16:52:42","guid":{"rendered":"http:\/\/kulturbloggen.com\/?p=2099"},"modified":"2008-10-01T16:52:42","modified_gmt":"2008-10-01T16:52:42","slug":"svensk-pojke-pa-youtube-alla-ska-do-ingen-nad","status":"publish","type":"post","link":"https:\/\/kulturbloggen.com\/?p=2099","title":{"rendered":"Svensk pojke p\u00e5 YouTube:  &quot;Alla ska d\u00f6, ingen n\u00e5d&quot;"},"content":{"rendered":"<p><a href='http:\/\/sodergren.com\/kulturbloggen\/wp-content\/uploads\/2008\/10\/skolskjutning125.jpg'><img loading=\"lazy\" decoding=\"async\" src=\"http:\/\/sodergren.com\/kulturbloggen\/wp-content\/uploads\/2008\/10\/skolskjutning125.jpg\" alt=\"\" title=\"skolskjutning125\" width=\"125\" height=\"250\" class=\"alignright size-full wp-image-2100\" \/><\/a>En svensk 15-\u00e5rig pojke hyllade skolskjutningen i Kauhajoki. P\u00e5 YouTube ska han ha sagt: \u201d&#8221;Alla ska d\u00f6, ingen n\u00e5d&#8221;\u201d.<\/p>\n<p>P\u00e5 en diskussion p\u00e5 YouTube ska den 15-\u00e5rige killan ha  hyllat den finske massm\u00f6rdaren Matti Saari. Han skrev att han beundrade Matti Saari och att han ville g\u00f6ra likadant.<\/p>\n<p>N\u00e5gra n\u00e4tsurfare i USA slog larm och amerikansk polis kontaktade svensk polis.<br \/>\nPojken greps och f\u00f6rh\u00f6rdes men \u00e4r sl\u00e4ppt. Enligt den svenske polisen var det bara ett idiotiskt pojkstreck.<\/p>\n<p>Det h\u00e4r \u00e4r s\u00e5 l\u00e4skigt och kluvet. I de flesta fall n\u00e4r ungdomar g\u00f6r den jargongen \u00e4r det bara dum jargong. Men med vetskap om vad som skett vid flera tillf\u00e4llen blir det s\u00e4kert fler s\u00e5dana h\u00e4r reaktioner.<\/p>\n<p><a href=\"http:\/\/sydsvenskan.se\/malmo\/article374259\/Malmoskola-utrymd-efter-skotthot.html\">I Malm\u00f6 st\u00e4ngdes<\/a> en skola i ett par timmar och fick utrymmas efter ett annat skotthot.<\/p>\n<p>Relaterat:<br \/>\n<a href=\"http:\/\/www.dn.se\/DNet\/jsp\/polopoly.jsp?d=147&#038;a=834830\">Dagens Nyheter<\/a><br \/>\n<a href=\"http:\/\/www.svd.se\/nyheter\/inrikes\/artikel_1813727.svd\">Svenska Dagbladet<\/a><\/p>\n<p>Andra bloggar om: <a href=\"http:\/\/bloggar.se\/om\/Matti+Saari\" rel=\"tag\">Matti Saari<\/a>, <a href=\"http:\/\/bloggar.se\/om\/Matti+Saari\" rel=\"tag\">Matti Saari<\/a>, <a href=\"http:\/\/bloggar.se\/om\/Finland\" rel=\"tag\">Finland<\/a>, <a href=\"http:\/\/bloggar.se\/om\/Youtube\" rel=\"tag\">Youtube<\/a>, <a href=\"http:\/\/bloggar.se\/om\/%D6rebro\" rel=\"tag\">\u00d6rebro<\/a>, <a href=\"http:\/\/bloggar.se\/om\/skolskjutning\" rel=\"tag\">skolskjutning<\/a>, <a href=\"http:\/\/bloggar.se\/om\/brott\" rel=\"tag\">brott<\/a>, <a href=\"http:\/\/bloggar.se\/om\/kriminalitet\" rel=\"tag\">kriminalitet<\/a>, <a href=\"http:\/\/bloggar.se\/om\/ungdomar\" rel=\"tag\">ungdomar<\/a><\/p>\n","protected":false},"excerpt":{"rendered":"<p>En svensk 15-\u00e5rig pojke hyllade skolskjutningen i Kauhajoki. P\u00e5 YouTube ska han ha sagt: \u201d&#8221;Alla ska d\u00f6, ingen n\u00e5d&#8221;\u201d. P\u00e5 en diskussion p\u00e5 YouTube ska den 15-\u00e5rige killan ha hyllat den finske massm\u00f6rdaren Matti Saari. Han skrev att han beundrade Matti Saari och att han ville g\u00f6ra likadant. N\u00e5gra n\u00e4tsurfare i USA slog larm och [&hellip;]<\/p>\n","protected":false},"author":2,"featured_media":0,"comment_status":"open","ping_status":"open","sticky":false,"template":"","format":"standard","meta":{"_genesis_hide_title":false,"_genesis_hide_breadcrumbs":false,"_genesis_hide_singular_image":false,"_genesis_hide_footer_widgets":false,"_genesis_custom_body_class":"","_genesis_custom_post_class":"","_genesis_layout":"","footnotes":""},"categories":[20],"tags":[861,5136],"class_list":{"0":"post-2099","1":"post","2":"type-post","3":"status-publish","4":"format-standard","6":"category-film","7":"tag-brott","8":"tag-skola","9":"entry"},"_links":{"self":[{"href":"https:\/\/kulturbloggen.com\/index.php?rest_route=\/wp\/v2\/posts\/2099","targetHints":{"allow":["GET"]}}],"collection":[{"href":"https:\/\/kulturbloggen.com\/index.php?rest_route=\/wp\/v2\/posts"}],"about":[{"href":"https:\/\/kulturbloggen.com\/index.php?rest_route=\/wp\/v2\/types\/post"}],"author":[{"embeddable":true,"href":"https:\/\/kulturbloggen.com\/index.php?rest_route=\/wp\/v2\/users\/2"}],"replies":[{"embeddable":true,"href":"https:\/\/kulturbloggen.com\/index.php?rest_route=%2Fwp%2Fv2%2Fcomments&post=2099"}],"version-history":[{"count":0,"href":"https:\/\/kulturbloggen.com\/index.php?rest_route=\/wp\/v2\/posts\/2099\/revisions"}],"wp:attachment":[{"href":"https:\/\/kulturbloggen.com\/index.php?rest_route=%2Fwp%2Fv2%2Fmedia&parent=2099"}],"wp:term":[{"taxonomy":"category","embeddable":true,"href":"https:\/\/kulturbloggen.com\/index.php?rest_route=%2Fwp%2Fv2%2Fcategories&post=2099"},{"taxonomy":"post_tag","embeddable":true,"href":"https:\/\/kulturbloggen.com\/index.php?rest_route=%2Fwp%2Fv2%2Ftags&post=2099"}],"curies":[{"name":"wp","href":"https:\/\/api.w.org\/{rel}","templated":true}]}}