{"id":2089,"date":"2008-10-01T12:53:28","date_gmt":"2008-10-01T12:53:28","guid":{"rendered":"http:\/\/kulturbloggen.com\/?p=2089"},"modified":"2008-10-01T12:53:28","modified_gmt":"2008-10-01T12:53:28","slug":"for-ett-ogonblick-trodde-jag-att-wanted-bloggaren-tagits-pa-arlanda","status":"publish","type":"post","link":"https:\/\/kulturbloggen.com\/?p=2089","title":{"rendered":"F\u00f6r ett \u00f6gonblick trodde jag att Wanted-bloggaren tagits p\u00e5 Arlanda"},"content":{"rendered":"<p><a href='http:\/\/sodergren.com\/kulturbloggen\/wp-content\/uploads\/2008\/10\/wantedbloggaren.jpg'><img loading=\"lazy\" decoding=\"async\" src=\"http:\/\/sodergren.com\/kulturbloggen\/wp-content\/uploads\/2008\/10\/wantedbloggaren.jpg\" alt=\"\" title=\"wantedbloggaren\" width=\"260\" height=\"150\" class=\"alignnone size-medium wp-image-2088\" \/><\/a><\/p>\n<p>F\u00f6r ett tag sedan <a href=\"http:\/\/kulturbloggen.com\/?p=1801\">email-intervjuade<\/a> jag en man som uppger sig leva p\u00e5 flykt undan svenska myndigheter och kriminella g\u00e4ng.<\/p>\n<p><a href=\"http:\/\/wanted.bloggsite.se\/\">Han har en blogg<\/a>.<\/p>\n<p><a href=\"http:\/\/www.svd.se\/nyheter\/inrikes\/artikel_1812295.svd\">Idag l\u00e4ste jag i SVD<\/a>:<\/p>\n<blockquote><p>Den tidigare kass\u00f6ren i Centerns ungdomsf\u00f6rbund, CUF, som misst\u00e4nks ha f\u00f6rskingrat en kvarts miljon kronor fr\u00e5n ungdomsf\u00f6rbundet greps p\u00e5 Arlanda tidigt i morse. Mannen har deporterats fr\u00e5n Filippinerna och i eftermiddag kommer han att h\u00f6ras av \u00e5klagaren. H\u00e4ktningsf\u00f6rhandling h\u00e5lls i morgon.<\/p><\/blockquote>\n<p>F\u00f6r ett \u00f6gonblick t\u00e4nkte jag det kunde vara mitt intervju-objekt. Men det var det nog inte, f\u00f6r Wanted-bloggen har uppdaterats idag ocks\u00e5.<\/p>\n<p>F\u00f6r \u00f6vrigt f\u00e5r folk s\u00e4ga vad de vill: men i mina \u00f6gon \u00e4r Scientologerna lika illa som Hare Krishna, det \u00e4r sekter som totalt tar bort livsgnistan ur m\u00e4nniskors \u00f6gon och g\u00f6r dem till boskap. Och hur stor religionsfrihet vi \u00e4n har borde inte kommunal medel eller statliga medel ge ett enda \u00f6re till n\u00e5gon av dessa m\u00e4nnisko-f\u00f6rst\u00f6rande sekter.<br \/>\n<a href=\"http:\/\/www.aftonbladet.se\/nyheter\/article3433879.ab\"><br \/>\nAftonbladet<\/a>:<\/p>\n<blockquote><p>Svenska kommuner ger skattepengar till den h\u00e5rt kritiserade Scientologir\u00f6relsen som bland annat har Tom Cruise och John Travolta p\u00e5 medlemslistan.<\/p>\n<p>Det avsl\u00f6jas i kv\u00e4llens avsnitt av Uppdrag Granskning i SVT.<\/p>\n<p>Sammanlagt har \u00f6ver tio miljoner kronor g\u00e5tt in i r\u00f6relsen.<\/p><\/blockquote>\n<p>Andra bloggar om skattepengarna till scientologerna:<br \/>\n<a href=\"http:\/\/vetbast.blogspot.com\/2008\/10\/skatt-r-stld.html\">Skatt \u00e4r st\u00f6ld?<\/a><br \/>\n<a href=\"http:\/\/mksblogg.wordpress.com\/2008\/10\/01\/vi-vet-ingenting\">Vi vet ingenting<\/a><br \/>\n<a href=\"http:\/\/www.grandmasterpeder.se\/skattepengar-till-scientologer_95.html\">Grandmaster Peder<\/a><br \/>\n<a href=\"http:\/\/www.dumheterna.com\/2008\/10\/01\/skattepengar-till-scientologi\">Dumheterna<\/a><\/p>\n<p>Relaterat:<br \/>\n<a href=\"http:\/\/www.svd.se\/nyheter\/inrikes\/artikel_1812127.svd\">Svenska Dagbladet<\/a><br \/>\n<a href=\"http:\/\/svt.se\/granskning\">Uppdrag Granskning<\/a><\/p>\n<p>Andra bloggar om: <a href=\"http:\/\/bloggar.se\/om\/brott\" rel=\"tag\">brott<\/a>, <a href=\"http:\/\/bloggar.se\/om\/wanted\" rel=\"tag\">wanted<\/a>, <a href=\"http:\/\/bloggar.se\/om\/sekter\" rel=\"tag\">sekter<\/a>, <a href=\"http:\/\/bloggar.se\/om\/religion\" rel=\"tag\">religion<\/a>, <a href=\"http:\/\/bloggar.se\/om\/Hare+Krishna\" rel=\"tag\">Hare Krishna<\/a>, <a href=\"http:\/\/bloggar.se\/om\/Scientologerna\" rel=\"tag\">Scientologerna<\/a>, <a href=\"http:\/\/bloggar.se\/om\/skatter\" rel=\"tag\">skatter<\/a><\/p>\n<p><a href='http:\/\/sodergren.com\/kulturbloggen\/wp-content\/uploads\/2008\/10\/bangkokpost125.jpg'><img loading=\"lazy\" decoding=\"async\" src=\"http:\/\/sodergren.com\/kulturbloggen\/wp-content\/uploads\/2008\/10\/bangkokpost125.jpg\" alt=\"\" title=\"bangkokpost125\" width=\"125\" height=\"250\" class=\"alignnone size-medium wp-image-2090\" \/><\/a><\/p>\n","protected":false},"excerpt":{"rendered":"<p>F\u00f6r ett tag sedan email-intervjuade jag en man som uppger sig leva p\u00e5 flykt undan svenska myndigheter och kriminella g\u00e4ng. Han har en blogg. Idag l\u00e4ste jag i SVD: Den tidigare kass\u00f6ren i Centerns ungdomsf\u00f6rbund, CUF, som misst\u00e4nks ha f\u00f6rskingrat en kvarts miljon kronor fr\u00e5n ungdomsf\u00f6rbundet greps p\u00e5 Arlanda tidigt i morse. Mannen har deporterats [&hellip;]<\/p>\n","protected":false},"author":2,"featured_media":0,"comment_status":"open","ping_status":"open","sticky":false,"template":"","format":"standard","meta":{"_genesis_hide_title":false,"_genesis_hide_breadcrumbs":false,"_genesis_hide_singular_image":false,"_genesis_hide_footer_widgets":false,"_genesis_custom_body_class":"","_genesis_custom_post_class":"","_genesis_layout":"","footnotes":""},"categories":[20],"tags":[861,4710,4991],"class_list":{"0":"post-2089","1":"post","2":"type-post","3":"status-publish","4":"format-standard","6":"category-film","7":"tag-brott","8":"tag-religion","9":"tag-sekter","10":"entry"},"_links":{"self":[{"href":"https:\/\/kulturbloggen.com\/index.php?rest_route=\/wp\/v2\/posts\/2089","targetHints":{"allow":["GET"]}}],"collection":[{"href":"https:\/\/kulturbloggen.com\/index.php?rest_route=\/wp\/v2\/posts"}],"about":[{"href":"https:\/\/kulturbloggen.com\/index.php?rest_route=\/wp\/v2\/types\/post"}],"author":[{"embeddable":true,"href":"https:\/\/kulturbloggen.com\/index.php?rest_route=\/wp\/v2\/users\/2"}],"replies":[{"embeddable":true,"href":"https:\/\/kulturbloggen.com\/index.php?rest_route=%2Fwp%2Fv2%2Fcomments&post=2089"}],"version-history":[{"count":0,"href":"https:\/\/kulturbloggen.com\/index.php?rest_route=\/wp\/v2\/posts\/2089\/revisions"}],"wp:attachment":[{"href":"https:\/\/kulturbloggen.com\/index.php?rest_route=%2Fwp%2Fv2%2Fmedia&parent=2089"}],"wp:term":[{"taxonomy":"category","embeddable":true,"href":"https:\/\/kulturbloggen.com\/index.php?rest_route=%2Fwp%2Fv2%2Fcategories&post=2089"},{"taxonomy":"post_tag","embeddable":true,"href":"https:\/\/kulturbloggen.com\/index.php?rest_route=%2Fwp%2Fv2%2Ftags&post=2089"}],"curies":[{"name":"wp","href":"https:\/\/api.w.org\/{rel}","templated":true}]}}