{"id":20877,"date":"2010-05-31T09:30:33","date_gmt":"2010-05-31T07:30:33","guid":{"rendered":"http:\/\/kulturbloggen.com\/?p=20877"},"modified":"2010-05-31T09:30:33","modified_gmt":"2010-05-31T07:30:33","slug":"fogelstroms-mina-drommars-stad-satts-upp-pa-stockholms-teater","status":"publish","type":"post","link":"https:\/\/kulturbloggen.com\/?p=20877","title":{"rendered":"Fogelstr\u00f6ms Mina dr\u00f6mmars stad s\u00e4tts upp p\u00e5 Stockholms-teater"},"content":{"rendered":"<p><a href=\"http:\/\/kulturbloggen.com\/wp-content\/uploads\/2010\/05\/minadrommarsstad_fogelstrom.jpg\"><img loading=\"lazy\" decoding=\"async\" src=\"http:\/\/kulturbloggen.com\/wp-content\/uploads\/2010\/05\/minadrommarsstad_fogelstrom-300x212.jpg\" alt=\"\" title=\"minadrommarsstad_fogelstrom\" width=\"300\" height=\"212\" class=\"aligncenter size-medium wp-image-20878\" \/><\/a><br \/>\nKent Ekberg \u00e4r en mycket intressant regiss\u00f6r, tycker jag. Nu s\u00e4tter han upp Fogelstr\u00f6ms klassiska Stockholmsskildring &#8221;Mina dr\u00f6mmars st\u00f6d&#8221;.<\/p>\n<p>H\u00e4r, information fr\u00e5n ett press\/bloggutskick:<\/p>\n<p>Teater Reflex kommer under h\u00f6sten 2010 att s\u00e4tta upp Per Anders Fogelstr\u00f6ms klassiska Stockholmsskildring \u201dMina dr\u00f6mmars stad\u201d p\u00e5 Reflexen i K\u00e4rrtorp. I \u00e5r \u00e4r det exakt 50 \u00e5r sedan boken gavs ut och vi uppm\u00e4rksammar denna st\u00e4ndigt aktuella ber\u00e4ttelse genom en annorlunda teaterf\u00f6rest\u00e4llning d\u00e4r kvinnorna st\u00e5r i fokus. Det blir en rolig, k\u00e4rleksfull, politisk och allvarlig dramatisering med massor av musik och stor ensemble.<\/p>\n<p>F\u00f6r regin svarar Kent Ekberg som satt upp m\u00e5nga bejublade f\u00f6rest\u00e4llningar med Enskedespelet och S\u00f6dra Fot, bl.a. Fogelstr\u00f6ms Stockholmsskildringar \u201dV\u00e4varnas Barn\u201d och \u201dStad i v\u00e4rlden\u201d. Musiken i f\u00f6rest\u00e4llningen \u00e4r skriven av Mats N\u00f6rklit.<\/p>\n<p>Initiativtagare till Teater Reflex \u00e4r de b\u00e5da kultur- och teaterf\u00f6reningarna Enskedespelet och S\u00f6dra Fot. \u201dMina dr\u00f6mmars stad\u201d kommer att spelas med 20 f\u00f6rest\u00e4llningar under perioden 6 november \u2013 11 december 2010 p\u00e5 Reflexen i K\u00e4rrtorp.<\/p>\n<p><a href=\"http:\/\/www.teaterreflex.se\/\">H\u00e4r \u00e4r Teater Reflex hemsida.<\/a><\/p>\n","protected":false},"excerpt":{"rendered":"<p>Kent Ekberg \u00e4r en mycket intressant regiss\u00f6r, tycker jag. Nu s\u00e4tter han upp Fogelstr\u00f6ms klassiska Stockholmsskildring &#8221;Mina dr\u00f6mmars st\u00f6d&#8221;. H\u00e4r, information fr\u00e5n ett press\/bloggutskick: Teater Reflex kommer under h\u00f6sten 2010 att s\u00e4tta upp Per Anders Fogelstr\u00f6ms klassiska Stockholmsskildring \u201dMina dr\u00f6mmars stad\u201d p\u00e5 Reflexen i K\u00e4rrtorp. I \u00e5r \u00e4r det exakt 50 \u00e5r sedan boken gavs [&hellip;]<\/p>\n","protected":false},"author":13,"featured_media":0,"comment_status":"open","ping_status":"open","sticky":false,"template":"","format":"standard","meta":{"_genesis_hide_title":false,"_genesis_hide_breadcrumbs":false,"_genesis_hide_singular_image":false,"_genesis_hide_footer_widgets":false,"_genesis_custom_body_class":"","_genesis_custom_post_class":"","_genesis_layout":"","footnotes":""},"categories":[20,30],"tags":[5400,12288],"class_list":{"0":"post-20877","1":"post","2":"type-post","3":"status-publish","4":"format-standard","6":"category-film","7":"category-teater","8":"tag-stockholm","9":"tag-teater","10":"entry"},"_links":{"self":[{"href":"https:\/\/kulturbloggen.com\/index.php?rest_route=\/wp\/v2\/posts\/20877","targetHints":{"allow":["GET"]}}],"collection":[{"href":"https:\/\/kulturbloggen.com\/index.php?rest_route=\/wp\/v2\/posts"}],"about":[{"href":"https:\/\/kulturbloggen.com\/index.php?rest_route=\/wp\/v2\/types\/post"}],"author":[{"embeddable":true,"href":"https:\/\/kulturbloggen.com\/index.php?rest_route=\/wp\/v2\/users\/13"}],"replies":[{"embeddable":true,"href":"https:\/\/kulturbloggen.com\/index.php?rest_route=%2Fwp%2Fv2%2Fcomments&post=20877"}],"version-history":[{"count":0,"href":"https:\/\/kulturbloggen.com\/index.php?rest_route=\/wp\/v2\/posts\/20877\/revisions"}],"wp:attachment":[{"href":"https:\/\/kulturbloggen.com\/index.php?rest_route=%2Fwp%2Fv2%2Fmedia&parent=20877"}],"wp:term":[{"taxonomy":"category","embeddable":true,"href":"https:\/\/kulturbloggen.com\/index.php?rest_route=%2Fwp%2Fv2%2Fcategories&post=20877"},{"taxonomy":"post_tag","embeddable":true,"href":"https:\/\/kulturbloggen.com\/index.php?rest_route=%2Fwp%2Fv2%2Ftags&post=20877"}],"curies":[{"name":"wp","href":"https:\/\/api.w.org\/{rel}","templated":true}]}}