{"id":208447,"date":"2026-09-06T07:55:33","date_gmt":"2026-09-06T06:55:33","guid":{"rendered":"https:\/\/kulturbloggen.com\/?p=208447"},"modified":"2026-09-06T07:59:27","modified_gmt":"2026-09-06T06:59:27","slug":"teaterkritik-fejk-imponerande","status":"publish","type":"post","link":"https:\/\/kulturbloggen.com\/?p=208447","title":{"rendered":"Teaterkritik: Fejk &#8211; imponerande"},"content":{"rendered":"<p><img decoding=\"async\" class=\"aligncenter size-full wp-image-186912\" src=\"https:\/\/kulturbloggen.com\/wp-content\/uploads\/2026\/09\/fejk.jpg\" alt=\"Teaterkritik Fejk p\u00e5 Dramaten\" width=\"500\" \/><\/p>\n<p><strong>Fejk<\/strong><br \/>\nAv och regi Yael Ronen<br \/>\nScenografi Wolfgang Menardi<br \/>\nVideo Stefano Di Buduo<br \/>\nMusik Yaniv Friedel, Ofer Shabi<br \/>\nKostym Amit Epstein<br \/>\nLjus Patrik Angestav<br \/>\nI rollerna Mustafa Al-Mashhadani, Bj\u00f6rn Elgerd, Electra Hallman, Bianca Kronl\u00f6f, Lindy Larsson och Ia Langhammer<br \/>\nPremi\u00e4r p\u00e5 Dramatens stora scen 5 september 2026<\/p>\n<p>En fundering och liten betraktelse \u00f6ver falsk och \u00e4kthet, om l\u00f6gn och sanning &#8211; och olika slags f\u00f6rvr\u00e4ngningar av sanningen, presenterat p\u00e5 ett roande s\u00e4tt i en komedi med en fantastisk koreografi. Vi f\u00e5r se olika niv\u00e5er av f\u00f6rvr\u00e4ngd sanning som spelas upp som ofta lockar till skratt (det \u00e4r \u00e4nd\u00e5 en form av komedi) och s\u00e4tter fart p\u00e5 m\u00e5nga tankar. N\u00e4r publiken g\u00e5r hem efter\u00e5t har den mycket att prata om. Premi\u00e4ren fick ocks\u00e5 v\u00e4lf\u00f6rtj\u00e4nt st\u00e5ende ovationer. Men det finns f\u00f6rst\u00e5s mycket mer att tr\u00e4nga in n\u00e4r det handlar om l\u00f6gn och sanning &#8211; men det l\u00e4mnas \u00e5t sidan och p\u00e5 det s\u00e4ttet \u00e4r Fejk en r\u00e4tt ytlig och f\u00f6ruts\u00e4gbar historia, men absolut v\u00e4lgjord och v\u00e4rd att se.<\/p>\n<p>N\u00e4r vi s\u00e4tter oss i en salong p\u00e5 en teater s\u00e5 vet vi att sk\u00e5despelarna inte gestaltar sig sj\u00e4lva. Vi vet att det \u00e4r p\u00e5hittad ber\u00e4ttelse som ska spelas upp och n\u00e4r vi g\u00e5r hem efter f\u00f6rest\u00e4llningen kan vi prata om det vi sett, fundera p\u00e5 det och vara helt p\u00e5 det klara med att sk\u00e5despelarna nu tagit av sig sina roller och lever sina liv som sig sj\u00e4lva. Fast sig sj\u00e4lva \u00e4r ett begrepp som inte \u00e4r helt l\u00e4tt att greppa. Det \u00e4r vad teater och litteratur och film genom historien ofta skildrat: v\u00e5ra livsl\u00f6gner, hur m\u00e4nniskor ibland lurar sig sj\u00e4lva och inte alltf\u00f6r s\u00e4llan h\u00e5ller upp en inte helt sann bild av vem de sj\u00e4lva \u00e4r inf\u00f6r omgivningen.<\/p>\n<p>F\u00f6rest\u00e4llningen b\u00f6rjar med att de sex sk\u00e5despelarna \u00e4r sig sj\u00e4lva och g\u00f6r en genomg\u00e5ng av hur salongen i Dramatens stora scen \u00e4r tydligt indelad efter klass-samh\u00e4llet: ju h\u00f6gre inkomst och f\u00f6rm\u00f6genhet desto l\u00e4nge n\u00e4rmare scenen sitter personen och desto l\u00e4ngre livsl\u00e4ngd. Att Sverige fortfarande har ett utvecklat klass-samh\u00e4lle d\u00e4r vissa grupper sitter med betydligt mer makt \u00e4n andra grupper \u00e4r ett faktum som inte tas upp s\u00e4rskilt ofta varken p\u00e5 scen eller i politiken och fr\u00e5gan lyser med sin fr\u00e5nvaro nu mitt i valr\u00f6relsen. Men det \u00e4r inte n\u00e5gon fr\u00e5ga som f\u00f6rest\u00e4llningen i \u00f6vrigt petar i. <\/p>\n<p>Vi f\u00e5r se n\u00e5gra karakt\u00e4rer som p\u00e5 olika s\u00e4tt lurar sig sj\u00e4lva och\/eller omgivningen: En feministisk poddare som gjort sig ett namn genom att skildra hur j\u00e4mst\u00e4llt hennes liv med sin man \u00e4r, men bakom kulisserna h\u00e5ller \u00e4ktenskapet p\u00e5 att rasa samman. Lindy Larsson gestaltar en popstj\u00e4rna som inte kan acceptera att han \u00e5ldrats. Mer och mer desperat klamrar han sig fast vid sin bild av sig sj\u00e4lv som ungdom och f\u00f6rs\u00f6ker h\u00e5lla fast vid sin yngre pojkv\u00e4n som i sin tur inte tycker sig ha hittat sig sj\u00e4lv och d\u00e4rf\u00f6r s\u00f6ker sig till en guru inom personlig utveckling. En sj\u00e4lvhj\u00e4lps-guru som predikar f\u00f6r fullsatta hus om att alla, var och en, kan styra sitt liv som hen\/han\/hon vill. Givetvis \u00e4r inte denna sj\u00e4lvhj\u00e4lps-gurus liv s\u00e5 perfekt som den bild hon spelar upp f\u00f6r omgivningen. <\/p>\n<p>Det finns m\u00e5nga som lurar sig sj\u00e4lva och f\u00f6rs\u00f6ker m\u00e5la upp en falsk bild av sig sj\u00e4lva f\u00f6r omgivningen. Det \u00e4r l\u00e5ngt ifr\u00e5n n\u00e5gon ovanligt i m\u00e4nsklighetens historia, m\u00e5nga teaterpj\u00e4ser handlar just om det varav Tjechovs draman \u00e4r n\u00e5gra exempel. Skvallerpressen i Sverige och i m\u00e5nga andra l\u00e4nder har i decennier skildrat m\u00e4nniskor som \u00e4r k\u00e4nda och som ska vara v\u00e4rda v\u00e5r beundran f\u00f6r att de \u00e4r s\u00e5 duktiga och fina. Den fulare baksidan visas s\u00e4llan upp. Nu f\u00f6rst\u00e4rks dessa f\u00f6rfinade, f\u00f6rvr\u00e4ngda och \u00f6verdrivet super-lyckade versioner av personer upp genom sociala medier, genom influensers och p\u00e5 tiktok, YouTube, Facebook med mera, med mera. Men nu har ytterligare ett fenomen tr\u00e4tt in i v\u00e5r tid: botar som tar sig in i diskussioner p\u00e5 Internet och som \u00e4r p\u00e5hittade personer som l\u00e5tsas vara riktiga m\u00e4nniskor och d\u00e5 blir fr\u00e5gan h\u00f6gaktuell om falskt och sant. Fr\u00e5gan \u00e4r vad som kan g\u00f6ras? Det ger f\u00f6rest\u00e4llningen inget svar p\u00e5 &#8211; vilket vi v\u00e4l inte heller kan kr\u00e4va. Det \u00e4r beslut som m\u00e5ste diskuteras och tas utanf\u00f6r teaterscenen.<\/p>\n<p>Sk\u00e5despelarna \u00e4r duktiga och f\u00e5r mina st\u00e5ende ovationer tillsammans med hela ensemblen. Som helhet \u00e4r f\u00f6rest\u00e4llningen imponerande. Scenografin med videoinstallation som fyller hela bakre v\u00e4ggen p\u00e5 scenen med massor mindre scenbilder och en stor spegel p\u00e5 ena sidan som speglar allt bakifr\u00e5n \u00e4r fascinerande och s\u00e4ger mycket om hur stort allt kan nu ut idag och hur m\u00e5nga olika bilder samma bild trots allt kan ge. Fejk \u00e4r en underh\u00e5llande stund p\u00e5 en timme och 45 minuter och v\u00e4l v\u00e4rd att se \u00e4ven om givetvis fr\u00e5gor kring l\u00f6gn och sanning och vad som \u00e4r sanningen kan sk\u00e4rsk\u00e5das och analyseras ut m\u00e5nga fler synvinklar. Men f\u00f6r att g\u00f6ra detta kr\u00e4vs en f\u00f6rest\u00e4llning p\u00e5 flera dygn, tror jag. <\/p>\n<p><strong>Om regiss\u00f6ren Yael Ronen  &#8211; fr\u00e5n Dramatens <a href=\"https:\/\/www.dramaten.se\/repertoar\/fejk\">hemsida<\/a>:<\/strong><br \/>\nYael Ronen \u00e4r\u202ff\u00f6dd i Jerusalem, men sedan m\u00e5nga \u00e5r verksam i Tyskland d\u00e4r hon regelbundet arbetat p\u00e5 teatrar som\u202fMaxim Gorki Theater och Schaub\u00fchne Berlin. Hennes internationella genombrott kom 2010 med\u202fThird Generation\u202fd\u00e4r hon sammanf\u00f6rde sk\u00e5despelare fr\u00e5n Tyskland, Israel och Palestina \u2013 en upps\u00e4ttning som ocks\u00e5 g\u00e4stspelade p\u00e5 Dramaten. Hon har d\u00e4refter fortsatt vara en av Europas mest intressanta regiss\u00f6rer med skruvade, roliga, modiga och h\u00f6gaktuella upps\u00e4ttningar som Roma Armee, Sabotage, Bucket List och Operation Mindfuck \u2013 Based On A True Story, But Not Really.<\/p>\n<p><img decoding=\"async\" class=\"aligncenter size-full wp-image-186912\" src=\"https:\/\/kulturbloggen.com\/wp-content\/uploads\/2026\/09\/fejk_02283.jpg\" alt=\"Teaterkritik Fejk p\u00e5 Dramaten\" width=\"500\" \/><\/p>\n<p><strong>Regiss\u00f6ren Yael Ronen om Fejk<\/strong><br \/>\n<iframe loading=\"lazy\" width=\"560\" height=\"315\" src=\"https:\/\/www.youtube.com\/embed\/laBG8P-VYaE?si=1FXmksFY0vNDts-P\" title=\"YouTube video player\" frameborder=\"0\" allow=\"accelerometer; autoplay; clipboard-write; encrypted-media; gyroscope; picture-in-picture; web-share\" referrerpolicy=\"strict-origin-when-cross-origin\" allowfullscreen><\/iframe><\/p>\n","protected":false},"excerpt":{"rendered":"<p>Fejk Av och regi Yael Ronen Scenografi Wolfgang Menardi Video Stefano Di Buduo Musik Yaniv Friedel, Ofer Shabi Kostym Amit Epstein Ljus Patrik Angestav I rollerna Mustafa Al-Mashhadani, Bj\u00f6rn Elgerd, Electra Hallman, Bianca Kronl\u00f6f, Lindy Larsson och Ia Langhammer Premi\u00e4r p\u00e5 Dramatens stora scen 5 september 2026 En fundering och liten betraktelse \u00f6ver falsk och [&hellip;]<\/p>\n","protected":false},"author":2,"featured_media":208469,"comment_status":"closed","ping_status":"closed","sticky":false,"template":"","format":"standard","meta":{"_genesis_hide_title":false,"_genesis_hide_breadcrumbs":false,"_genesis_hide_singular_image":false,"_genesis_hide_footer_widgets":false,"_genesis_custom_body_class":"","_genesis_custom_post_class":"","_genesis_layout":"","footnotes":""},"categories":[16,20,30,31,13624],"tags":[1366,1687,12288,7643,12289],"class_list":["post-208447","post","type-post","status-publish","format-standard","has-post-thumbnail","category-recension","category-film","category-teater","category-teaterrecension","category-toppnytt","tag-dramaten","tag-fejk","tag-teater","tag-teaterkritik","tag-teaterrecension","entry"],"_links":{"self":[{"href":"https:\/\/kulturbloggen.com\/index.php?rest_route=\/wp\/v2\/posts\/208447","targetHints":{"allow":["GET"]}}],"collection":[{"href":"https:\/\/kulturbloggen.com\/index.php?rest_route=\/wp\/v2\/posts"}],"about":[{"href":"https:\/\/kulturbloggen.com\/index.php?rest_route=\/wp\/v2\/types\/post"}],"author":[{"embeddable":true,"href":"https:\/\/kulturbloggen.com\/index.php?rest_route=\/wp\/v2\/users\/2"}],"replies":[{"embeddable":true,"href":"https:\/\/kulturbloggen.com\/index.php?rest_route=%2Fwp%2Fv2%2Fcomments&post=208447"}],"version-history":[{"count":22,"href":"https:\/\/kulturbloggen.com\/index.php?rest_route=\/wp\/v2\/posts\/208447\/revisions"}],"predecessor-version":[{"id":208484,"href":"https:\/\/kulturbloggen.com\/index.php?rest_route=\/wp\/v2\/posts\/208447\/revisions\/208484"}],"wp:featuredmedia":[{"embeddable":true,"href":"https:\/\/kulturbloggen.com\/index.php?rest_route=\/wp\/v2\/media\/208469"}],"wp:attachment":[{"href":"https:\/\/kulturbloggen.com\/index.php?rest_route=%2Fwp%2Fv2%2Fmedia&parent=208447"}],"wp:term":[{"taxonomy":"category","embeddable":true,"href":"https:\/\/kulturbloggen.com\/index.php?rest_route=%2Fwp%2Fv2%2Fcategories&post=208447"},{"taxonomy":"post_tag","embeddable":true,"href":"https:\/\/kulturbloggen.com\/index.php?rest_route=%2Fwp%2Fv2%2Ftags&post=208447"}],"curies":[{"name":"wp","href":"https:\/\/api.w.org\/{rel}","templated":true}]}}