{"id":208375,"date":"2026-09-03T20:40:27","date_gmt":"2026-09-03T19:40:27","guid":{"rendered":"https:\/\/kulturbloggen.com\/?p=208375"},"modified":"2026-09-03T20:41:23","modified_gmt":"2026-09-03T19:41:23","slug":"filmrecension-de-levande-doda-i-rojava","status":"publish","type":"post","link":"https:\/\/kulturbloggen.com\/?p=208375","title":{"rendered":"Filmrecension: De levande d\u00f6da i Rojava -omtumlande, vacker och tragisk och hoppfull"},"content":{"rendered":"<p><img decoding=\"async\" class=\"aligncenter size-full wp-image-186912\" src=\"https:\/\/kulturbloggen.com\/wp-content\/uploads\/2026\/09\/unnamed-1.jpg\" alt=\"De levande d\u00f6da i Rojava\" width=\"500\" \/><\/p>\n<p>De levande d\u00f6da i Rojava<br \/>\nBetyg 5<br \/>\nSvensk biopremi\u00e4r 4 september 2026<br \/>\nRegi Maryam Ebrahimi<\/p>\n<p>En omtumlande dokument\u00e4r. Den har s\u00e5 mycket viktigt att s\u00e4ga &#8211; hoppas m\u00e5nga, m\u00e5nga ser den. Vi f\u00e5r en djup inblick i livet f\u00f6r kurdiska frihetsk\u00e4mpar som k\u00e4mpade mot ISIS och nu m\u00e5ste leva g\u00f6mda f\u00f6r det finns fortfarande IS-anh\u00e4ngare som s\u00f6ker h\u00e4mnd f\u00f6r sin f\u00f6rlust.<\/p>\n<p>Den Emmybel\u00f6nade regiss\u00f6ren Maryam Ebrahimi har under fem \u00e5rs tid f\u00e5tt f\u00f6lja fyra v\u00e4nner i ett hem f\u00f6r s\u00e5rade soldater. I fokus st\u00e5r soldater som k\u00e4mpade mot ISIS och de flesta \u00e4r kvinnor som k\u00e4mpade. Kvinnorna i detta omr\u00e5de \u00e4r de enda kvinnor som har n\u00e5got som liknar den frihet och j\u00e4mst\u00e4lldhet som v\u00e4sterl\u00e4ndska kvinnor kanske ser som sj\u00e4lvklar. Men i Mellan\u00f6stern \u00e4r det l\u00e5ngt fr\u00e5n j\u00e4mlikhet f\u00f6r kvinnor. I en scen i filmen f\u00e5r vi se n\u00e4r en av dessa kvinnliga veteraner begravs och m\u00e5nga kvinnor \u00e4r med under ceremonin, n\u00e5got som aldrig skulle f\u00f6rekomma n\u00e5gon annanstans i Mellan\u00f6stern.<\/p>\n<p>Dokument\u00e4ren l\u00e5ter oss m\u00f6ta dessa \u00f6verlevande soldater som skadats i striderna. En del har f\u00f6rlorat ben eller armar, andra har f\u00f6rlorat ett \u00f6ga eller b\u00e5de \u00f6gonen. Ett gripande \u00f6de \u00e4r en kvinna som var en av de skickliga prickskyttarna och under strid fick en stor del av sin hj\u00e4rna bortskjuten. Trots alla odds \u00f6verlevde hon, men med stora skador. Regiss\u00f6ren som kom till Sverige fr\u00e5n Iran som barn ber\u00e4ttar att efter kriget mellan Irak och Iran var det vanligt att se m\u00e4nniskor med proteser. Det vi f\u00e5r se i filmen \u00e4r vad krig g\u00f6r med m\u00e4nniskor. Det blir s\u00e5 tydligt hur m\u00e4nniskorna som drabbas f\u00e5r leva hela sina fortsatta liv utan en del av sina kroppsdelar. I st\u00e4llet f\u00f6r att f\u00f6rklara och fokusera stora politiska diskussioner l\u00e5ter regiss\u00f6ren oss m\u00f6ta m\u00e4nniskor i sin vardag. Det g\u00f6r att filmen ber\u00f6r s\u00e5 mycket mer p\u00e5 djupet.<\/p>\n<p>De skadade soldater vi f\u00e5r m\u00f6ta bor i ett hem d\u00e4r de lever g\u00f6mda och st\u00e4ndigt m\u00e5ste vara p\u00e5 sin vakt. IS har fortfarande anh\u00e4ngare som vill h\u00e4mnas och ocks\u00e5 de som var allierade i kampen mot IS \u00e4r nu farliga, bland annat Turkiet beskyller dessa f\u00f6re detta k\u00e4mpar f\u00f6r att vara terrorister. En g\u00e5ng hyllades de som hj\u00e4ltar i kriget mot ISIS men nu st\u00e5r de \u00f6vergivna av sina allierade.<\/p>\n<p>Dokument\u00e4ren \u00e4r aktuell p\u00e5 m\u00e5nga s\u00e4tt. Flera krigstillst\u00e5nd p\u00e5g\u00e5r i v\u00e4rlden just nu och sk\u00f6rdar m\u00e5nga offer. Vi f\u00e5r ocks\u00e5 se den v\u00e4rme och omsorg som dessa veteraner visar varandra. Dokument\u00e4ren \u00e4r b\u00e5de vacker och omskakande. Gripande och r\u00f6rande, vacker och sorglig samtidigt. Den dr\u00f6jer sig kvar l\u00e4nge l\u00e4nge i b\u00e5de tankar och k\u00e4nslor. Den \u00e4r helt om\u00f6jligt att skaka av sig. Den \u00e4r omtumlande, vacker och tragisk och hoppfull.<\/p>\n<p>Om regiss\u00f6ren<br \/>\nMaryam Ebrahimi \u00e4r en Emmy-bel\u00f6nad regiss\u00f6r, manusf\u00f6rfattare och producent, f\u00f6dd i Teheran 1976. Efter studier i konst och konstteori vid Konstfakulteten i Teheran fortsatte hon sin utbildning vid Konstfack i Stockholm. Under de senaste femton \u00e5ren har hon etablerat sig som en av Nordens mest uppm\u00e4rksammade dokument\u00e4rfilmare med ett starkt fokus p\u00e5 fr\u00e5gor om frihet, identitet, makt och m\u00e4nniskors livsvillkor i konfliktoch efterkrigssamh\u00e4llen.<\/p>\n<p>Ebrahimis genombrott kom med dokument\u00e4ren Frihet bakom galler (2012), som skildrar kvinnor f\u00e4ngslade i Afghanistan f\u00f6r s\u00e5 kallade moralbrott. Filmen blev en internationell framg\u00e5ng, bel\u00f6nades med flera prestigefyllda priser och tilldelades 2014 en internationell Emmy f\u00f6r B\u00e4sta dokument\u00e4r. Samma \u00e5r mottog filmen \u00e4ven Eric Forsgrens dokument\u00e4rfilmspris och nominerades till en Guldbagge.<\/p>\n<p>I sitt filmskapande f\u00f6renar Ebrahimi personliga ber\u00e4ttelser med st\u00f6rre politiska och samh\u00e4lleliga fr\u00e5gor. Hennes filmer ger r\u00f6st \u00e5t m\u00e4nniskor vars erfarenheter s\u00e4llan f\u00e5r utrymme och pr\u00e4glas av en stark tro p\u00e5 dokument\u00e4rfilmens m\u00f6jlighet att skapa f\u00f6r\u00e4ndring.<\/p>\n<p><iframe loading=\"lazy\" width=\"560\" height=\"315\" src=\"https:\/\/www.youtube.com\/embed\/EE1ePSaWR2Y?si=Uh5cXNzNMp_x_OFg\" title=\"YouTube video player\" frameborder=\"0\" allow=\"accelerometer; autoplay; clipboard-write; encrypted-media; gyroscope; picture-in-picture; web-share\" referrerpolicy=\"strict-origin-when-cross-origin\" allowfullscreen><\/iframe><\/p>\n","protected":false},"excerpt":{"rendered":"<p>De levande d\u00f6da i Rojava Betyg 5 Svensk biopremi\u00e4r 4 september 2026 Regi Maryam Ebrahimi En omtumlande dokument\u00e4r. Den har s\u00e5 mycket viktigt att s\u00e4ga &#8211; hoppas m\u00e5nga, m\u00e5nga ser den. Vi f\u00e5r en djup inblick i livet f\u00f6r kurdiska frihetsk\u00e4mpar som k\u00e4mpade mot ISIS och nu m\u00e5ste leva g\u00f6mda f\u00f6r det finns fortfarande IS-anh\u00e4ngare [&hellip;]<\/p>\n","protected":false},"author":2,"featured_media":208382,"comment_status":"closed","ping_status":"closed","sticky":false,"template":"","format":"standard","meta":{"_genesis_hide_title":false,"_genesis_hide_breadcrumbs":false,"_genesis_hide_singular_image":false,"_genesis_hide_footer_widgets":false,"_genesis_custom_body_class":"","_genesis_custom_post_class":"","_genesis_layout":"","footnotes":""},"categories":[50,51,16,20,13624],"tags":[1329,1728,1738],"class_list":["post-208375","post","type-post","status-publish","format-standard","has-post-thumbnail","category-filmfilm","category-filmer","category-recension","category-film","category-toppnytt","tag-dokumentar","tag-filmkritik","tag-filmrecension","entry"],"_links":{"self":[{"href":"https:\/\/kulturbloggen.com\/index.php?rest_route=\/wp\/v2\/posts\/208375","targetHints":{"allow":["GET"]}}],"collection":[{"href":"https:\/\/kulturbloggen.com\/index.php?rest_route=\/wp\/v2\/posts"}],"about":[{"href":"https:\/\/kulturbloggen.com\/index.php?rest_route=\/wp\/v2\/types\/post"}],"author":[{"embeddable":true,"href":"https:\/\/kulturbloggen.com\/index.php?rest_route=\/wp\/v2\/users\/2"}],"replies":[{"embeddable":true,"href":"https:\/\/kulturbloggen.com\/index.php?rest_route=%2Fwp%2Fv2%2Fcomments&post=208375"}],"version-history":[{"count":25,"href":"https:\/\/kulturbloggen.com\/index.php?rest_route=\/wp\/v2\/posts\/208375\/revisions"}],"predecessor-version":[{"id":208401,"href":"https:\/\/kulturbloggen.com\/index.php?rest_route=\/wp\/v2\/posts\/208375\/revisions\/208401"}],"wp:featuredmedia":[{"embeddable":true,"href":"https:\/\/kulturbloggen.com\/index.php?rest_route=\/wp\/v2\/media\/208382"}],"wp:attachment":[{"href":"https:\/\/kulturbloggen.com\/index.php?rest_route=%2Fwp%2Fv2%2Fmedia&parent=208375"}],"wp:term":[{"taxonomy":"category","embeddable":true,"href":"https:\/\/kulturbloggen.com\/index.php?rest_route=%2Fwp%2Fv2%2Fcategories&post=208375"},{"taxonomy":"post_tag","embeddable":true,"href":"https:\/\/kulturbloggen.com\/index.php?rest_route=%2Fwp%2Fv2%2Ftags&post=208375"}],"curies":[{"name":"wp","href":"https:\/\/api.w.org\/{rel}","templated":true}]}}