{"id":208355,"date":"2026-09-03T05:36:54","date_gmt":"2026-09-03T04:36:54","guid":{"rendered":"https:\/\/kulturbloggen.com\/?p=208355"},"modified":"2026-09-03T05:36:54","modified_gmt":"2026-09-03T04:36:54","slug":"filmrecension-for-dova-oron-nyanserat-personligt-autentiskt-levande","status":"publish","type":"post","link":"https:\/\/kulturbloggen.com\/?p=208355","title":{"rendered":"Filmrecension: F\u00f6r d\u00f6va \u00f6ron &#8211; nyanserat, personligt, autentiskt, levande"},"content":{"rendered":"<p><img decoding=\"async\" class=\"aligncenter size-full wp-image-186912\" src=\"https:\/\/kulturbloggen.com\/wp-content\/uploads\/2026\/09\/unnamed.jpg\" alt=\"F\u00f6r d\u00f6va \u00f6ron - nyanserat, personligt, autentiskt, levande\" width=\"500\" \/><\/p>\n<p>F\u00f6r d\u00f6va \u00f6ron<br \/>\nBetyg 5<br \/>\nSvensk biopremi\u00e4r 4 september 2026<br \/>\nRegi Eva Libertad<br \/>\nI rollerna Miriam Garlo som Angela, \u00c1lvaro Cervantes som hennes man Hector.<\/p>\n<p>Filmen handlar om Angela som \u00e4r icke-h\u00f6rande och hennes h\u00f6rande man Hector. Hon f\u00f6ddes som h\u00f6rande men h\u00f6rseln f\u00f6rsvann redan i tidiga \u00e5r. Relationen mellan Angela och Hector \u00e4r mycket k\u00e4rleksfull, s\u00e4rskilt som Hector beh\u00e4rskar teckenspr\u00e5ket i det n\u00e4rmaste perfekt och att Angela \u00e4r bra p\u00e5 att l\u00e4sa m\u00e4nniskors l\u00e4ppar. \u00c4ven hennes n\u00e4rmaste sl\u00e4ktingar beh\u00e4rskar teckenspr\u00e5ket. Hon umg\u00e5s ofta med en grupp icke-h\u00f6rande v\u00e4nner, en grupp som fungerar som en fristad f\u00f6r henne. H\u00e4r kan hon leva ut hela sin potential. Men samtidigt f\u00f6r hon en st\u00e4ndig kamp f\u00f6r att m\u00f6ta alla utmaningar som hon st\u00e4lls inf\u00f6r i de h\u00f6randes samh\u00e4lle. N\u00e4r hon blir gravid blandas gl\u00e4djen med en malande oro, kommer barnet bli h\u00f6rande eller icke-h\u00f6rande. Det finns sk\u00e4l till oro eftersom Angelas d\u00f6vhet \u00e4r medf\u00f6dd och f\u00f6r att \u00e5tminstone tv\u00e5 n\u00e4ra sl\u00e4ktingar har varit d\u00f6va. D\u00e4rf\u00f6r drar sig Angela f\u00f6r att ber\u00e4tta f\u00f6r sina f\u00f6r\u00e4ldrar att hon \u00e4r med barn. N\u00e4r de s\u00e5 sm\u00e5ningom f\u00e5r veta det s\u00e5 har \u00e5tminstone mamman f\u00f6rst sv\u00e5rt att gl\u00e4djas \u00e5t graviditeten, innan hon till slut i gl\u00e4dje gratulerar Angela och Hector. Av Angelas kroppsspr\u00e5k kan man ana att hon tar f\u00f6r\u00e4ldrarnas avvaktande h\u00e5llning personligt, som ett ifr\u00e5gas\u00e4ttande av henne sj\u00e4lv, trots att ocks\u00e5 hon oroar sig f\u00f6r hur det kommer att bli f\u00f6r barnet. <\/p>\n<p>F\u00f6rlossningen blir en utmaning f\u00f6r Angela eftersom hon f\u00e5r sv\u00e5rt att f\u00f6lja med i allt som h\u00e4nder omkring henne. Direkt efter f\u00f6rlossningen \u00e4r det inte m\u00f6jligt att fastst\u00e4lla om dottern Ona \u00e4r h\u00f6rande eller icke-h\u00f6rande. Men en unders\u00f6kning n\u00e5gra m\u00e5nader senare visa att dottern definitivt \u00e4r ett h\u00f6rande barn. Dotterns f\u00f6dsel f\u00f6r\u00e4ndra samspelet i familjen p\u00e5 ett p\u00e5tagligt s\u00e4tt och st\u00e4ller ocks\u00e5 Angela inf\u00f6r nya utmaningar i det sociala livet.  Angela k\u00e4mpar f\u00f6r att f\u00f6rs\u00f6ka hitta sin roll som f\u00f6r\u00e4lder i en v\u00e4rld som inte \u00e4r anpassad f\u00f6r icke-h\u00f6rande personer. Hon k\u00e4nner sig mer och mer utanf\u00f6r och beroende av att Hector tolkar samtalen i sociala situationer, vilket han ofta gl\u00f6mmer eller helt enkelt inte hinner med n\u00e4r alla pratar i munnen p\u00e5 varandra. Hon b\u00f6rjar k\u00e4nna sig utanf\u00f6r ocks\u00e5 i relationen till dotterns utveckling. Det utl\u00f6ser en kris i relationen till Hector. Hon tycker att Hector tar \u00f6ver allt som har med dottern att g\u00f6ra och att dotterns spr\u00e5kutveckling enbart handlar om det verbala och att teckenspr\u00e5ket hamnar i skymundan. Det slutar i ett v\u00e5ldsamt gr\u00e4l d\u00e4r de anklagar varandra f\u00f6r \u00e4n det en och \u00e4n det andra. Gr\u00e4let slutar med att Angela flyr till sina icke-h\u00f6rande v\u00e4nner, sin fristad. N\u00e4r hon till slut \u00e5terv\u00e4nder hem firar f\u00f6rskola dottern Onas f\u00f6delsedag. En situation som trots att den p\u00e5 ett p\u00e5tagligt s\u00e4tt illustrerar Angelas k\u00e4nslor av utanf\u00f6rskap erbjuder familjen en m\u00f6jlighet att b\u00f6rja fungera igen. <\/p>\n<p>F\u00f6r d\u00f6va \u00f6ron utg\u00e5r fr\u00e5n regiss\u00f6ren Libertads relation till sin egen icke-h\u00f6rande syster Miriam Garlo som har huvudrollen som Angela i filmen.  Det g\u00f6r att filmen p\u00e5 ett nyanserat, personligt, autentiskt, levande och n\u00e4rg\u00e5nget s\u00e4tt skildrar hur det kan vara att leva som icke-h\u00f6rande i de h\u00f6randes v\u00e4rlden, en v\u00e4rld som bygger p\u00e5 ljud i alla dess former s\u00e5som samtal, musik, f\u00e5gelkvitter och vindens susande. Allt detta illustreras p\u00e5 ett ljudtekniskt s\u00e4tt i filmen. B\u00e5de Miriam Garlo och \u00c1lvaro Cervantes \u00e4r str\u00e5lande i sina roller.<\/p>\n<p><iframe loading=\"lazy\" width=\"560\" height=\"315\" src=\"https:\/\/www.youtube.com\/embed\/XzzSdTzsBH0?si=3Hr6UMhbanG2r4Ld\" title=\"YouTube video player\" frameborder=\"0\" allow=\"accelerometer; autoplay; clipboard-write; encrypted-media; gyroscope; picture-in-picture; web-share\" referrerpolicy=\"strict-origin-when-cross-origin\" allowfullscreen><\/iframe><\/p>\n","protected":false},"excerpt":{"rendered":"<p>F\u00f6r d\u00f6va \u00f6ron Betyg 5 Svensk biopremi\u00e4r 4 september 2026 Regi Eva Libertad I rollerna Miriam Garlo som Angela, \u00c1lvaro Cervantes som hennes man Hector. Filmen handlar om Angela som \u00e4r icke-h\u00f6rande och hennes h\u00f6rande man Hector. Hon f\u00f6ddes som h\u00f6rande men h\u00f6rseln f\u00f6rsvann redan i tidiga \u00e5r. Relationen mellan Angela och Hector \u00e4r mycket [&hellip;]<\/p>\n","protected":false},"author":85,"featured_media":208358,"comment_status":"closed","ping_status":"closed","sticky":false,"template":"","format":"standard","meta":{"_genesis_hide_title":false,"_genesis_hide_breadcrumbs":false,"_genesis_hide_singular_image":false,"_genesis_hide_footer_widgets":false,"_genesis_custom_body_class":"","_genesis_custom_post_class":"","_genesis_layout":"","footnotes":""},"categories":[50,51,16,20,13624],"tags":[],"class_list":["post-208355","post","type-post","status-publish","format-standard","has-post-thumbnail","category-filmfilm","category-filmer","category-recension","category-film","category-toppnytt","entry"],"_links":{"self":[{"href":"https:\/\/kulturbloggen.com\/index.php?rest_route=\/wp\/v2\/posts\/208355","targetHints":{"allow":["GET"]}}],"collection":[{"href":"https:\/\/kulturbloggen.com\/index.php?rest_route=\/wp\/v2\/posts"}],"about":[{"href":"https:\/\/kulturbloggen.com\/index.php?rest_route=\/wp\/v2\/types\/post"}],"author":[{"embeddable":true,"href":"https:\/\/kulturbloggen.com\/index.php?rest_route=\/wp\/v2\/users\/85"}],"replies":[{"embeddable":true,"href":"https:\/\/kulturbloggen.com\/index.php?rest_route=%2Fwp%2Fv2%2Fcomments&post=208355"}],"version-history":[{"count":5,"href":"https:\/\/kulturbloggen.com\/index.php?rest_route=\/wp\/v2\/posts\/208355\/revisions"}],"predecessor-version":[{"id":208363,"href":"https:\/\/kulturbloggen.com\/index.php?rest_route=\/wp\/v2\/posts\/208355\/revisions\/208363"}],"wp:featuredmedia":[{"embeddable":true,"href":"https:\/\/kulturbloggen.com\/index.php?rest_route=\/wp\/v2\/media\/208358"}],"wp:attachment":[{"href":"https:\/\/kulturbloggen.com\/index.php?rest_route=%2Fwp%2Fv2%2Fmedia&parent=208355"}],"wp:term":[{"taxonomy":"category","embeddable":true,"href":"https:\/\/kulturbloggen.com\/index.php?rest_route=%2Fwp%2Fv2%2Fcategories&post=208355"},{"taxonomy":"post_tag","embeddable":true,"href":"https:\/\/kulturbloggen.com\/index.php?rest_route=%2Fwp%2Fv2%2Ftags&post=208355"}],"curies":[{"name":"wp","href":"https:\/\/api.w.org\/{rel}","templated":true}]}}