{"id":208315,"date":"2026-08-31T15:49:23","date_gmt":"2026-08-31T14:49:23","guid":{"rendered":"https:\/\/kulturbloggen.com\/?p=208315"},"modified":"2026-08-31T15:57:21","modified_gmt":"2026-08-31T14:57:21","slug":"killar-vaxte-fram-genom-ett-och-ett-halvt-ars-samtal-med-unga-killar-i-malmo","status":"publish","type":"post","link":"https:\/\/kulturbloggen.com\/?p=208315","title":{"rendered":"Killar v\u00e4xte fram genom ett och ett halvt \u00e5rs samtal med unga killar i Malm\u00f6"},"content":{"rendered":"<p><img decoding=\"async\" class=\"aligncenter size-full wp-image-186912\" src=\"https:\/\/kulturbloggen.com\/wp-content\/uploads\/2026\/08\/unnamed-12-1.jpg\" alt=\"Killar v\u00e4xte fram genom ett och ett halvt \u00e5rs samtal med unga killar i Malm\u00f6\" width=\"500\" \/><br \/>\n<em>Bashkim Neziraj och Yakin Mestour Bustos spelar far och son i nyskrivna pj\u00e4sen Killar, som f\u00e5r urpremi\u00e4r p\u00e5 Malm\u00f6 Stadsteater Roseng\u00e5rd 17 september 2026. Foto: Johan Sundell<\/em><\/p>\n<p>Den 17 september 2026 har f\u00f6rest\u00e4llningen Killar urpremi\u00e4r p\u00e5 Malm\u00f6 Stadsteater Roseng\u00e5rd. Pj\u00e4sen, skriven av Nanna Berner och regisserad av Hedvig Claesson, v\u00e4xte fram genom ett och ett halvt \u00e5rs samtal med unga killar i Malm\u00f6 och skildrar en pappa och en son som navigerar i sorgen efter Ali \u2013 son, bror och f\u00f6rebild \u2013 som f\u00f6rsvunnit in i kriminaliteten.<\/p>\n<p>Ett pressmeddelande ber\u00e4ttar:<br \/>\nI Killar m\u00f6ts Emir och pappa Florjan i tomrummet efter Ali. Tv\u00e5 som blev kvar, och som g\u00e5ng p\u00e5 g\u00e5ng st\u00f6ter bort varandra men \u00e4nd\u00e5 forts\u00e4tter f\u00f6rs\u00f6ka n\u00e5 fram. Det \u00e4r en ber\u00e4ttelse om sorg och identitet, men ocks\u00e5 om hopp \u2013 och om att hitta sin egen r\u00f6st i skuggan av den som inte l\u00e4ngre \u00e4r d\u00e4r. Huvudrollerna spelas av Bashkim Neziraj som pappan Florjan, och Yakin Mestour Bustos som Emir.<\/p>\n<p>Under ett och ett halvt \u00e5r har regiss\u00f6ren Hedvig Claesson och dramatikern Nanna Berner m\u00f6tt killar i Malm\u00f6 genom samtal p\u00e5 bland annat Lind\u00e4ngens Allaktivitetshus, Fryshuset, R\u00f6da Korsets barnverksamhet och SiS ungdomshem R\u00e5by. Ur dessa m\u00f6ten har en v\u00e4v av ber\u00e4ttelser vuxit fram som ligger till grund f\u00f6r pj\u00e4sen.<\/p>\n<p>Om att hitta hoppet i sorgen, och det som h\u00e5ller en pappa och en son samman, s\u00e4ger regiss\u00f6r Hedvig Claesson:<\/p>\n<p>\u2013 Hoppet. Glittret i \u00f6gonen. Skrattet. Killar \u00e4r v\u00e5ra pojkars ber\u00e4ttelser och livs\u00f6den, nedkilade till tre karakt\u00e4rer. I fr\u00e5nvaron av Ali finns lillebror Emir och pappan Florjan, de tv\u00e5 som blev kvar och nu navigerar i ett tomrum och en sorg som m\u00e5nga familjer i Malm\u00f6 och Sverige k\u00e4nner igen. En sorg efter en skjutning, en handgranat, ett missf\u00f6rst\u00e5nd, en \u00f6verdos \u2013 i mellanrummet efter ett samh\u00e4lles svek.<\/p>\n<p>Det h\u00e4r \u00e4r mitt och dramatikern Nanna Berners f\u00f6rs\u00f6k att lyssna: till barnen, till publiken, till framtiden. Som Emir s\u00e4ger sist i pj\u00e4sen: \u201dHimlen och havet blir m\u00f6rkare, men vi lyser. F\u00f6r det liv som skulle dra ner oss gjorde oss till stj\u00e4rnor, och s\u00e5 l\u00e4nge vi lever kommer vi lysa upp Malm\u00f6.\u201d<\/p>\n<p>Killar spelas p\u00e5 Malm\u00f6 Stadsteater Roseng\u00e5rd 17 september \u2013 16 december 2026. Killar spelar offentliga f\u00f6rest\u00e4llningar p\u00e5 kv\u00e4llstid, och skolf\u00f6rest\u00e4llningar p\u00e5 vardagar under dagtid och riktar sig till elever i \u00e5rskurs 6\u20139. F\u00f6r elever i \u00e5rskurs 8 samt f\u00f6r skolor utanf\u00f6r Malm\u00f6 spelas f\u00f6rest\u00e4llningen i klassrummet.<\/p>\n<p>F\u00f6rest\u00e4llningen \u00e4r en del av det internationella projektet Young Europe (European Theatre Convention), som utforskar nya r\u00f6ster och ber\u00e4ttelser f\u00f6r en ung publik i en internationell kontext.<\/p>\n","protected":false},"excerpt":{"rendered":"<p>Bashkim Neziraj och Yakin Mestour Bustos spelar far och son i nyskrivna pj\u00e4sen Killar, som f\u00e5r urpremi\u00e4r p\u00e5 Malm\u00f6 Stadsteater Roseng\u00e5rd 17 september 2026. Foto: Johan Sundell Den 17 september 2026 har f\u00f6rest\u00e4llningen Killar urpremi\u00e4r p\u00e5 Malm\u00f6 Stadsteater Roseng\u00e5rd. Pj\u00e4sen, skriven av Nanna Berner och regisserad av Hedvig Claesson, v\u00e4xte fram genom ett och ett [&hellip;]<\/p>\n","protected":false},"author":2,"featured_media":208318,"comment_status":"closed","ping_status":"closed","sticky":false,"template":"","format":"standard","meta":{"_genesis_hide_title":false,"_genesis_hide_breadcrumbs":false,"_genesis_hide_singular_image":false,"_genesis_hide_footer_widgets":false,"_genesis_custom_body_class":"","_genesis_custom_post_class":"","_genesis_layout":"","footnotes":""},"categories":[20,30,13624],"tags":[15603],"class_list":["post-208315","post","type-post","status-publish","format-standard","has-post-thumbnail","category-film","category-teater","category-toppnytt","tag-malmo-stadsteater-rosengard","entry"],"_links":{"self":[{"href":"https:\/\/kulturbloggen.com\/index.php?rest_route=\/wp\/v2\/posts\/208315","targetHints":{"allow":["GET"]}}],"collection":[{"href":"https:\/\/kulturbloggen.com\/index.php?rest_route=\/wp\/v2\/posts"}],"about":[{"href":"https:\/\/kulturbloggen.com\/index.php?rest_route=\/wp\/v2\/types\/post"}],"author":[{"embeddable":true,"href":"https:\/\/kulturbloggen.com\/index.php?rest_route=\/wp\/v2\/users\/2"}],"replies":[{"embeddable":true,"href":"https:\/\/kulturbloggen.com\/index.php?rest_route=%2Fwp%2Fv2%2Fcomments&post=208315"}],"version-history":[{"count":9,"href":"https:\/\/kulturbloggen.com\/index.php?rest_route=\/wp\/v2\/posts\/208315\/revisions"}],"predecessor-version":[{"id":208332,"href":"https:\/\/kulturbloggen.com\/index.php?rest_route=\/wp\/v2\/posts\/208315\/revisions\/208332"}],"wp:featuredmedia":[{"embeddable":true,"href":"https:\/\/kulturbloggen.com\/index.php?rest_route=\/wp\/v2\/media\/208318"}],"wp:attachment":[{"href":"https:\/\/kulturbloggen.com\/index.php?rest_route=%2Fwp%2Fv2%2Fmedia&parent=208315"}],"wp:term":[{"taxonomy":"category","embeddable":true,"href":"https:\/\/kulturbloggen.com\/index.php?rest_route=%2Fwp%2Fv2%2Fcategories&post=208315"},{"taxonomy":"post_tag","embeddable":true,"href":"https:\/\/kulturbloggen.com\/index.php?rest_route=%2Fwp%2Fv2%2Ftags&post=208315"}],"curies":[{"name":"wp","href":"https:\/\/api.w.org\/{rel}","templated":true}]}}