{"id":208191,"date":"2026-08-31T11:02:02","date_gmt":"2026-08-31T10:02:02","guid":{"rendered":"https:\/\/kulturbloggen.com\/?p=208191"},"modified":"2026-08-31T11:02:03","modified_gmt":"2026-08-31T10:02:03","slug":"mangsidig-debutant-forverkligar-charmerande-vision-skargardsjazz-av-tuva-bergenheim","status":"publish","type":"post","link":"https:\/\/kulturbloggen.com\/?p=208191","title":{"rendered":"M\u00e5ngsidig debutant f\u00f6rverkligar charmerande vision &#8211; Sk\u00e4rg\u00e5rdsjazz av Tuva Bergenheim"},"content":{"rendered":"\n<figure class=\"wp-block-image size-full\"><img loading=\"lazy\" decoding=\"async\" width=\"500\" height=\"500\" src=\"https:\/\/kulturbloggen.com\/wp-content\/uploads\/2026\/08\/1297443.jpg\" alt=\"\" class=\"wp-image-208192\" srcset=\"https:\/\/kulturbloggen.com\/wp-content\/uploads\/2026\/08\/1297443.jpg 500w, https:\/\/kulturbloggen.com\/wp-content\/uploads\/2026\/08\/1297443-300x300.jpg 300w\" sizes=\"auto, (max-width: 500px) 100vw, 500px\" \/><\/figure>\n\n\n\n<p class=\"wp-block-paragraph\">Tuva Bergheim<\/p>\n\n\n\n<p class=\"wp-block-paragraph\">Sk\u00e4rg\u00e5rdsjazz<\/p>\n\n\n\n<p class=\"wp-block-paragraph\">4<\/p>\n\n\n\n<p class=\"wp-block-paragraph\">Inspelad i LRMSV Studios<\/p>\n\n\n\n<p class=\"wp-block-paragraph\">Mix: P\u00e5l Svenre<\/p>\n\n\n\n<p class=\"wp-block-paragraph\">Producent: Tuva Bergenheim<\/p>\n\n\n\n<p class=\"wp-block-paragraph\">Prophone Records (Naxos)<\/p>\n\n\n\n<p class=\"wp-block-paragraph\">Releasedatum: 28\/8 2026 (sl\u00e4pps ocks\u00e5 p\u00e5 vinyl)<\/p>\n\n\n\n<p class=\"wp-block-paragraph\">24-\u00e5riga Tuva Bergheim \u00e4r ett helt nytt namn f\u00f6r mig. Hon \u00e4r trummis, l\u00e5tskrivare och h\u00e4r dessutom producent. Antar att hon examinerats fr\u00e5n n\u00e5gon av v\u00e5ra h\u00f6gskoleutbildningar, fast jag saknar s\u00e5dan uppgift. Sett en intervju i TV4 och i pressrelease f\u00e5r vi veta att hon framtr\u00e4tt med Bohusl\u00e4n Big Band och danske pianisten Rasmus S\u00f6rensen. Hon har \u00f6vat upp sina rytmiska f\u00e4rdigheter sedan f\u00f6rsta trumsetet som 4-\u00e5ring och lirat flitigt med storband. Kan till\u00e4ggas att hon upptr\u00e4tt p\u00e5 jazzfestivaler i Sverige och Danmark under eget namn samt att hon haft Malin p\u00e5 Saltkr\u00e5kan (Louise Edlind Friberg) som stilikon. En passion hon i bilder till omslag och reportage visualiserat med sig sj\u00e4lv som grant motiv.<\/p>\n\n\n\n<p class=\"wp-block-paragraph\"> Lika originellt blir det n\u00e4r musik sk\u00e4rsk\u00e5das. Intervjuarna i TV\u00a4 lyfte aldrig blicken fr\u00e5n v\u00e5ra breddgrader, utan refererade till Monica Zetterlund, Tage Danielsson, Georg Riedel, br\u00f6derna G\u00e4rdestad och Jan Johansson.  Tuva fyllde i med att lyfta fram svenska vemodet i tretakt. Ptesstexten uppeh\u00e5ller sig i minst lika stor utstr\u00e4ckning vid andra influenser och menar att jazzen m\u00f6ter visa, pop och nordisk folkmusik. <em>Sk\u00e4rg\u00e5rdsjazz <\/em>best\u00e5r av \u00e5tta l\u00e5tar st\u00f6pta i gemensam form, om \u00e4n med lite olika schatteringar. Skivbolaget refererar till Joni Mitchell och hennes specifika tonspr\u00e5k, trots att gitarr saknas \u00e4r det en h\u00f6gst relevant j\u00e4mf\u00f6relse. Andra namn som droppas \u00e4r Simon &amp; Garfunkel, Lars Gullin och John Coltrane. Den unga damen kallas ocks\u00e5 bandledare, skrev texter p\u00e5 svenska med en uppm\u00e4rksammad s\u00e5ngerska i \u00e5tanke. Som framg\u00e5r av omslaget utg\u00f6rs bandet av f\u00f6rutom henne sj\u00e4lv bakom trummorna efterfr\u00e5gade Niklas Fernqvist p\u00e5 kontrabas, talangen Elias Larsson och den flerfaldigt Gyllene Skivan-bel\u00f6nade Per Texas Johansson p\u00e5 tenorsaxofon och basklarinett. Fernqvist s\u00e5gs senast med Emmalisa Hallander p\u00e5 YSJF och Texas i Johan Lindstr\u00f6m septett p\u00e5 Nef under International Jazzday p\u00e5 Valborg. <\/p>\n\n\n\n<figure class=\"wp-block-image size-large\"><img loading=\"lazy\" decoding=\"async\" width=\"650\" height=\"650\" src=\"https:\/\/kulturbloggen.com\/wp-content\/uploads\/2026\/08\/Tuva2-700x700.jpg\" alt=\"\" class=\"wp-image-208194\" srcset=\"https:\/\/kulturbloggen.com\/wp-content\/uploads\/2026\/08\/Tuva2-1536x1536.jpg 650w, https:\/\/kulturbloggen.com\/wp-content\/uploads\/2026\/08\/Tuva2-300x300.jpg 300w, https:\/\/kulturbloggen.com\/wp-content\/uploads\/2026\/08\/Tuva2.webp 1782w\" sizes=\"auto, (max-width: 650px) 100vw, 650px\" \/><figcaption class=\"wp-element-caption\">pressfoto Nathalie Eldrim<\/figcaption><\/figure>\n\n\n\n<p class=\"wp-block-paragraph\">P\u00e5pekas av skivbolaget att en avg\u00f6rande skillnad mot hur det brukar l\u00e5ta, \u00e4r att man knappt kan sp\u00e5ra influenser fr\u00e5n standards eller genuin jazz med svart stam. Albumet vars release f\u00f6reg\u00e5tts av ett par singlar sprider en somrig och bekymmersfri vibe, blir till en nostalgisk resa tillbaka till eran d\u00e4r <em>Livet p\u00e5 Saltkr\u00e5kan <\/em>skapades. Den vemodiga k\u00e4nslan av f\u00f6rg\u00e4nglighet betonas. Sound och framf\u00f6r allt texter (tre av dem medf\u00f6ljer cd:n) har ber\u00f6ringspunkter med Amanda Ginsburg och hennes musikaliska k\u00e4nnetecken. <\/p>\n\n\n\n<p class=\"wp-block-paragraph\">F\u00f6r jazzen udda takter och ackordf\u00f6ljder pr\u00e4glar ett flertal kompositioner. Tonala h\u00f6jningar och tillbakag\u00e5ngar \u00e1 la tidig Joni Mitchell, n\u00e5got som torde vara en utmaning f\u00f6r den magnifika Emmalisa Hallander (hyllat vad hon g\u00f6r live och p\u00e5 skiva).  <em>Sk\u00e4rg\u00e5rdsjazz <\/em>draperas i ett fr\u00e4scht och dj\u00e4rvt visjazz- idiom med avstamp i 60-talet. Texterna kan karakt\u00e4riseras som existentiella, sprider en trevlig behagfull st\u00e4mning. Men albumets styrka beror inte prim\u00e4rt p\u00e5 Bergenheims kn\u00e5pande med verser. I sina mest lyckade exempel kan de erinra en smula om Olle Adolphson, fast utan dennes komplexitet. Det sjungs som sagt otroligt skickligt i tonarter och fraseringar jag s\u00e4llan eller inte alls h\u00f6rt tidigare hos Hallander. Lysande levereras till exempel sista versen i <em>Kometer under V\u00e4sterbron. <\/em>Kan vara en utmaning att komma in i melodierna, detta lite annorlunda tonspr\u00e5k. M\u00e5ste erk\u00e4nna att man ibland beh\u00f6ver v\u00e4nja sig, eftersom det i f\u00f6rstone kan l\u00e5ta aningen konstlat h\u00e4r och var. <\/p>\n\n\n\n<p class=\"wp-block-paragraph\">Instrumentalister ges gener\u00f6st med utrymme i bryggor och stick. I <em>Skymningslandet <\/em>m\u00e4rks ett frifr\u00e4sigt solo av tungviktaren p\u00e5 tenor fint underst\u00f6dd av Elias Larsson. Den sist n\u00e4mnde triumferar i sticket p\u00e5 <em>Kometer under V\u00e4sterbron. <\/em>Helt enkelt obeskrivligt vackert spelat, vilket g\u00f6r att jag ryser av v\u00e4lbehag. I <em>\u00d6ar <\/em>sammansm\u00e4lter s\u00e5ng och ackompanjemang, vilket ger upphov till en ljuv ballad. Texas Johanssons dragningskraft och stora kunskap tas det tillvara p\u00e5. Han till\u00e5ts dominera i ett par sekvenser, imponerar fr\u00e4mst som tsaxofonist, inte s\u00e4llan i enda av Gullin, Coltrane och n\u00e4ra nog Michael Brecker. I n\u00e5gra sekvenser tr\u00e4der som antytts l\u00f6ftet Larsson fram i helfigur. Den som best\u00e4mt f\u00e4rdriktning, kontaktat medarbetare och st\u00e5r f\u00f6r text &amp; musik visar sig vara en fena p\u00e5 fills; men avst\u00e5r fr\u00e5n solistiska bravader. S\u00e5dana hade n\u00e4ppeligen passat hennes l\u00e5tar. Ska dock understrykas att <em>Sommarsamba<\/em>, lagd som upphetsande final, \u00e4ger en doft av Trane och hans ber\u00f6mda 60-tals kvartett med bland andra Elvin Jones.<\/p>\n\n\n\n<p class=\"wp-block-paragraph\">Avslutningsvis vill jag damma av min tes om att det s\u00e5 gott som alltid \u00e4r klokt att involvera externa \u00f6ron, \u00e5tminstone som medproducent, \u00e4ven om man kan k\u00e4nna sympati f\u00f6r beslutet att best\u00e4mma sj\u00e4lv. <em>Sk\u00e4rg\u00e5rdsjazz<\/em> \u00e4r definitivt lite udda och pastischartat, men samtidigt gjort med s\u00e5 pass mycket glimten i \u00f6gat och i lekfull positivt h\u00e5llen ton att projektet ska appl\u00e5deras. Det sj\u00f6sattes (G\u00f6teborgsvitsigt?) live i helgen p\u00e5 ett regnigt Skeppsholmen under festivalen som anordnades d\u00e4r.<\/p>\n\n\n\n<p class=\"wp-block-paragraph\"><\/p>\n","protected":false},"excerpt":{"rendered":"<p>Tuva Bergheim Sk\u00e4rg\u00e5rdsjazz 4 Inspelad i LRMSV Studios Mix: P\u00e5l Svenre Producent: Tuva Bergenheim Prophone Records (Naxos) Releasedatum: 28\/8 2026 (sl\u00e4pps ocks\u00e5 p\u00e5 vinyl) 24-\u00e5riga Tuva Bergheim \u00e4r ett helt nytt namn f\u00f6r mig. Hon \u00e4r trummis, l\u00e5tskrivare och h\u00e4r dessutom producent. Antar att hon examinerats fr\u00e5n n\u00e5gon av v\u00e5ra h\u00f6gskoleutbildningar, fast jag saknar s\u00e5dan [&hellip;]<\/p>\n","protected":false},"author":34,"featured_media":0,"comment_status":"closed","ping_status":"closed","sticky":false,"template":"","format":"standard","meta":{"_genesis_hide_title":false,"_genesis_hide_breadcrumbs":false,"_genesis_hide_singular_image":false,"_genesis_hide_footer_widgets":false,"_genesis_custom_body_class":"","_genesis_custom_post_class":"","_genesis_layout":"","footnotes":""},"categories":[22],"tags":[],"class_list":["post-208191","post","type-post","status-publish","format-standard","category-skivor","entry"],"_links":{"self":[{"href":"https:\/\/kulturbloggen.com\/index.php?rest_route=\/wp\/v2\/posts\/208191","targetHints":{"allow":["GET"]}}],"collection":[{"href":"https:\/\/kulturbloggen.com\/index.php?rest_route=\/wp\/v2\/posts"}],"about":[{"href":"https:\/\/kulturbloggen.com\/index.php?rest_route=\/wp\/v2\/types\/post"}],"author":[{"embeddable":true,"href":"https:\/\/kulturbloggen.com\/index.php?rest_route=\/wp\/v2\/users\/34"}],"replies":[{"embeddable":true,"href":"https:\/\/kulturbloggen.com\/index.php?rest_route=%2Fwp%2Fv2%2Fcomments&post=208191"}],"version-history":[{"count":6,"href":"https:\/\/kulturbloggen.com\/index.php?rest_route=\/wp\/v2\/posts\/208191\/revisions"}],"predecessor-version":[{"id":208305,"href":"https:\/\/kulturbloggen.com\/index.php?rest_route=\/wp\/v2\/posts\/208191\/revisions\/208305"}],"wp:attachment":[{"href":"https:\/\/kulturbloggen.com\/index.php?rest_route=%2Fwp%2Fv2%2Fmedia&parent=208191"}],"wp:term":[{"taxonomy":"category","embeddable":true,"href":"https:\/\/kulturbloggen.com\/index.php?rest_route=%2Fwp%2Fv2%2Fcategories&post=208191"},{"taxonomy":"post_tag","embeddable":true,"href":"https:\/\/kulturbloggen.com\/index.php?rest_route=%2Fwp%2Fv2%2Ftags&post=208191"}],"curies":[{"name":"wp","href":"https:\/\/api.w.org\/{rel}","templated":true}]}}