{"id":2080,"date":"2008-10-01T11:55:39","date_gmt":"2008-10-01T11:55:39","guid":{"rendered":"http:\/\/kulturbloggen.com\/?p=2080"},"modified":"2008-10-01T11:55:39","modified_gmt":"2008-10-01T11:55:39","slug":"vill-du-vara-med-och-utveckla-bloggtidningen","status":"publish","type":"post","link":"https:\/\/kulturbloggen.com\/?p=2080","title":{"rendered":"Vill du vara med och utveckla Bloggtidningen?"},"content":{"rendered":"<p>Bloggtidningen vill satsa, men beh\u00f6ver bli fler medarbetare. <a href=\"http:\/\/kattk.org\/ar-du-sugen-pa-att-blogga\/\">Jonas<\/a> som mest sk\u00f6ter Bloggtidningen sj\u00e4lv f\u00f6r tillf\u00e4llet (eftersom jag \u00e4r fullt sysselsatt med Kulturbloggen, <a href=\"http:\/\/arvidfalk.se\/\">Arvid Falk<\/a> och <a href=\"http:\/\/sodergren.com\/\">mitt frilansande<\/a> och seminarier jag h\u00e5ller) <a href=\"http:\/\/bloggtidningen.se\/2008\/09\/21\/bloggtidningen-soker-skribenter\/\">efterlyser fler medarbetare<\/a>:<\/p>\n<blockquote><p>V\u00e5ra ambition med Bloggtidningen \u00e4r att g\u00f6ra den till en k\u00e4lla f\u00f6r alla som vill h\u00e5lla sig ajour med den nordiska bloggv\u00e4rlden och den tekniska utvecklingen p\u00e5 webben.<\/p>\n<p>Vi jobbar sj\u00e4lvst\u00e4ndigt men kommunicerar kring redaktionella beslut. Det \u00e4r h\u00f6gt i tak och vi ser olikheter som en tillg\u00e5ng. Det st\u00e4ller krav p\u00e5 oss att vi tar ansvar f\u00f6r gemensamt fattade beslut i fr\u00e5gor som r\u00f6r Bloggtidningen som helhet.<\/p>\n<p>Bloggtidningen g\u00f6r vi p\u00e5 v\u00e5r fritid och v\u00e5r ambition \u00e4r nu en sattsning som skall g\u00f6ra Bloggtidningen kommersiellt g\u00e5ngbar. Det betyder att vi vill att vi som arbetar med Bloggtidningen skall kunna f\u00e5 n\u00e5gon form av ers\u00e4ttning f\u00f6r v\u00e5rt arbete vilket inte \u00e4r fallet f\u00f6r n\u00e4rvarande. Vi \u00e4r \u00f6vertygade om att det \u00e4r m\u00f6jligt med r\u00e4tt g\u00e4ng.<\/p><\/blockquote>\n<p><a href=\"http:\/\/bloggtidningen.se\/2008\/09\/21\/bloggtidningen-soker-skribenter\/\">L\u00e4s mer hos Bloggtidningen.<\/a><\/p>\n<p><a href='http:\/\/sodergren.com\/kulturbloggen\/wp-content\/uploads\/2008\/10\/bloggtidningen260.jpg'><img loading=\"lazy\" decoding=\"async\" src=\"http:\/\/sodergren.com\/kulturbloggen\/wp-content\/uploads\/2008\/10\/bloggtidningen260.jpg\" alt=\"\" title=\"bloggtidningen260\" width=\"260\" height=\"150\" class=\"aligncenter size-full wp-image-2085\" \/><\/a><\/p>\n<p>Andra bloggar om: <a href=\"http:\/\/bloggar.se\/om\/bloggtidningen\" rel=\"tag\">bloggtidningen<\/a>, <a href=\"http:\/\/bloggar.se\/om\/Kattkorgen\" rel=\"tag\">Kattkorgen<\/a><\/p>\n<p><a href='http:\/\/sodergren.com\/kulturbloggen\/wp-content\/uploads\/2008\/10\/bloggtidningen125.jpg'><img loading=\"lazy\" decoding=\"async\" src=\"http:\/\/sodergren.com\/kulturbloggen\/wp-content\/uploads\/2008\/10\/bloggtidningen125.jpg\" alt=\"\" title=\"bloggtidningen125\" width=\"125\" height=\"250\" class=\"alignnone size-medium wp-image-2086\" \/><\/a><\/p>\n","protected":false},"excerpt":{"rendered":"<p>Bloggtidningen vill satsa, men beh\u00f6ver bli fler medarbetare. Jonas som mest sk\u00f6ter Bloggtidningen sj\u00e4lv f\u00f6r tillf\u00e4llet (eftersom jag \u00e4r fullt sysselsatt med Kulturbloggen, Arvid Falk och mitt frilansande och seminarier jag h\u00e5ller) efterlyser fler medarbetare: V\u00e5ra ambition med Bloggtidningen \u00e4r att g\u00f6ra den till en k\u00e4lla f\u00f6r alla som vill h\u00e5lla sig ajour med den [&hellip;]<\/p>\n","protected":false},"author":2,"featured_media":0,"comment_status":"open","ping_status":"open","sticky":false,"template":"","format":"standard","meta":{"_genesis_hide_title":false,"_genesis_hide_breadcrumbs":false,"_genesis_hide_singular_image":false,"_genesis_hide_footer_widgets":false,"_genesis_custom_body_class":"","_genesis_custom_post_class":"","_genesis_layout":"","footnotes":""},"categories":[20],"tags":[41],"class_list":{"0":"post-2080","1":"post","2":"type-post","3":"status-publish","4":"format-standard","6":"category-film","7":"tag-bloggtidningen","8":"entry"},"_links":{"self":[{"href":"https:\/\/kulturbloggen.com\/index.php?rest_route=\/wp\/v2\/posts\/2080","targetHints":{"allow":["GET"]}}],"collection":[{"href":"https:\/\/kulturbloggen.com\/index.php?rest_route=\/wp\/v2\/posts"}],"about":[{"href":"https:\/\/kulturbloggen.com\/index.php?rest_route=\/wp\/v2\/types\/post"}],"author":[{"embeddable":true,"href":"https:\/\/kulturbloggen.com\/index.php?rest_route=\/wp\/v2\/users\/2"}],"replies":[{"embeddable":true,"href":"https:\/\/kulturbloggen.com\/index.php?rest_route=%2Fwp%2Fv2%2Fcomments&post=2080"}],"version-history":[{"count":0,"href":"https:\/\/kulturbloggen.com\/index.php?rest_route=\/wp\/v2\/posts\/2080\/revisions"}],"wp:attachment":[{"href":"https:\/\/kulturbloggen.com\/index.php?rest_route=%2Fwp%2Fv2%2Fmedia&parent=2080"}],"wp:term":[{"taxonomy":"category","embeddable":true,"href":"https:\/\/kulturbloggen.com\/index.php?rest_route=%2Fwp%2Fv2%2Fcategories&post=2080"},{"taxonomy":"post_tag","embeddable":true,"href":"https:\/\/kulturbloggen.com\/index.php?rest_route=%2Fwp%2Fv2%2Ftags&post=2080"}],"curies":[{"name":"wp","href":"https:\/\/api.w.org\/{rel}","templated":true}]}}