{"id":20777,"date":"2010-05-28T10:53:12","date_gmt":"2010-05-28T08:53:12","guid":{"rendered":"http:\/\/kulturbloggen.com\/?p=20777"},"modified":"2010-05-28T10:53:12","modified_gmt":"2010-05-28T08:53:12","slug":"ed-ruscha-pa-moderna-museet","status":"publish","type":"post","link":"https:\/\/kulturbloggen.com\/?p=20777","title":{"rendered":"Ed Ruscha p\u00e5 Moderna Museet"},"content":{"rendered":"<p><a href=\"http:\/\/kulturbloggen.com\/wp-content\/uploads\/2010\/05\/RUSCH-1962-Annie.jpg\"><img decoding=\"async\" src=\"http:\/\/kulturbloggen.com\/wp-content\/uploads\/2010\/05\/RUSCH-1962-Annie.jpg\" alt=\"\" title=\"RUSCH-1962-Annie\" class=\"aligncenter size-full wp-image-20778\" \/><\/a><\/p>\n<p><em>Ed Ruscha: 50 \u00e5r av m\u00e5leri<\/em> \u00e4r sommarens stora utst\u00e4llning p\u00e5 Moderna Museet och en hyllning till en av de st\u00f6rsta idag levande konstn\u00e4rerna. Ed Ruscha f\u00f6rknippas ofta med Los Angeles men \u00e4r respekterad av popkonst\u00e4lskare \u00f6ver hela v\u00e4rlden. Det h\u00e4r \u00e4r f\u00f6rsta g\u00e5ngen han visas separat i Sverige.<\/p>\n<p>Vad som utm\u00e4rker flera av Ed Ruschas konstverk \u00e4r att de har ett motiv och sedan en text som till synes saknar anknytning till motivet. Det \u00e4r just spr\u00e5kets g\u00e5tfullhet som \u00e4r hj\u00e4rtat i Ruschas konstn\u00e4rskap.<\/p>\n<p>Hans verk \u00e4r paradoxala. Ibland dr\u00f6mlika f\u00f6r att i n\u00e4sta stund vara n\u00e4stan absurt realistiska. I vissa fall \u00e4r det snarare avsaknaden av betydelse som provocerar tankar.<\/p>\n<p>Utst\u00e4llningen \u00e4r uppst\u00e4lld s\u00e5 att vissa grupper av tavlor h\u00e4nger tillsammans och skapar olika teman och sammanhang. Ett rum jag gillar \u00e4r dystert nedsl\u00e4ckt och d\u00e4r inne h\u00e4nger dimmiga portr\u00e4tt av kyrkor och vargar.<\/p>\n<p>Till skillnad fr\u00e5n Andy Warhol som exploaterar redan k\u00e4nda varum\u00e4rken skapar Ed Ruscha f\u00f6r det mesta konst av det anonyma.<\/p>\n<p><em>Ed Ruscha: 50 \u00e5r av m\u00e5leri<\/em> p\u00e5g\u00e5r mellan 29 maj \u2013 5 september.<\/p>\n<p><a href=\"http:\/\/www.modernamuseet.se\/Stockholm\/Utstallningar\/2010\/Ed-Ruscha\/\">Mer p\u00e5 Moderna Museets hemsida.<\/a><\/p>\n","protected":false},"excerpt":{"rendered":"<p>Ed Ruscha: 50 \u00e5r av m\u00e5leri \u00e4r sommarens stora utst\u00e4llning p\u00e5 Moderna Museet och en hyllning till en av de st\u00f6rsta idag levande konstn\u00e4rerna. Ed Ruscha f\u00f6rknippas ofta med Los Angeles men \u00e4r respekterad av popkonst\u00e4lskare \u00f6ver hela v\u00e4rlden. Det h\u00e4r \u00e4r f\u00f6rsta g\u00e5ngen han visas separat i Sverige. Vad som utm\u00e4rker flera av Ed [&hellip;]<\/p>\n","protected":false},"author":3,"featured_media":0,"comment_status":"open","ping_status":"open","sticky":false,"template":"","format":"standard","meta":{"_genesis_hide_title":false,"_genesis_hide_breadcrumbs":false,"_genesis_hide_singular_image":false,"_genesis_hide_footer_widgets":false,"_genesis_custom_body_class":"","_genesis_custom_post_class":"","_genesis_layout":"","footnotes":""},"categories":[16],"tags":[1446,3740,4435],"class_list":{"0":"post-20777","1":"post","2":"type-post","3":"status-publish","4":"format-standard","6":"category-recension","7":"tag-ed-ruscha","8":"tag-moderna-museet","9":"tag-popkonst","10":"entry"},"_links":{"self":[{"href":"https:\/\/kulturbloggen.com\/index.php?rest_route=\/wp\/v2\/posts\/20777","targetHints":{"allow":["GET"]}}],"collection":[{"href":"https:\/\/kulturbloggen.com\/index.php?rest_route=\/wp\/v2\/posts"}],"about":[{"href":"https:\/\/kulturbloggen.com\/index.php?rest_route=\/wp\/v2\/types\/post"}],"author":[{"embeddable":true,"href":"https:\/\/kulturbloggen.com\/index.php?rest_route=\/wp\/v2\/users\/3"}],"replies":[{"embeddable":true,"href":"https:\/\/kulturbloggen.com\/index.php?rest_route=%2Fwp%2Fv2%2Fcomments&post=20777"}],"version-history":[{"count":0,"href":"https:\/\/kulturbloggen.com\/index.php?rest_route=\/wp\/v2\/posts\/20777\/revisions"}],"wp:attachment":[{"href":"https:\/\/kulturbloggen.com\/index.php?rest_route=%2Fwp%2Fv2%2Fmedia&parent=20777"}],"wp:term":[{"taxonomy":"category","embeddable":true,"href":"https:\/\/kulturbloggen.com\/index.php?rest_route=%2Fwp%2Fv2%2Fcategories&post=20777"},{"taxonomy":"post_tag","embeddable":true,"href":"https:\/\/kulturbloggen.com\/index.php?rest_route=%2Fwp%2Fv2%2Ftags&post=20777"}],"curies":[{"name":"wp","href":"https:\/\/api.w.org\/{rel}","templated":true}]}}