{"id":2075,"date":"2008-10-01T05:49:59","date_gmt":"2008-10-01T05:49:59","guid":{"rendered":"http:\/\/kulturbloggen.com\/?p=2075"},"modified":"2008-10-01T05:49:59","modified_gmt":"2008-10-01T05:49:59","slug":"hogerregeringen-visar-sin-orutin-pa-att-regera-genom-att-sticka-huvudet-i-sanden-under-finanskrisen-men-i-natt-kan-krispaketet-vara-i-hamn","status":"publish","type":"post","link":"https:\/\/kulturbloggen.com\/?p=2075","title":{"rendered":"H\u00f6gerregeringen visar sin orutin genom att sticka huvudet i sanden under finanskrisen (men i natt kan krispaketet vara i hamn)"},"content":{"rendered":"<p>Finanskrisen sl\u00e5r mot jobben. Rekordm\u00e5nga har varslats.<\/p>\n<p><a href=\"http:\/\/www.aftonbladet.se\/nyheter\/article3431171.ab\">Aftonbladet:<\/a><\/p>\n<blockquote><p>Finanskrisen sl\u00e5r h\u00e5rt mot jobben i Sverige. I september har 9.370 personer varslats om upps\u00e4gning, visar Aftonbladets statistik. Det \u00e4r mer \u00e4n en tredubbling j\u00e4mf\u00f6rt med samma m\u00e5nad i fjol. Men botten \u00e4r \u00e4nnu inte n\u00e5dd.<br \/>\n\u2013 Nej. Det h\u00e4nder mycket varje dag och vi har utg\u00e5tt ifr\u00e5n att varslen och arbetsl\u00f6sheten ska \u00f6ka, s\u00e4ger Lena Liljeb\u00e4ck, stabchef p\u00e5 Arbetsf\u00f6rmedlingen.<\/p><\/blockquote>\n<p>Fr\u00e5gan \u00e4r om den svenska h\u00f6gerregeringen inte har sopat smutsen under mattan och agerat struts och stuckit huvudet i sanden och inte v\u00e5gat se situationen i ansiktet.<\/p>\n<p>N\u00e4r det \u00e4r ett s\u00e5dant h\u00e4r krisl\u00e4ge borde h\u00f6gerregeringen kallat in oppositionen f\u00f6r att diskutera situationen. I s\u00e5dana har situationer visar h\u00f6gerregeringen sin orutin i att ha regeringsmakten. Den har haft fullt upp med att klippa och klista med FRA-lagen, ist\u00e4llet.<\/p>\n<p>Men om ni funderat p\u00e5 att snabbt binda era r\u00f6rliga l\u00e5n, kanske det inte \u00e4r akutl\u00e4ge. Det finns ett ljus:<\/p>\n<blockquote><p>R\u00e4ddningen f\u00f6r USA:s ekonomi kan komma i natt.<br \/>\nD\u00e5 ska senaten r\u00f6sta om krisplanen som ska r\u00e4dda ekonomin fr\u00e5n h\u00e4rdsm\u00e4lta.<br \/>\nDen amerikanska kongressens f\u00f6rsta kammare, representanthuset, r\u00f6stade i m\u00e5ndags nej till det rekordstora krispaketet p\u00e5 700 miljarder dollar. (<a href=\"http:\/\/www.aftonbladet.se\/nyheter\/finanskrisen\/article3431388.ab\">K\u00e4lla Aftonbladet<\/a>)<\/p><\/blockquote>\n<p>Andra som bloggat om senaste turerna i krisen: <a href=\"http:\/\/markoswede.blogspot.com\/2008\/09\/krisen-visar-vem-som-agerar-vem-som.html\">Markos blog<\/a> och <a href=\"http:\/\/angelaroger.blogspot.com\/2008\/10\/drmlandet.html\">Angie Roger har diktat.<\/a><\/p>\n<p>Relaterade artiklar:<br \/>\n<a href=\"http:\/\/www.aftonbladet.se\/nyheter\/analys\/lenamellin\/article3431253.ab\">Lena Mellin: Det finns ljus i m\u00f6rkret<\/a><br \/>\n<a href=\"http:\/\/www.svd.se\/nyheter\/utrikes\/artikel_1809439.svd\">S rasar mot regeringen<\/a><br \/>\n<a href=\"http:\/\/www.svd.se\/nyheter\/utrikes\/artikel_1809439.svd\">Ny omr\u00f6stning ikv\u00e4ll<\/a><br \/>\n<a href=\"http:\/\/www.svd.se\/nyheter\/utrikes\/artikel_1809433.svd\">Krisen gynnar Obama<\/a><br \/>\n<a href=\"http:\/\/www.dn.se\/DNet\/jsp\/polopoly.jsp?d=3130&#038;a=834590\">Senaten r\u00f6star ikv\u00e4ll<\/a><\/p>\n<p>Andra bloggar om: <a href=\"http:\/\/bloggar.se\/om\/USA\" rel=\"tag\">USA<\/a>, <a href=\"http:\/\/bloggar.se\/om\/ekonomi\" rel=\"tag\">ekonomi<\/a>, <a href=\"http:\/\/bloggar.se\/om\/finanskrisen\" rel=\"tag\">finanskrisen<\/a>, <a href=\"http:\/\/bloggar.se\/om\/Obama\" rel=\"tag\">Obama<\/a>, <a href=\"http:\/\/bloggar.se\/om\/h%F6gerregeringen\" rel=\"tag\">h\u00f6gerregeringen<\/a>, <a href=\"http:\/\/bloggar.se\/om\/socialdemokraterna\" rel=\"tag\">socialdemokraterna<\/a>, <a href=\"http:\/\/bloggar.se\/om\/senaten\" rel=\"tag\">senaten<\/a><\/p>\n<p><a href='http:\/\/sodergren.com\/kulturbloggen\/wp-content\/uploads\/2008\/10\/senaten260.jpg'><img loading=\"lazy\" decoding=\"async\" src=\"http:\/\/sodergren.com\/kulturbloggen\/wp-content\/uploads\/2008\/10\/senaten260.jpg\" alt=\"\" title=\"senaten260\" width=\"260\" height=\"150\" class=\"alignnone size-medium wp-image-2076\" \/><\/a><\/p>\n","protected":false},"excerpt":{"rendered":"<p>Finanskrisen sl\u00e5r mot jobben. Rekordm\u00e5nga har varslats. Aftonbladet: Finanskrisen sl\u00e5r h\u00e5rt mot jobben i Sverige. I september har 9.370 personer varslats om upps\u00e4gning, visar Aftonbladets statistik. Det \u00e4r mer \u00e4n en tredubbling j\u00e4mf\u00f6rt med samma m\u00e5nad i fjol. Men botten \u00e4r \u00e4nnu inte n\u00e5dd. \u2013 Nej. Det h\u00e4nder mycket varje dag och vi har utg\u00e5tt [&hellip;]<\/p>\n","protected":false},"author":2,"featured_media":0,"comment_status":"open","ping_status":"open","sticky":false,"template":"","format":"standard","meta":{"_genesis_hide_title":false,"_genesis_hide_breadcrumbs":false,"_genesis_hide_singular_image":false,"_genesis_hide_footer_widgets":false,"_genesis_custom_body_class":"","_genesis_custom_post_class":"","_genesis_layout":"","footnotes":""},"categories":[20],"tags":[1463,6129],"class_list":{"0":"post-2075","1":"post","2":"type-post","3":"status-publish","4":"format-standard","6":"category-film","7":"tag-ekonomi","8":"tag-usa","9":"entry"},"_links":{"self":[{"href":"https:\/\/kulturbloggen.com\/index.php?rest_route=\/wp\/v2\/posts\/2075","targetHints":{"allow":["GET"]}}],"collection":[{"href":"https:\/\/kulturbloggen.com\/index.php?rest_route=\/wp\/v2\/posts"}],"about":[{"href":"https:\/\/kulturbloggen.com\/index.php?rest_route=\/wp\/v2\/types\/post"}],"author":[{"embeddable":true,"href":"https:\/\/kulturbloggen.com\/index.php?rest_route=\/wp\/v2\/users\/2"}],"replies":[{"embeddable":true,"href":"https:\/\/kulturbloggen.com\/index.php?rest_route=%2Fwp%2Fv2%2Fcomments&post=2075"}],"version-history":[{"count":0,"href":"https:\/\/kulturbloggen.com\/index.php?rest_route=\/wp\/v2\/posts\/2075\/revisions"}],"wp:attachment":[{"href":"https:\/\/kulturbloggen.com\/index.php?rest_route=%2Fwp%2Fv2%2Fmedia&parent=2075"}],"wp:term":[{"taxonomy":"category","embeddable":true,"href":"https:\/\/kulturbloggen.com\/index.php?rest_route=%2Fwp%2Fv2%2Fcategories&post=2075"},{"taxonomy":"post_tag","embeddable":true,"href":"https:\/\/kulturbloggen.com\/index.php?rest_route=%2Fwp%2Fv2%2Ftags&post=2075"}],"curies":[{"name":"wp","href":"https:\/\/api.w.org\/{rel}","templated":true}]}}