{"id":20683,"date":"2010-05-26T10:30:45","date_gmt":"2010-05-26T08:30:45","guid":{"rendered":"http:\/\/kulturbloggen.com\/?p=20683"},"modified":"2010-05-26T10:30:45","modified_gmt":"2010-05-26T08:30:45","slug":"dubbelt-sa-manga-smahusagare-i-stockholms-lan-far-sankt-skatt-jamfort-med-dem-som-far-hojd-med-de-rodgrona","status":"publish","type":"post","link":"https:\/\/kulturbloggen.com\/?p=20683","title":{"rendered":"Dubbelt s\u00e5 m\u00e5nga sm\u00e5hus\u00e4gare i Stockholms l\u00e4n f\u00e5r s\u00e4nkt skatt j\u00e4mf\u00f6rt med dem som f\u00e5r h\u00f6jd med de r\u00f6dgr\u00f6na"},"content":{"rendered":"<p><a href=\"http:\/\/kulturbloggen.com\/wp-content\/uploads\/2010\/05\/stockholmskampanjen.jpg\"><img loading=\"lazy\" decoding=\"async\" src=\"http:\/\/kulturbloggen.com\/wp-content\/uploads\/2010\/05\/stockholmskampanjen-300x225.jpg\" alt=\"\" title=\"stockholmskampanjen\" width=\"300\" height=\"225\" class=\"aligncenter size-medium wp-image-20701\" \/><\/a><br \/>\nEn del del medier har p\u00e5 senare tid f\u00f6rs\u00f6kt h\u00e4vda att sm\u00e5hus\u00e4gare skulle f\u00f6rlora ekonomiskt p\u00e5 de r\u00f6dgr\u00f6na. Som med rubriker som denna: <a href=\"http:\/\/www.dn.se\/nyheter\/valet2010\/manga-i-medelklassen-far-betala-ny-husskatt-1.1111337\">M\u00e5nga i medelklassen f\u00e5r betala ny husskatt<\/a>.<\/p>\n<p>Under onsdagen drog S ig\u00e5ng Stockholmskampanjen och Carin J\u00e4mtin, Thomas Bodstr\u00f6m och Thomas \u00d6stros m\u00f6tte pressen. D\u00e5 tog de upp de felaktiga beskrivningarna och pekade bland annat p\u00e5 att <a href=\"http:\/\/www.dn.se\/debatt\/bara-75-procent-av-lanets-hus-far-hojd-fastighetsskatt-1.1111228\">nya siffror<\/a> visar att fler sm\u00e5hus\u00ad\u00e4gare i Stockholms l\u00e4n f\u00e5r s\u00e4nkt skatt med de r\u00f6d gr\u00f6nas f\u00f6rslag.<\/p>\n<p>92 procent av fastigheterna f\u00e5r of\u00f6r\u00e4ndrade eller s\u00e4nkt fastighetsskatt. Alla med inkomst under 40.000 kronor skulle dock inte drabbas av h\u00f6jd fastighetsskatt eftersom till exempel pension\u00e4rer med l\u00e5g inkomst f\u00e5r of\u00f6r\u00e4ndrad skatt. De r\u00f6dgr\u00f6na vill ocks\u00e5 utvidga begr\u00e4nsningsregeln som inneb\u00e4r att man h\u00f6gst betalar 4 procent av sin inkomst i fastighetsskatt till att omfatta inte bara pension\u00e4rer, utan alla fastighets\u00e4gare.<br \/>\n<strong><br \/>\nThomas \u00d6stros<\/strong> tog ocks\u00e5 upp att S i Stockholmskampanjen lovar att om de f\u00e5r styra Stockholm vill de genomf\u00f6ra en b\u00e4ttre n\u00e4ringspolitik.<br \/>\n&#8211; Stockholm beh\u00f6ver en aktiv s\u00e5dan, sade \u00d6stros.<\/p>\n<p>S vill ha ha s\u00e4nkt arbetsgivareavgift f\u00f6r sm\u00e5f\u00f6retag och vill satsa p\u00e5 tiotusentals fler utbildnings- pch praktikplatser i Stockholms l\u00e4n.<br \/>\nROT-avdraget ska g\u00e4lla ocks\u00e5 f\u00f6r flerfamiljshus.<\/p>\n<p>N\u00e4r det g\u00e4ller medief\u00f6rvr\u00e4ngningen om de r\u00f6dgr\u00f6nas skattepolitik sade Thomas Bodstr\u00f6m<br \/>\n&#8211; Det \u00e4r de som tj\u00e4nat hundratusentals kronor p\u00e5 den borgerliga regeringen som kommer att betala en del.<\/p>\n<p>&#8211; I stort sett alla tj\u00e4nar ekonomiskt p\u00e5 den r\u00f6dgr\u00f6na politiken, sade Bodstr\u00f6m.<\/p>\n<p>Carin J\u00e4mtin tog upp att Stockholmskampanjen tar upp att S vill s\u00e4tta fokus p\u00e5 utbildning, arbete och bostad f\u00f6r ungdomar.<\/p>\n<p>Mer fr\u00e5n presskonferensen <a href=\"http:\/\/www.s-buzz.se\/2010\/05\/live-fran-presstraff-fyra-viktiga.html\">hos S-buzz<\/a> och hos <a href=\"http:\/\/viskot.wordpress.com\/2010\/05\/26\/forandrad-fastighetsskatt-okar-rorligheten\/\">Viktor Tullgren<\/a>.<\/p>\n<p>Relaterat:<br \/>\n<a href=\"http:\/\/www.dn.se\/ekonomi\/manga-klarar-inte-oforutsedd-utgift-1.1111356\">Dagens Nyheter<\/a>, <a href=\"http:\/\/www.svd.se\/naringsliv\/nyheter\/baksmalla-efter-bolanefesten_4770897.svd\">SVD1<\/a>, <a href=\"http:\/\/www.svd.se\/naringsliv\/nyheter\/manga-klarar-inte-oforutsedd-utgift_4770801.svd\">SVD2<\/a><\/p>\n<p>L\u00e4s \u00e4ven andra bloggares \u00e5sikter om <a rel=\"tag\" href=\"http:\/\/bloggar.se\/om\/val2010\">val2010<\/a>, <a rel=\"tag\" href=\"http:\/\/bloggar.se\/om\/politik\">politik<\/a>, <a rel=\"tag\" href=\"http:\/\/bloggar.se\/om\/r%F6dgr%F6na\">r\u00f6dgr\u00f6na<\/a>, <a rel=\"tag\" href=\"http:\/\/bloggar.se\/om\/fastighetsskatt\">fastighetsskatt<\/a>, <a rel=\"tag\" href=\"http:\/\/bloggar.se\/om\/skatter\">skatter<\/a>, <a rel=\"tag\" href=\"http:\/\/bloggar.se\/om\/n%E4ringspolitik\">n\u00e4ringspolitik<\/a>, <a rel=\"tag\" href=\"http:\/\/bloggar.se\/om\/Stockholm\">Stockholm<\/a><\/p>\n","protected":false},"excerpt":{"rendered":"<p>En del del medier har p\u00e5 senare tid f\u00f6rs\u00f6kt h\u00e4vda att sm\u00e5hus\u00e4gare skulle f\u00f6rlora ekonomiskt p\u00e5 de r\u00f6dgr\u00f6na. Som med rubriker som denna: M\u00e5nga i medelklassen f\u00e5r betala ny husskatt. Under onsdagen drog S ig\u00e5ng Stockholmskampanjen och Carin J\u00e4mtin, Thomas Bodstr\u00f6m och Thomas \u00d6stros m\u00f6tte pressen. D\u00e5 tog de upp de felaktiga beskrivningarna och pekade [&hellip;]<\/p>\n","protected":false},"author":13,"featured_media":0,"comment_status":"open","ping_status":"open","sticky":false,"template":"","format":"standard","meta":{"_genesis_hide_title":false,"_genesis_hide_breadcrumbs":false,"_genesis_hide_singular_image":false,"_genesis_hide_footer_widgets":false,"_genesis_custom_body_class":"","_genesis_custom_post_class":"","_genesis_layout":"","footnotes":""},"categories":[20],"tags":[1672,4083,12284,4877,5105,5400,6163],"class_list":{"0":"post-20683","1":"post","2":"type-post","3":"status-publish","4":"format-standard","6":"category-film","7":"tag-fastighetsskatt","8":"tag-naringspolitik","9":"tag-politik","10":"tag-rodgrona","11":"tag-skatter","12":"tag-stockholm","13":"tag-val2010","14":"entry"},"_links":{"self":[{"href":"https:\/\/kulturbloggen.com\/index.php?rest_route=\/wp\/v2\/posts\/20683","targetHints":{"allow":["GET"]}}],"collection":[{"href":"https:\/\/kulturbloggen.com\/index.php?rest_route=\/wp\/v2\/posts"}],"about":[{"href":"https:\/\/kulturbloggen.com\/index.php?rest_route=\/wp\/v2\/types\/post"}],"author":[{"embeddable":true,"href":"https:\/\/kulturbloggen.com\/index.php?rest_route=\/wp\/v2\/users\/13"}],"replies":[{"embeddable":true,"href":"https:\/\/kulturbloggen.com\/index.php?rest_route=%2Fwp%2Fv2%2Fcomments&post=20683"}],"version-history":[{"count":0,"href":"https:\/\/kulturbloggen.com\/index.php?rest_route=\/wp\/v2\/posts\/20683\/revisions"}],"wp:attachment":[{"href":"https:\/\/kulturbloggen.com\/index.php?rest_route=%2Fwp%2Fv2%2Fmedia&parent=20683"}],"wp:term":[{"taxonomy":"category","embeddable":true,"href":"https:\/\/kulturbloggen.com\/index.php?rest_route=%2Fwp%2Fv2%2Fcategories&post=20683"},{"taxonomy":"post_tag","embeddable":true,"href":"https:\/\/kulturbloggen.com\/index.php?rest_route=%2Fwp%2Fv2%2Ftags&post=20683"}],"curies":[{"name":"wp","href":"https:\/\/api.w.org\/{rel}","templated":true}]}}