{"id":20659,"date":"2010-05-25T13:33:24","date_gmt":"2010-05-25T11:33:24","guid":{"rendered":"http:\/\/kulturbloggen.com\/?p=20659"},"modified":"2010-05-25T13:33:24","modified_gmt":"2010-05-25T11:33:24","slug":"prinsessan-madeleine-staller-in-vart-mote-nu-blir-jag-besviken","status":"publish","type":"post","link":"https:\/\/kulturbloggen.com\/?p=20659","title":{"rendered":"Prinsessan Madeleine st\u00e4ller in v\u00e5rt m\u00f6te"},"content":{"rendered":"<p><a href=\"http:\/\/kulturbloggen.com\/wp-content\/uploads\/2010\/04\/prinsessbok.jpg\"><img loading=\"lazy\" decoding=\"async\" src=\"http:\/\/kulturbloggen.com\/wp-content\/uploads\/2010\/04\/prinsessbok-216x300.jpg\" alt=\"\" title=\"prinsessbok\" width=\"216\" height=\"300\" class=\"aligncenter size-medium wp-image-19550\" \/><\/a><br \/>\nPrinsessan Madeleine st\u00e4ller in alla sina uppdrag ett bra tag fram\u00f6ver. Det enda hon kommer p\u00e5 \u00e4r sin systers br\u00f6llop 19 juni.<br \/>\nHon hade ju lovat att komma den 1 juni till Konserthuset i Stockholm. Hon stod f\u00f6r   utdelningen av litteraturpriset till Astrid Lindgrens minne som ska ske d\u00e5.<br \/>\nKulturbloggen \u00e4r en av de inbjudna g\u00e4sterna.<\/p>\n<p><a href=\"http:\/\/www.aftonbladet.se\/brollopet\/article7185796.ab\">Aftonbladet skriver:<\/a><\/p>\n<blockquote><p>Prinsessan Madeleine kommer inte att delta i n\u00e5gon av de tre lysningarna f\u00f6r kronprinsessan Victoria och Daniel Westling.<\/p>\n<p>Inte heller deltar hon vid n\u00e5gra av sina angivna offentliga framtr\u00e4danden i juni.<\/p>\n<p>\u2013 Prinsessan Madeleine har inga offentliga uppdrag innan br\u00f6llopet, s\u00e4ger hovets informationssekreterare Ulrika N\u00e4sholm.<\/p><\/blockquote>\n<p>Jag tycker inte att den mediejakt som bedrivits varit rimlig, s\u00e5 jag har f\u00f6rst\u00e5else f\u00f6r hennes reaktion.<br \/>\nEn ung kvinna ska inte beh\u00f6va st\u00e5 ut med den jakten av medier.<br \/>\nMen jag undrar: vem ska nu dela ut Astrid Lindgren-priset?<br \/>\nJag f\u00f6rst\u00e5r ocks\u00e5 varf\u00f6r biljetterna inte anl\u00e4nt. De skulle komma med posten.<br \/>\nMen har inte kommit. Det \u00e4r nog en och annan som blir besviken, f\u00f6r det var ju utlovat en sk\u00e5l med pristagaren och utdelaren efter\u00e5t. Visserligen hundratals personer i samma sal, s\u00e5 tr\u00e5ngt skulle det blivit, men \u00e4nd\u00e5 &#8230;<\/p>\n<p>Relaterat.<br \/>\n<a href=\"http:\/\/www.expressen.se\/Nyheter\/1.2000357\/madeleine-staller-in-flera-uppdrag\">Expressen<\/a><\/p>\n<p>L\u00e4s \u00e4ven andra bloggares \u00e5sikter om <a href=\"http:\/\/bloggar.se\/om\/medier\" rel=\"tag\">medier<\/a>, <a href=\"http:\/\/bloggar.se\/om\/hovet\" rel=\"tag\">hovet<\/a>, <a href=\"http:\/\/bloggar.se\/om\/prinsessor\" rel=\"tag\">prinsessor<\/a>, <a href=\"http:\/\/bloggar.se\/om\/mediedrev\" rel=\"tag\">mediedrev<\/a>, <a href=\"http:\/\/bloggar.se\/om\/Madeleine\" rel=\"tag\">Madeleine<\/a><\/p>\n","protected":false},"excerpt":{"rendered":"<p>Prinsessan Madeleine st\u00e4ller in alla sina uppdrag ett bra tag fram\u00f6ver. Det enda hon kommer p\u00e5 \u00e4r sin systers br\u00f6llop 19 juni. Hon hade ju lovat att komma den 1 juni till Konserthuset i Stockholm. Hon stod f\u00f6r utdelningen av litteraturpriset till Astrid Lindgrens minne som ska ske d\u00e5. Kulturbloggen \u00e4r en av de inbjudna [&hellip;]<\/p>\n","protected":false},"author":13,"featured_media":0,"comment_status":"open","ping_status":"open","sticky":false,"template":"","format":"standard","meta":{"_genesis_hide_title":false,"_genesis_hide_breadcrumbs":false,"_genesis_hide_singular_image":false,"_genesis_hide_footer_widgets":false,"_genesis_custom_body_class":"","_genesis_custom_post_class":"","_genesis_layout":"","footnotes":""},"categories":[62],"tags":[2320,3582,4505],"class_list":{"0":"post-20659","1":"post","2":"type-post","3":"status-publish","4":"format-standard","6":"category-medie-och-kulturpolitik","7":"tag-hovet","8":"tag-medier","9":"tag-prinsessor","10":"entry"},"_links":{"self":[{"href":"https:\/\/kulturbloggen.com\/index.php?rest_route=\/wp\/v2\/posts\/20659","targetHints":{"allow":["GET"]}}],"collection":[{"href":"https:\/\/kulturbloggen.com\/index.php?rest_route=\/wp\/v2\/posts"}],"about":[{"href":"https:\/\/kulturbloggen.com\/index.php?rest_route=\/wp\/v2\/types\/post"}],"author":[{"embeddable":true,"href":"https:\/\/kulturbloggen.com\/index.php?rest_route=\/wp\/v2\/users\/13"}],"replies":[{"embeddable":true,"href":"https:\/\/kulturbloggen.com\/index.php?rest_route=%2Fwp%2Fv2%2Fcomments&post=20659"}],"version-history":[{"count":0,"href":"https:\/\/kulturbloggen.com\/index.php?rest_route=\/wp\/v2\/posts\/20659\/revisions"}],"wp:attachment":[{"href":"https:\/\/kulturbloggen.com\/index.php?rest_route=%2Fwp%2Fv2%2Fmedia&parent=20659"}],"wp:term":[{"taxonomy":"category","embeddable":true,"href":"https:\/\/kulturbloggen.com\/index.php?rest_route=%2Fwp%2Fv2%2Fcategories&post=20659"},{"taxonomy":"post_tag","embeddable":true,"href":"https:\/\/kulturbloggen.com\/index.php?rest_route=%2Fwp%2Fv2%2Ftags&post=20659"}],"curies":[{"name":"wp","href":"https:\/\/api.w.org\/{rel}","templated":true}]}}