{"id":20653,"date":"2010-05-25T12:21:30","date_gmt":"2010-05-25T10:21:30","guid":{"rendered":"http:\/\/kulturbloggen.com\/?p=20653"},"modified":"2010-05-25T12:21:30","modified_gmt":"2010-05-25T10:21:30","slug":"interaktiva-deckaren-bryggan-ger-en-forsmak-av-hur-litteraturen-kommer-att-se-ut-i-framtiden","status":"publish","type":"post","link":"https:\/\/kulturbloggen.com\/?p=20653","title":{"rendered":"Interaktiva deckaren Bryggan ger en f\u00f6rsmak av hur litteraturen kommer att se ut i framtiden"},"content":{"rendered":"<p><a href=\"http:\/\/kulturbloggen.com\/wp-content\/uploads\/2010\/05\/bryggan.jpg\"><img loading=\"lazy\" decoding=\"async\" src=\"http:\/\/kulturbloggen.com\/wp-content\/uploads\/2010\/05\/bryggan-240x300.jpg\" alt=\"\" title=\"bryggan\" width=\"240\" height=\"300\" class=\"aligncenter size-medium wp-image-20656\" \/><\/a><\/p>\n<p>Bryggan \u00e4r en deckare som har kommit till genom ett samarbete p\u00e5 webben mellan Lokaldelen.se och Karin Wahlberg.<br \/>\nF\u00f6rfattaren, Karin Wahlberg, skrev del f\u00f6r del som publicerades p\u00e5 webben och sedan kunde sajtens bes\u00f6kare vara delaktiga, framf\u00f6r allt genom att leta reda p\u00e5 saker p\u00e5 Internet.<\/p>\n<p>Nu \u00e4r boken klar och finns i vanlig pappersbokformat och det var releasefest f\u00f6r boken.<\/p>\n<p>Karin Wahlberg var sj\u00e4lv p\u00e5 plats och hon ber\u00e4ttade att hon blev s\u00e5 intresserad av den poliskvinna, Beata, som d\u00f6k upp i &#8221;Bryggan&#8221; att hon troligen kommer att \u00e5terkomma i fler av Wahlbergs b\u00f6cker.<\/p>\n<p>Karin Wahlberg \u00e4r en intressant f\u00f6rfattare som att trots att hennes b\u00f6cker s\u00e4ljer bra forts\u00e4tter arbeta inom sitt yrke. Hon \u00e4r l\u00e4kare.<\/p>\n<p>&#8211; Jag brukar arbeta som l\u00e4kare tv\u00e5 veckor och sedan skriver jag i tv\u00e5-tre veckor, ber\u00e4ttar hon.<\/p>\n<p>Jag antog att det var n\u00e5got hon hade nytta av som f\u00f6rfattare, att m\u00f6ta m\u00e4nniskor i sitt jobb som l\u00e4kare. Det h\u00f6ll hon med om, men framf\u00f6rallt menade hon att det var bra f\u00f6r henne sj\u00e4lv. Att sitta och skriva som f\u00f6rfattare \u00e4r ganska isolerat och det \u00e4r l\u00e4tt att bli \u00f6verk\u00e4nslig, k\u00e4nna sig os\u00e4ker p\u00e5 om det man g\u00f6r \u00e4r bra eller inte.<\/p>\n<p>Projektet att skriva en bok p\u00e5 det h\u00e4r interaktiva s\u00e4ttet tyckte hon varit kul.<\/p>\n<p>Jag ser framf\u00f6r mig oanade m\u00f6jligheter f\u00f6r b\u00f6ckers utveckling nu n\u00e4r ipad och\/eller andra l\u00e4splattor kommit. Litteratur kan bli mycket mer dynamiskt, men k\u00e4llh\u00e4nvisningar som g\u00e5r att klicka p\u00e5, spel i b\u00f6ckerna och m\u00f6jligheter till interaktivitet och medskapande p\u00e5 m\u00e5nga s\u00e4tt.<\/p>\n<p><a href=\" http:\/\/static.lokaldelen.se\/static\/sv_SE\/om-lokaldelen\/Deckarkampen.html\">H\u00e4r \u00e4r sidan f\u00f6r Deckarkampen, d\u00e4r l\u00e4sarna kunde bidrag till boken Bryggan.<\/a><\/p>\n<p><a href=\"http:\/\/www.mynewsdesk.com\/se\/pressroom\/lokaldelen-i-sverige-ab\/pressrelease\/view\/ett-brutalt-mord-en-utomaektenskaplig-affaer-och-en-laesare-som-maaste-loesa-mysteriet-381642\">Ett pressmeddelande om projektet<\/a> och h\u00e4r har <a href=\" http:\/\/deckarbiten.wordpress.com\/2010\/03\/13\/bryggan-av-karin-wahlberg\/\">bloggen Deckarbiten<\/a> ber\u00e4ttat om Bryggan.<\/p>\n<p><a href=\"http:\/\/www.karinwahlberg.se\/\">Karin Wahlberg har f\u00f6rst\u00e5s en hemsida ocks\u00e5.<\/a><\/p>\n<p>L\u00e4s \u00e4ven andra bloggares \u00e5sikter om <a href=\"http:\/\/bloggar.se\/om\/interaktivitet\" rel=\"tag\">interaktivitet<\/a>, <a href=\"http:\/\/bloggar.se\/om\/bokrelease\" rel=\"tag\">bokrelease<\/a>, <a href=\"http:\/\/bloggar.se\/om\/deckare\" rel=\"tag\">deckare<\/a><\/p>\n","protected":false},"excerpt":{"rendered":"<p>Bryggan \u00e4r en deckare som har kommit till genom ett samarbete p\u00e5 webben mellan Lokaldelen.se och Karin Wahlberg. F\u00f6rfattaren, Karin Wahlberg, skrev del f\u00f6r del som publicerades p\u00e5 webben och sedan kunde sajtens bes\u00f6kare vara delaktiga, framf\u00f6r allt genom att leta reda p\u00e5 saker p\u00e5 Internet. Nu \u00e4r boken klar och finns i vanlig pappersbokformat [&hellip;]<\/p>\n","protected":false},"author":13,"featured_media":0,"comment_status":"open","ping_status":"open","sticky":false,"template":"","format":"standard","meta":{"_genesis_hide_title":false,"_genesis_hide_breadcrumbs":false,"_genesis_hide_singular_image":false,"_genesis_hide_footer_widgets":false,"_genesis_custom_body_class":"","_genesis_custom_post_class":"","_genesis_layout":"","footnotes":""},"categories":[62,3],"tags":[790,1197,2506],"class_list":{"0":"post-20653","1":"post","2":"type-post","3":"status-publish","4":"format-standard","6":"category-medie-och-kulturpolitik","7":"category-litteratur","8":"tag-bokrelease","9":"tag-deckare","10":"tag-interaktivitet","11":"entry"},"_links":{"self":[{"href":"https:\/\/kulturbloggen.com\/index.php?rest_route=\/wp\/v2\/posts\/20653","targetHints":{"allow":["GET"]}}],"collection":[{"href":"https:\/\/kulturbloggen.com\/index.php?rest_route=\/wp\/v2\/posts"}],"about":[{"href":"https:\/\/kulturbloggen.com\/index.php?rest_route=\/wp\/v2\/types\/post"}],"author":[{"embeddable":true,"href":"https:\/\/kulturbloggen.com\/index.php?rest_route=\/wp\/v2\/users\/13"}],"replies":[{"embeddable":true,"href":"https:\/\/kulturbloggen.com\/index.php?rest_route=%2Fwp%2Fv2%2Fcomments&post=20653"}],"version-history":[{"count":0,"href":"https:\/\/kulturbloggen.com\/index.php?rest_route=\/wp\/v2\/posts\/20653\/revisions"}],"wp:attachment":[{"href":"https:\/\/kulturbloggen.com\/index.php?rest_route=%2Fwp%2Fv2%2Fmedia&parent=20653"}],"wp:term":[{"taxonomy":"category","embeddable":true,"href":"https:\/\/kulturbloggen.com\/index.php?rest_route=%2Fwp%2Fv2%2Fcategories&post=20653"},{"taxonomy":"post_tag","embeddable":true,"href":"https:\/\/kulturbloggen.com\/index.php?rest_route=%2Fwp%2Fv2%2Ftags&post=20653"}],"curies":[{"name":"wp","href":"https:\/\/api.w.org\/{rel}","templated":true}]}}