{"id":20547,"date":"2010-05-22T12:33:43","date_gmt":"2010-05-22T10:33:43","guid":{"rendered":"http:\/\/kulturbloggen.com\/?p=20547"},"modified":"2010-05-22T12:33:43","modified_gmt":"2010-05-22T10:33:43","slug":"anna-lena-lofgren-r-i-p","status":"publish","type":"post","link":"https:\/\/kulturbloggen.com\/?p=20547","title":{"rendered":"Anna Lena L\u00f6fgren R.I.P."},"content":{"rendered":"<p><a href=\"http:\/\/kulturbloggen.com\/wp-content\/uploads\/2010\/05\/anna-lena_lofgren.jpg\"><img loading=\"lazy\" decoding=\"async\" src=\"http:\/\/kulturbloggen.com\/wp-content\/uploads\/2010\/05\/anna-lena_lofgren-300x300.jpg\" alt=\"\" title=\"anna-lena_lofgren\" width=\"300\" height=\"300\" class=\"aligncenter size-medium wp-image-20552\" \/><\/a><br \/>\nLyckliga gatan f\u00f6rsvann f\u00f6r l\u00e4nge sedan. Men nu finns inte dess fr\u00e4mste ambassad\u00f6r heller.<br \/>\nLyckliga gatans inv\u00e5nare finns inte mer.<br \/>\nF\u00f6r m\u00e5nga av oss som minns en tid f\u00f6re mp3-filer och f\u00f6re Facebook \u00e4r det en sorgens dag. Sent p\u00e5 fredagskv\u00e4llen avled Anna Lena L\u00f6fgren: s\u00e5ngerskan med r\u00f6sten som inneh\u00e5ll s\u00e5 mycket k\u00e4nsla. Hon blev 66 \u00e5r.<\/p>\n<p>Det var flera stora s\u00e5ngerskor som hade m\u00e5nga s\u00e5nger p\u00e5 Svensktopp och ofta. En av de som p\u00e5verkade mig mest under min barndom var just Anna Lena L\u00f6fgren.<br \/>\nHennes s\u00e5ng Lyckliga gatan har ekat i mitt huvud under hela livet, av och till.<br \/>\nHon hade n\u00e4rmare 40 s\u00e5nger p\u00e5 Svensktoppen \u00e5ren mellan 1962 och 1995.<\/p>\n<p><a href=\"http:\/\/www.sydsvenskan.se\/sverige\/article880574\/Anna-Lena-Lofgren-dod.html\">Ur Sydsvenskan:<\/a><\/p>\n<p>Hennes st\u00f6rsta hit, Lyckliga gatan, sj\u00f6ng hon in 1967. Den l\u00e5g p\u00e5 Svensktoppen i 14 veckor och f\u00f6rs\u00e4ljningen fr\u00e5n den gav henne guld-, diamant- och platinaskiva \u00e4ven i Norge.<\/p>\n<p>&#8217;<\/p>\n<p><object width=\"480\" height=\"385\"><param name=\"movie\" value=\"http:\/\/www.youtube.com\/v\/YE0-KWo_dhs&#038;hl=sv_SE&#038;fs=1&#038;\"><\/param><param name=\"allowFullScreen\" value=\"true\"><\/param><param name=\"allowscriptaccess\" value=\"always\"><\/param><embed src=\"http:\/\/www.youtube.com\/v\/YE0-KWo_dhs&#038;hl=sv_SE&#038;fs=1&#038;\" type=\"application\/x-shockwave-flash\" allowscriptaccess=\"always\" allowfullscreen=\"true\" width=\"480\" height=\"385\"><\/embed><\/object><\/p>\n<p>Relaterat: <a href=\"http:\/\/www.aftonbladet.se\/nyheter\/article7169066.ab\">Aftonbladet<\/a>, <a href=\"http:\/\/www.dn.se\/kultur-noje\/nyheter\/anna-lena-lofgren-dod-1.1109630\">Dagens Nyheter<\/a> och <a href=\"http:\/\/www.expressen.se\/noje\/1.1996371\/anna-lena-lofgren-dod\">Expressen<\/a>.<\/p>\n<p>L\u00e4s \u00e4ven andra bloggares \u00e5sikter om <a href=\"http:\/\/bloggar.se\/om\/d%F6dsfall\" rel=\"tag\">d\u00f6dsfall<\/a>, <a href=\"http:\/\/bloggar.se\/om\/musik\" rel=\"tag\">musik<\/a>, <a href=\"http:\/\/bloggar.se\/om\/Svensktoppen\" rel=\"tag\">Svensktoppen<\/a>, <a href=\"http:\/\/bloggar.se\/om\/R.I.P.\" rel=\"tag\">R.I.P.<\/a>, <a href=\"http:\/\/bloggar.se\/om\/Anna-Lena+L%F6fgren\" rel=\"tag\">Anna-Lena L\u00f6fgren<\/a><\/p>\n","protected":false},"excerpt":{"rendered":"<p>Lyckliga gatan f\u00f6rsvann f\u00f6r l\u00e4nge sedan. Men nu finns inte dess fr\u00e4mste ambassad\u00f6r heller. Lyckliga gatans inv\u00e5nare finns inte mer. F\u00f6r m\u00e5nga av oss som minns en tid f\u00f6re mp3-filer och f\u00f6re Facebook \u00e4r det en sorgens dag. Sent p\u00e5 fredagskv\u00e4llen avled Anna Lena L\u00f6fgren: s\u00e5ngerskan med r\u00f6sten som inneh\u00e5ll s\u00e5 mycket k\u00e4nsla. Hon blev [&hellip;]<\/p>\n","protected":false},"author":2,"featured_media":0,"comment_status":"open","ping_status":"open","sticky":false,"template":"","format":"standard","meta":{"_genesis_hide_title":false,"_genesis_hide_breadcrumbs":false,"_genesis_hide_singular_image":false,"_genesis_hide_footer_widgets":false,"_genesis_custom_body_class":"","_genesis_custom_post_class":"","_genesis_layout":"","footnotes":""},"categories":[7],"tags":[1426,12282,15,5531],"class_list":{"0":"post-20547","1":"post","2":"type-post","3":"status-publish","4":"format-standard","6":"category-musik","7":"tag-dodsfall","8":"tag-musik","9":"tag-r-i-p","10":"tag-svensktoppen","11":"entry"},"_links":{"self":[{"href":"https:\/\/kulturbloggen.com\/index.php?rest_route=\/wp\/v2\/posts\/20547","targetHints":{"allow":["GET"]}}],"collection":[{"href":"https:\/\/kulturbloggen.com\/index.php?rest_route=\/wp\/v2\/posts"}],"about":[{"href":"https:\/\/kulturbloggen.com\/index.php?rest_route=\/wp\/v2\/types\/post"}],"author":[{"embeddable":true,"href":"https:\/\/kulturbloggen.com\/index.php?rest_route=\/wp\/v2\/users\/2"}],"replies":[{"embeddable":true,"href":"https:\/\/kulturbloggen.com\/index.php?rest_route=%2Fwp%2Fv2%2Fcomments&post=20547"}],"version-history":[{"count":0,"href":"https:\/\/kulturbloggen.com\/index.php?rest_route=\/wp\/v2\/posts\/20547\/revisions"}],"wp:attachment":[{"href":"https:\/\/kulturbloggen.com\/index.php?rest_route=%2Fwp%2Fv2%2Fmedia&parent=20547"}],"wp:term":[{"taxonomy":"category","embeddable":true,"href":"https:\/\/kulturbloggen.com\/index.php?rest_route=%2Fwp%2Fv2%2Fcategories&post=20547"},{"taxonomy":"post_tag","embeddable":true,"href":"https:\/\/kulturbloggen.com\/index.php?rest_route=%2Fwp%2Fv2%2Ftags&post=20547"}],"curies":[{"name":"wp","href":"https:\/\/api.w.org\/{rel}","templated":true}]}}