{"id":204694,"date":"2026-04-29T19:54:13","date_gmt":"2026-04-29T18:54:13","guid":{"rendered":"https:\/\/kulturbloggen.com\/?p=204694"},"modified":"2026-04-29T19:54:14","modified_gmt":"2026-04-29T18:54:14","slug":"filmrecension-medelklassen-bitvis-valdigt-rolig-men-ocksa-orealistisk","status":"publish","type":"post","link":"https:\/\/kulturbloggen.com\/?p=204694","title":{"rendered":"Filmrecension: Medelklassen &#8211; bitvis v\u00e4ldigt rolig men ocks\u00e5 orealistisk"},"content":{"rendered":"<p><img decoding=\"async\" class=\"aligncenter size-full wp-image-186912\" src=\"https:\/\/kulturbloggen.com\/wp-content\/uploads\/2026\/04\/unnamed-6-1.jpg\" alt=\"Medelklassen\" width=\"500\" \/><\/p>\n<p>Medelklassen<br \/>\nbetyg 3<br \/>\nSvensk biopremi\u00e4r 1 maj 2026<br \/>\nRegi  Antony Cordier<br \/>\nSk\u00e5despelare Laurent Lafitte, \u00c9lodie Bouchez, Ramzy Bedia, Laure Calamy, Sami Outalbali, No\u00e9e Abita, Mahia Zrouki<\/p>\n<p>En film om en bortsk\u00e4md \u00f6vre medelklass och ett storbr\u00e5k med deras anst\u00e4llda. En rolig och absurd handling men \u00e4nd\u00e5 lite av en besvikelse. N\u00e4r en film heter Medelklassen och har premi\u00e4r 1 maj v\u00e4ntar jag mig en film om klassklyftor, men f\u00f6r att vara en klasskampskomedi saknar den en mer seri\u00f6s analys.<\/p>\n<p>En v\u00e4lb\u00e4rgad familj i \u00f6vre medelklassen har en lyxig sommarvilla med en simbass\u00e4ng. De tillbringar tre m\u00e5nader per \u00e5r d\u00e4r och har en familj som bor gratis i ett hus bredvid och som \u00e4r anst\u00e4llda som vaktm\u00e4stare. Ett ganska lugnt vaktm\u00e4starjobb eftersom de bara beh\u00f6ver passa upp p\u00e5 husets \u00e4gare tre m\u00e5nader per \u00e5r.<\/p>\n<p>Under \u00e5ren har dock dessa tv\u00e5 familjen hunnit bli r\u00e4tt irriterade p\u00e5 varandra. F\u00f6r en mindre h\u00e4ndelse g\u00f6r att det exploderar och det blir en helt skoningsl\u00f6s konflikter mellan de tv\u00e5 familjerna. Det \u00e4r dock en r\u00e4tt orealistisk skildring om \u00e4r sv\u00e5r att tro p\u00e5 och det \u00e4r om\u00f6jligt att tycka om n\u00e5gon, egentligen. Ingen beter sig s\u00e4rskilt vettigt. Den v\u00e4lb\u00e4rgade medelklassfamiljen framst\u00e5r som extremt ytlig och egoistisk men tj\u00e4nstefolket \u00e4r inte b\u00e4ttre.<\/p>\n<p>Ber\u00e4ttelsen har flera riktigt orealistiska inslag som att vaktm\u00e4starfamiljen goda kontakter med polisen och kan d\u00e4rf\u00f6r inte bli polisanm\u00e4lda trots att de beg\u00e5tt brott. Det brukar i 99 fall av 100 vara den \u00f6vre klassens privilegium att vara v\u00e4nskapskorrumperad med myndigheter och poliser.<\/p>\n<p>Ett pressmeddelande ber\u00e4ttar om filmen:<br \/>\n<em>Antony Cordiers satiriska komedi Medelklassen (Classe Moyenne, aka The Party&#8217;s Over) hade v\u00e4rldspremi\u00e4r i Directors&#8217; Fortnight p\u00e5 Cannes Film Festival. Filmen hyllades av kritiker f\u00f6r sin tr\u00e4ffs\u00e4kra och kolsvarta humor, lysande sk\u00e5despeleri samt sin skoningsl\u00f6sa skildring av klasskonflikten mellan n\u00e4stan lika osympatiska rika och fattiga \u2013 i samma satiriska anda som Ruben \u00d6stlund och Parasit. I Frankrike blev filmen dessutom en stor publiksucc\u00e9 med \u00f6ver 300.000 biobes\u00f6kare!<\/em><\/p>\n<p>Den \u00e4r rej\u00e4lt \u00f6verdriven men bitvis r\u00e4tt rolig \u00e4nd\u00e5 och driften med karakt\u00e4rerna \u00e4r skoningsl\u00f6s och s\u00e4ger n\u00e5got om alla samh\u00e4llsklasser i dagens v\u00e4stv\u00e4rld. Den visar hur alla samh\u00e4llsklasser f\u00f6rs\u00f6ker vara \u00f6versittare.<\/p>\n<p><iframe loading=\"lazy\" width=\"560\" height=\"315\" src=\"https:\/\/www.youtube.com\/embed\/9cgWYqxBWc0?si=XgwJ06SRHWbTPrNn\" title=\"YouTube video player\" frameborder=\"0\" allow=\"accelerometer; autoplay; clipboard-write; encrypted-media; gyroscope; picture-in-picture; web-share\" referrerpolicy=\"strict-origin-when-cross-origin\" allowfullscreen><\/iframe><\/p>\n","protected":false},"excerpt":{"rendered":"<p>Medelklassen betyg 3 Svensk biopremi\u00e4r 1 maj 2026 Regi Antony Cordier Sk\u00e5despelare Laurent Lafitte, \u00c9lodie Bouchez, Ramzy Bedia, Laure Calamy, Sami Outalbali, No\u00e9e Abita, Mahia Zrouki En film om en bortsk\u00e4md \u00f6vre medelklass och ett storbr\u00e5k med deras anst\u00e4llda. En rolig och absurd handling men \u00e4nd\u00e5 lite av en besvikelse. N\u00e4r en film heter Medelklassen [&hellip;]<\/p>\n","protected":false},"author":2,"featured_media":204698,"comment_status":"closed","ping_status":"closed","sticky":false,"template":"","format":"standard","meta":{"_genesis_hide_title":false,"_genesis_hide_breadcrumbs":false,"_genesis_hide_singular_image":false,"_genesis_hide_footer_widgets":false,"_genesis_custom_body_class":"","_genesis_custom_post_class":"","_genesis_layout":"","footnotes":""},"categories":[50,51,16,20,13624],"tags":[],"class_list":{"0":"post-204694","1":"post","2":"type-post","3":"status-publish","4":"format-standard","5":"has-post-thumbnail","7":"category-filmfilm","8":"category-filmer","9":"category-recension","10":"category-film","11":"category-toppnytt","12":"entry"},"_links":{"self":[{"href":"https:\/\/kulturbloggen.com\/index.php?rest_route=\/wp\/v2\/posts\/204694","targetHints":{"allow":["GET"]}}],"collection":[{"href":"https:\/\/kulturbloggen.com\/index.php?rest_route=\/wp\/v2\/posts"}],"about":[{"href":"https:\/\/kulturbloggen.com\/index.php?rest_route=\/wp\/v2\/types\/post"}],"author":[{"embeddable":true,"href":"https:\/\/kulturbloggen.com\/index.php?rest_route=\/wp\/v2\/users\/2"}],"replies":[{"embeddable":true,"href":"https:\/\/kulturbloggen.com\/index.php?rest_route=%2Fwp%2Fv2%2Fcomments&post=204694"}],"version-history":[{"count":10,"href":"https:\/\/kulturbloggen.com\/index.php?rest_route=\/wp\/v2\/posts\/204694\/revisions"}],"predecessor-version":[{"id":204705,"href":"https:\/\/kulturbloggen.com\/index.php?rest_route=\/wp\/v2\/posts\/204694\/revisions\/204705"}],"wp:featuredmedia":[{"embeddable":true,"href":"https:\/\/kulturbloggen.com\/index.php?rest_route=\/wp\/v2\/media\/204698"}],"wp:attachment":[{"href":"https:\/\/kulturbloggen.com\/index.php?rest_route=%2Fwp%2Fv2%2Fmedia&parent=204694"}],"wp:term":[{"taxonomy":"category","embeddable":true,"href":"https:\/\/kulturbloggen.com\/index.php?rest_route=%2Fwp%2Fv2%2Fcategories&post=204694"},{"taxonomy":"post_tag","embeddable":true,"href":"https:\/\/kulturbloggen.com\/index.php?rest_route=%2Fwp%2Fv2%2Ftags&post=204694"}],"curies":[{"name":"wp","href":"https:\/\/api.w.org\/{rel}","templated":true}]}}