{"id":204658,"date":"2026-04-26T05:36:11","date_gmt":"2026-04-26T04:36:11","guid":{"rendered":"https:\/\/kulturbloggen.com\/?p=204658"},"modified":"2026-04-26T05:40:30","modified_gmt":"2026-04-26T04:40:30","slug":"kronika-bandet-som-forsvann-och-dok-upp-pa-kapellet","status":"publish","type":"post","link":"https:\/\/kulturbloggen.com\/?p=204658","title":{"rendered":"Kr\u00f6nika: Bandet som f\u00f6rsvann \u2013 och d\u00f6k upp p\u00e5 Kapellet"},"content":{"rendered":"\n<figure class=\"wp-block-image size-full\"><img loading=\"lazy\" decoding=\"async\" width=\"650\" height=\"488\" src=\"https:\/\/kulturbloggen.com\/wp-content\/uploads\/2026\/04\/IMG_20260426_062139.jpg.jpeg\" alt=\"\" class=\"wp-image-204659\" srcset=\"https:\/\/kulturbloggen.com\/wp-content\/uploads\/2026\/04\/IMG_20260426_062139.jpg.jpeg 650w, https:\/\/kulturbloggen.com\/wp-content\/uploads\/2026\/04\/IMG_20260426_062139.jpg-300x225.jpeg 300w\" sizes=\"auto, (max-width: 650px) 100vw, 650px\" \/><figcaption class=\"wp-element-caption\">Dear Nora p\u00e5 Kapellet Stockholm.<\/figcaption><\/figure>\n\n\n\n<p>Det finns kv\u00e4llar som inte riktigt g\u00e5r att planera fram. De bara h\u00e4nder, lite vid sidan av allt annat. Som om de uppst\u00e5r i en glipa i schemat, mellan st\u00f6rre saker som redan f\u00e5tt sina rubriker. Ig\u00e5r var en s\u00e5dan kv\u00e4ll.<\/p>\n\n\n\n<p>Dear Nora&nbsp;spelade p\u00e5 Kapellet \u2013 den d\u00e4r m\u00e4rkliga, lite undang\u00f6mda baren som ligger inkl\u00e4md mellan&nbsp;Hus 7&nbsp;och&nbsp;Slaktkyrkan. En plats man l\u00e4tt missar om man inte vet att den finns, men som pl\u00f6tsligt k\u00e4nns som v\u00e4rldens mittpunkt n\u00e4r man v\u00e4l st\u00e5r d\u00e4r.<\/p>\n\n\n\n<p>Vi var kanske hundra personer. Inte fler. Det i sig s\u00e4ger n\u00e5got. F\u00f6r Dear Nora \u00e4r inget vanligt band \u2013 det \u00e4r mer som en r\u00f6relse som dyker upp, f\u00f6rsvinner och sedan, ov\u00e4ntat, \u00e5terv\u00e4nder.<\/p>\n\n\n\n<p>Projektet tog form i slutet av 90-talet kring Katy Davidson, sl\u00e4ppte n\u00e5gra skivor som levde ett ganska undanskymt liv och f\u00f6rsvann sedan n\u00e4stan helt i ett decennium. N\u00e4r namnet d\u00f6k upp igen var det inte som en nostalgisk comeback, utan snarare som n\u00e5got som envist \u00f6verlevt. Ett band som i efterhand f\u00e5tt kultstatus \u2013 och d\u00e4rf\u00f6r kunnat \u00e5terv\u00e4nda p\u00e5 sina egna villkor.<\/p>\n\n\n\n<p>Kanske \u00e4r det just d\u00e4rf\u00f6r allt k\u00e4nns s\u00e5\u2026 of\u00e4rdigt, p\u00e5 b\u00e4sta m\u00f6jliga s\u00e4tt. Som att det fortfarande p\u00e5g\u00e5r.<\/p>\n\n\n\n<p>Den h\u00e4r Europaturn\u00e9n \u2013 om man ens kan kalla den s\u00e5 \u2013 b\u00e4r tydliga sp\u00e5r av det. Den k\u00e4nns inte planerad i traditionell mening, utan snarare hopfogad l\u00e4ngs v\u00e4gen. N\u00e5gra datum h\u00e4r, ett d\u00e4r. Sm\u00e5 rum, sm\u00e5 scener. Spelningen p\u00e5 Kapellet d\u00f6k upp med kort varsel, som om den lika g\u00e4rna hade kunnat utebli.<\/p>\n\n\n\n<p>Och mitt i allt detta: Kapellet.<\/p>\n\n\n\n<p>Dear Nora har alltid r\u00f6rt sig i ett l\u00e5gm\u00e4lt landskap d\u00e4r l\u00e5tarna inte f\u00f6rs\u00f6ker vinna \u00f6ver dig. De bara finns d\u00e4r. Live blir det \u00e4nnu tydligare. Det \u00e4r inte musik som tar plats \u2013 det \u00e4r musik som skapar utrymme.<\/p>\n\n\n\n<p>Det \u00e4r l\u00e4tt att prata om intimitet, men h\u00e4r handlar det inte om estetik. Ingenting k\u00e4nns iscensatt. Det bara uppst\u00e5r. I pauserna, i det lite trevande mellansnacket, i hur tiden f\u00e5r str\u00e4cka ut sig. De undrar fr\u00e5n scen om svenskar verkligen \u00e4r s\u00e5 blyga som de verkar \u2013 f\u00f6r att sedan sj\u00e4lva luckra upp den d\u00e4r f\u00f6rsiktigheten. Pl\u00f6tsligt kliver en Alice upp p\u00e5 den minimala scenen och visar motsatsen, och g\u00f6r det dessutom med sj\u00e4lvklar n\u00e4rvaro i ett par l\u00e5tar.<\/p>\n\n\n\n<p>Det slog mig hur ovanligt det \u00e4r. Hur mycket som annars \u00e4r planerat, paketerat, optimerat. Men h\u00e4r fanns inget av det. Bara en kv\u00e4ll som r\u00e5kade bli.<\/p>\n\n\n\n<p>Tidigare samma kv\u00e4ll stod vi p\u00e5&nbsp;Per Anderssons Kardborreshow, d\u00e4r nuet upprepades som ett mantra \u2013 h\u00e4r och nu, p\u00e5 riktigt. Men det var f\u00f6rst h\u00e4r, p\u00e5 Kapellet, som det faktiskt k\u00e4ndes sant. Som en paus i verkligheten, d\u00e4r allt annat stannade upp och vi bara var.<\/p>\n\n\n\n<p>Och kanske \u00e4r det just d\u00e4rf\u00f6r det dr\u00f6jer sig kvar.<\/p>\n\n\n\n<p>N\u00e4r man g\u00e5r ut i Slakthusomr\u00e5dets r\u00e5a nattluft \u00e4r det inte en specifik l\u00e5t man b\u00e4r med sig, inte ett enskilt \u00f6gonblick. Utan en k\u00e4nsla av att ha varit med om n\u00e5got som lika g\u00e4rna kunde ha uteblivit.<\/p>\n\n\n\n<p>Ett band som f\u00f6rsvunnit och kommit tillbaka.<br>En turn\u00e9 som knappt k\u00e4nns som en turn\u00e9.<br>Ett rum som n\u00e4stan inte finns.<\/p>\n\n\n\n<p>Och hundra personer som r\u00e5kade vara d\u00e4r just d\u00e5.<\/p>\n","protected":false},"excerpt":{"rendered":"<p>Det finns kv\u00e4llar som inte riktigt g\u00e5r att planera fram. De bara h\u00e4nder, lite vid sidan av allt annat. Som om de uppst\u00e5r i en glipa i schemat, mellan st\u00f6rre saker som redan f\u00e5tt sina rubriker. Ig\u00e5r var en s\u00e5dan kv\u00e4ll. Dear Nora&nbsp;spelade p\u00e5 Kapellet \u2013 den d\u00e4r m\u00e4rkliga, lite undang\u00f6mda baren som ligger inkl\u00e4md [&hellip;]<\/p>\n","protected":false},"author":12,"featured_media":0,"comment_status":"closed","ping_status":"closed","sticky":false,"template":"","format":"standard","meta":{"_genesis_hide_title":false,"_genesis_hide_breadcrumbs":false,"_genesis_hide_singular_image":false,"_genesis_hide_footer_widgets":false,"_genesis_custom_body_class":"","_genesis_custom_post_class":"","_genesis_layout":"","footnotes":""},"categories":[13624],"tags":[],"class_list":{"0":"post-204658","1":"post","2":"type-post","3":"status-publish","4":"format-standard","6":"category-toppnytt","7":"entry"},"_links":{"self":[{"href":"https:\/\/kulturbloggen.com\/index.php?rest_route=\/wp\/v2\/posts\/204658","targetHints":{"allow":["GET"]}}],"collection":[{"href":"https:\/\/kulturbloggen.com\/index.php?rest_route=\/wp\/v2\/posts"}],"about":[{"href":"https:\/\/kulturbloggen.com\/index.php?rest_route=\/wp\/v2\/types\/post"}],"author":[{"embeddable":true,"href":"https:\/\/kulturbloggen.com\/index.php?rest_route=\/wp\/v2\/users\/12"}],"replies":[{"embeddable":true,"href":"https:\/\/kulturbloggen.com\/index.php?rest_route=%2Fwp%2Fv2%2Fcomments&post=204658"}],"version-history":[{"count":2,"href":"https:\/\/kulturbloggen.com\/index.php?rest_route=\/wp\/v2\/posts\/204658\/revisions"}],"predecessor-version":[{"id":204661,"href":"https:\/\/kulturbloggen.com\/index.php?rest_route=\/wp\/v2\/posts\/204658\/revisions\/204661"}],"wp:attachment":[{"href":"https:\/\/kulturbloggen.com\/index.php?rest_route=%2Fwp%2Fv2%2Fmedia&parent=204658"}],"wp:term":[{"taxonomy":"category","embeddable":true,"href":"https:\/\/kulturbloggen.com\/index.php?rest_route=%2Fwp%2Fv2%2Fcategories&post=204658"},{"taxonomy":"post_tag","embeddable":true,"href":"https:\/\/kulturbloggen.com\/index.php?rest_route=%2Fwp%2Fv2%2Ftags&post=204658"}],"curies":[{"name":"wp","href":"https:\/\/api.w.org\/{rel}","templated":true}]}}