{"id":20391,"date":"2010-05-16T09:10:38","date_gmt":"2010-05-16T07:10:38","guid":{"rendered":"http:\/\/kulturbloggen.com\/?p=20391"},"modified":"2010-05-16T09:10:38","modified_gmt":"2010-05-16T07:10:38","slug":"nu-kan-ni-stodja-kulturbloggen-med-flattr","status":"publish","type":"post","link":"https:\/\/kulturbloggen.com\/?p=20391","title":{"rendered":"Nu kan ni st\u00f6dja Kulturbloggen med FlattR"},"content":{"rendered":"<p><a href=\"http:\/\/kulturbloggen.com\/wp-content\/uploads\/2010\/05\/flattr.png\"><img loading=\"lazy\" decoding=\"async\" src=\"http:\/\/kulturbloggen.com\/wp-content\/uploads\/2010\/05\/flattr-300x89.png\" alt=\"\" title=\"flattr\" width=\"300\" height=\"89\" class=\"aligncenter size-medium wp-image-20396\" \/><\/a><br \/>\n<a href=\"https:\/\/flattr.com\/\">FlattR \u00e4r en tj\u00e4nst p\u00e5 Internet<\/a> som g\u00f6r att m\u00e4nniskor som tillf\u00f6r inneh\u00e5ll till webben kan f\u00e5 betalt. Det kan vara den som g\u00f6r ett filmklipp och det kan vara blogginl\u00e4gg, till exempel. Fast<\/p>\n<p>Initiativtagare och grundare \u00e4r Peter Sunde Kolmisoppi och Linus Olsson. F\u00f6r Flattr rankades p\u00e5 <a href=\"http:\/\/www.idg.se\/2.1085\/1.316785\/arets-webbentreprenorer-peter-sunde-kolmisoppi-och-linus-olsson\">plats nummer 10 i Internetsworlds lista \u00f6ver \u00c5rets webbentrepren\u00f6rer<\/a>:<\/p>\n<blockquote><p>Flattr g\u00e5r ut p\u00e5 att &#8221;smickra&#8221; en webbplats genom att donera pengar som f\u00f6rdelas fr\u00e5n en fast summa man s\u00e4tter in varje m\u00e5nad. Vem som helst ska kunna ge, utan mellanh\u00e4nder. Och Flattr \u00e4r en startup som vet hur de ska tj\u00e4na pengar p\u00e5 m\u00e5nga b\u00e4ckar sm\u00e5. I dagsl\u00e4get tar de 10 procent av inbetalade m\u00e5nadsbelopp. Tanken fram\u00f6ver \u00e4r att anv\u00e4ndarna, f\u00f6rutom webbplatser, ocks\u00e5 ska kunna &#8221;flattra&#8221; filer som mp3:or, bilder eller video. Innan \u00e5ret \u00e4r slut ska Flattr l\u00e4mna betastadiet, men fr\u00e5gan \u00e4r om Peter Sunde Kolmisoppi och hans team beh\u00e5ller Flattr f\u00f6r sig sj\u00e4lva eller om n\u00e5gon av webbj\u00e4ttarna tror lika starkt p\u00e5 id\u00e9n som vi g\u00f6r<\/p><\/blockquote>\n<p>Nu finns Kulturbloggen d\u00e4r p\u00e5 FlattR. Jag tycker som sagt det \u00e4r intressant att testa nya funktioner p\u00e5 webben.<\/p>\n<p>FlattR befinner sig fortfarande i beta-stadiet och en f\u00f6rsta version 1.0 sl\u00e4pps vid \u00e5rsskiftet, verkar det som. D\u00e4rf\u00f6r \u00e4r det bra att komma med feedback.<\/p>\n<p>Ett problem \u00e4r ju att s\u00e5 m\u00e5nga inte vet vad FlattR \u00e4r. S\u00e5 n\u00e4r de ser ett inl\u00e4gg p\u00e5 Kulturbloggen \u00e4r de kan flattr:a vet de hur det fungerar. Och jag tror att f\u00f6r att kunna flattr:a n\u00e5gon m\u00e5ste man vara med i FlattR. Och det blir man \u00e4nnu s\u00e5 l\u00e4nge bara genom att f\u00e5 en invite.<\/p>\n<p>Jag f\u00f6rs\u00f6kte l\u00e4gga in ett videoklipp till FlattR. Klippet som var mitt hade jag lagt in p\u00e5 <a href=\"http:\/\/www.youtube.com\/user\/Kulturbloggen\">Kulturbloggens Youtube-kanal<\/a>.<br \/>\nDet gick att l\u00e4gga till den i FlattR, men koden f\u00f6r att flattr:a den gick inte att l\u00e4gga in vid klippet p\u00e5 Youtube, s\u00e5 d\u00e5 fungerar det ju \u00e4nd\u00e5 inte.<\/p>\n<p>N\u00e5v\u00e4l: det \u00e4r ju trots allt bara betaversionen, s\u00e5 mycket kommer s\u00e4kert att h\u00e4nda.<br \/>\nFast jag vet inte om det \u00e4r r\u00e4tt v\u00e4g att g\u00e5 att till exempel musiker ska f\u00e5 betalt f\u00f6r sin musik via FlattR. Det ska v\u00e4l i s\u00e5 fall vara ett komplement till annat.<\/p>\n<p>&#8212;<br \/>\nK\u00e4nner du igen namnet p\u00e5 Peter Sunde, en av grundarna av FlattR? Jod\u00e5, det \u00e4r samma Peter Sunde som drog ig\u00e5ng Pirate Bay.<\/p>\n<p><a href=\"http:\/\/opassande.se\/index.php\/2010\/02\/11\/opassande-pa-flattr\/\">Opassande finns ocks\u00e5 p\u00e5 FlattR.<\/a><\/p>\n<p><script type=\"text\/javascript\">\n\tvar flattr_url = 'http:\/\/kulturbloggen.com\/';\n<\/script><br \/>\n<script src=\"http:\/\/api.flattr.com\/button\/load.js\" type=\"text\/javascript\"><\/script><\/p>\n<p>Relaterat:<br \/>\n<a href=\"http:\/\/www.sydsvenskan.se\/kultur-och-nojen\/article629142\/Peter-Sunde-byter-kurs-med-Flattr.html\">Sydsvenskan<\/a> och <a href=\"http:\/\/www.naknasanningen.com\/2010\/02\/flattr.html\">Magnus Br\u00e5ths blogg.<\/a><\/p>\n<p>L\u00e4s \u00e4ven andra bloggares \u00e5sikter om <a href=\"http:\/\/bloggar.se\/om\/ekonomi\" rel=\"tag\">ekonomi<\/a>, <a href=\"http:\/\/bloggar.se\/om\/IT\" rel=\"tag\">IT<\/a>, <a href=\"http:\/\/bloggar.se\/om\/teknik\" rel=\"tag\">teknik<\/a>, <a href=\"http:\/\/bloggar.se\/om\/Flattr\" rel=\"tag\">Flattr<\/a>, <a href=\"http:\/\/bloggar.se\/om\/piratebay\" rel=\"tag\">piratebay<\/a><\/p>\n","protected":false},"excerpt":{"rendered":"<p>FlattR \u00e4r en tj\u00e4nst p\u00e5 Internet som g\u00f6r att m\u00e4nniskor som tillf\u00f6r inneh\u00e5ll till webben kan f\u00e5 betalt. Det kan vara den som g\u00f6r ett filmklipp och det kan vara blogginl\u00e4gg, till exempel. Fast Initiativtagare och grundare \u00e4r Peter Sunde Kolmisoppi och Linus Olsson. F\u00f6r Flattr rankades p\u00e5 plats nummer 10 i Internetsworlds lista \u00f6ver [&hellip;]<\/p>\n","protected":false},"author":2,"featured_media":0,"comment_status":"open","ping_status":"open","sticky":false,"template":"","format":"standard","meta":{"_genesis_hide_title":false,"_genesis_hide_breadcrumbs":false,"_genesis_hide_singular_image":false,"_genesis_hide_footer_widgets":false,"_genesis_custom_body_class":"","_genesis_custom_post_class":"","_genesis_layout":"","footnotes":""},"categories":[62],"tags":[1463,1773,2574,5669],"class_list":{"0":"post-20391","1":"post","2":"type-post","3":"status-publish","4":"format-standard","6":"category-medie-och-kulturpolitik","7":"tag-ekonomi","8":"tag-flattr","9":"tag-it","10":"tag-teknik","11":"entry"},"_links":{"self":[{"href":"https:\/\/kulturbloggen.com\/index.php?rest_route=\/wp\/v2\/posts\/20391","targetHints":{"allow":["GET"]}}],"collection":[{"href":"https:\/\/kulturbloggen.com\/index.php?rest_route=\/wp\/v2\/posts"}],"about":[{"href":"https:\/\/kulturbloggen.com\/index.php?rest_route=\/wp\/v2\/types\/post"}],"author":[{"embeddable":true,"href":"https:\/\/kulturbloggen.com\/index.php?rest_route=\/wp\/v2\/users\/2"}],"replies":[{"embeddable":true,"href":"https:\/\/kulturbloggen.com\/index.php?rest_route=%2Fwp%2Fv2%2Fcomments&post=20391"}],"version-history":[{"count":0,"href":"https:\/\/kulturbloggen.com\/index.php?rest_route=\/wp\/v2\/posts\/20391\/revisions"}],"wp:attachment":[{"href":"https:\/\/kulturbloggen.com\/index.php?rest_route=%2Fwp%2Fv2%2Fmedia&parent=20391"}],"wp:term":[{"taxonomy":"category","embeddable":true,"href":"https:\/\/kulturbloggen.com\/index.php?rest_route=%2Fwp%2Fv2%2Fcategories&post=20391"},{"taxonomy":"post_tag","embeddable":true,"href":"https:\/\/kulturbloggen.com\/index.php?rest_route=%2Fwp%2Fv2%2Ftags&post=20391"}],"curies":[{"name":"wp","href":"https:\/\/api.w.org\/{rel}","templated":true}]}}