{"id":203293,"date":"2026-05-01T11:38:58","date_gmt":"2026-05-01T10:38:58","guid":{"rendered":"https:\/\/kulturbloggen.com\/?p=203293"},"modified":"2026-05-01T11:38:58","modified_gmt":"2026-05-01T10:38:58","slug":"poetiskt-tema-pendlar-mellan-det-lagmalda-och-framsvepande-blir-det-inte-mer-sa-ar-det-nog-av-lovisa-jennervall","status":"publish","type":"post","link":"https:\/\/kulturbloggen.com\/?p=203293","title":{"rendered":"Poetiskt tema pendlar mellan det l\u00e5gm\u00e4lda och framsvepande &#8211; &#8221;Blir det inte mer s\u00e5 \u00e4r det nog&#8221; av Lovisa Jennervall"},"content":{"rendered":"\n<figure class=\"wp-block-image size-full\"><img loading=\"lazy\" decoding=\"async\" width=\"500\" height=\"500\" src=\"https:\/\/kulturbloggen.com\/wp-content\/uploads\/2026\/03\/1291284_001.jpg\" alt=\"\" class=\"wp-image-203296\" srcset=\"https:\/\/kulturbloggen.com\/wp-content\/uploads\/2026\/03\/1291284_001.jpg 500w, https:\/\/kulturbloggen.com\/wp-content\/uploads\/2026\/03\/1291284_001-300x300.jpg 300w, https:\/\/kulturbloggen.com\/wp-content\/uploads\/2026\/03\/1291284_001-150x150.jpg 150w\" sizes=\"auto, (max-width: 500px) 100vw, 500px\" \/><\/figure>\n\n\n\n<p>Lovisa Jennervall<\/p>\n\n\n\n<p>blir det inte mer s\u00e5 \u00e4r det nog<\/p>\n\n\n\n<p>4<\/p>\n\n\n\n<p>Prophone Records (distr. Naxos)<\/p>\n\n\n\n<p>Releasedatum: 24\/4 2026<\/p>\n\n\n\n<p>S\u00e5ngerskan, l\u00e5tskrivaren och tons\u00e4ttaren Lovisa Jennervall k\u00e4nner vi huvudsakligen fr\u00e5n Ellas Kapell vars frontfigur hon \u00e4r. Kvartetten som \u00e4r aktuell med sin fj\u00e4rde full\u00e4ngdare har f\u00e5tt sina f\u00f6reg\u00e5ende album recenserade av undertecknad plus \u00e5tminstone en av deras konserter. Ut\u00f6ver detta frodande projekt recenserades debuten i eget namn, som till skillnad fr\u00e5n repertoaren i Ellas Kapell bestod av egna original. Under Jazzfestivalen i Stockholm i f\u00f6rfjol befann mig f\u00f6r f\u00f6rsta g\u00e5ngen p\u00e5 nya Cirkus. Lyssnade d\u00e5 p\u00e5 tribut till Blossom Dearie med med f\u00f6r uppdraget specialkomponerad pianotrio. Sj\u00f6ng med den \u00e4ran  d\u00e5 gjorde Jennervall tillsammans med eller avl\u00f6st av Amanda Ginsburg. 35-\u00e5ringen har f\u00f6rekommit i fler konstellationer, exempelvis sjunger hon jazziga barnvisor i Sture Kvinett.<\/p>\n\n\n\n<p>Inte utan att man \u00e4r lite nyfiken p\u00e5 hur id\u00e9n till den senaste skapelsen uppstod. P\u00e5 den ges ny musikalisk skrud \u00e5t dikter av svenska och finlandssvenska poetissor. Texterna som valt ut kretsar kring naturen, den m\u00e4nniskan \u00e4r beroende av, omges av men ocks\u00e5 vistas i som rekreation och motvikt till en stressad modern tillvaro. B\u00e5de ikoniska och mindre k\u00e4nda diktare har tonsatts. Soundet s\u00e4gs r\u00f6ra sig fritt mellan jazz, visa och improvisation.<\/p>\n\n\n\n<p> S\u00e4ttningen \u00e4r minst sagt originell. Kompletterar det i sammanhanget givna instrumentet piano g\u00f6r trombon, cello och i ett alster ocks\u00e5 fl\u00f6jt. F\u00f6rutom det vokala och tons\u00e4ttning st\u00e5r Jennervall f\u00f6r arrangemang och p\u00e5 tv\u00e5 kompositioner spelar hon p\u00e5 flygel. I f\u00f6rgrunden musikaliskt finns Emil Ingmar vid flygeln, en pianist och komposit\u00f6r som recenserats i lyriska ordalag. Kan underligt nog inte erinra mig ha h\u00f6rt honom live. Trombon spelas av den flitiga Lisa Bodelius som jag tr\u00e4ffade h\u00e4rf\u00f6rleden p\u00e5 Utopia. Multiinstrumentalisten medverkar i en rad projekt, hade i flera \u00e5r sin bas i Fr\u00f6ken Elvis. Cello trakteras av Dorotea Dragodan, en cross over- musiker jag inte p\u00e5 rak arm kan s\u00e4ga att jag h\u00f6rt talas om. Hon \u00e4r utbildad musikl\u00e4rare, undervisar i cellospel  och haft anst\u00e4llning i orkestrar.  Hittat info hos Skivbolaget om att Jennervall \u00e4r pianist p\u00e5 <em>Morgons\u00e5ng <\/em>och i albumets instrumentala outro medan Lina L\u00f6vstrand rekryterats som fl\u00f6jtist i <em>Lisen och skogen. <\/em><\/p>\n\n\n\n<figure class=\"wp-block-image size-large\"><img loading=\"lazy\" decoding=\"async\" width=\"467\" height=\"700\" src=\"https:\/\/kulturbloggen.com\/wp-content\/uploads\/2026\/03\/LovisaJennervall_07_-467x700.webp\" alt=\"\" class=\"wp-image-203531\" srcset=\"https:\/\/kulturbloggen.com\/wp-content\/uploads\/2026\/03\/LovisaJennervall_07_-467x700.webp 467w, https:\/\/kulturbloggen.com\/wp-content\/uploads\/2026\/03\/LovisaJennervall_07_-200x300.webp 200w, https:\/\/kulturbloggen.com\/wp-content\/uploads\/2026\/03\/LovisaJennervall_07_.webp 750w\" sizes=\"auto, (max-width: 467px) 100vw, 467px\" \/><figcaption class=\"wp-element-caption\">pressfoto Elvira Gl\u00e4nte<\/figcaption><\/figure>\n\n\n\n<p>I denna \u00f6verlag l\u00e5gm\u00e4lda poetiska resa m\u00e5las det med ord och toner i ett sv\u00e4vande, tr\u00f6sterikt sound. Vilka skaldinnor som tonsatts? B\u00f6rjar man bakifr\u00e5n hamnar vi hos Anna Maria Lenngren (1754-1817), \u00f6vers\u00e4ttare, satiriker och idylliker som skrev ett par alster vilka levt kvar in i v\u00e5r tid. Flyttar vi cirka ett sekel fram\u00e5t i tiden st\u00f6ter vi p\u00e5 en &#8221;superk\u00e4ndis&#8221; och ett namn vilket lyfts fram av finsmakare. Syftar p\u00e5 Edith S\u00f6dergran vars idoga och lysande uttolkare \u00e4r Anna Kruse och Harriet L\u00f6venhjelm ((1887-1918) B\u00e5da dog i ung \u00e5lder av tuberkulos efter att ha vistats p\u00e5 sanatorium. Trots att L\u00f6venhjelm fr\u00e4mst s\u00e5g sig som bildkonstn\u00e4r ing\u00e5r en handfull av hennes dikter i vad som kan betraktas som lyrik\u00e4lskares kanon. En i vittra kretsar lika omtalad och mytomspunnen person var Karin Boye, alltid aktuell k\u00e4nns det som. Recenserat flera scenkonstverk om hennes biografi och g\u00e4rning och gav i julklapp till mamma cd:n d\u00e4r Daniel Lemma sjunger Karin Boye-tons\u00e4ttningar. H\u00e4r representeras hon av <em>V\u00e5rvisa <\/em>och <em>Vart ord av dig. <\/em>Av lyrikern, f\u00f6rfattaren, forna journalisten och psalmisten Ylva Eggehorn (f. 1950) har <em>Morgons\u00e5ng <\/em>tonsatts. Den yngsta i skaran \u00e4r den finlandssvenska poeten, konstn\u00e4ren och ess\u00e4isten Eva-Stina Byggm\u00e4star (f. 1967) vars medtagna dikts titel anspelar p\u00e5 h\u00f6stens f\u00e4rger i naturen. Hon \u00e4r mycket produktiv, r\u00f6nt stor framg\u00e5ng hos kritiker och bel\u00f6nats med en m\u00e4ngd priser.<\/p>\n\n\n\n<p>Jennervall har en r\u00f6st man k\u00e4nner igen om man lyssnat p\u00e5 Ellas Kapell, ett personligt uttryck som stannar kvar. Vill \u00e4nd\u00e5 l\u00e4gga in en sm\u00e4rre anm\u00e4rkning g\u00e4llande skivan. Betoningen av stavelser blir ibland lite otydlig. Med en extern producent hade det kanske jobbats mer med artikulationen. J\u00e4mf\u00f6r till exempel med Anna Kruse. I somliga tons\u00e4ttningar blir det uppenbart att texterna inte var \u00e4mnade att sjungas. Ang\u00e5ende samlat omd\u00f6me var tanken att utdela 3+ , men efter ha f\u00f6rsjunkit i produktionen igen fastnade jag vid arrangemangen, hur omsorgsfullt instrumenten ser till att musiken f\u00e5r andas.<\/p>\n\n\n\n<p>Typiskt f\u00f6r s\u00e5ngerskan \u00e4r lusten att ge sig av ordl\u00f6st, att \u00e4gna sig \u00e5t scats\u00e5ng. Lite m\u00e4rkligt \u00e4nd\u00e5 att ist\u00e4llet f\u00f6r omkv\u00e4de motsvarande refr\u00e4ng h\u00f6rs ordl\u00f6s st\u00e4mma. Ingmar och Bodelius visar sig vara idealiska f\u00f6r uppdraget. N\u00e5gra av deras stick f\u00f6rtj\u00e4nar att lyftas fram, exempelvis hur fullkomligt ljuvligt trombonisten broderar ut feature p\u00e5 <em>Vart av dig <\/em>och uts\u00f6kt avl\u00f6ses av pianistens anslag.  Dikters st\u00e4mningar tas fram p\u00e5 ett betagande vis medan cellons harmonik lyh\u00f6rt binder samman, mestadels i bakgrunden. Lisa L\u00f6vstrands kvillrande melodi p\u00e5 fl\u00f6jt i <em>Lisen och skogen <\/em>tillf\u00f6r avsev\u00e4rd kvalit\u00e9.  Det \u00e4r ett sinnligt och sj\u00e4lvst\u00e4ndigt verk v\u00e4rt uppm\u00e4rksamhet, som m\u00f6jligen hade vunnit p\u00e5 att ha en mer sammanh\u00e5llande dimension. F\u00f6rvisso dj\u00e4rvt att g\u00f6ra flera av arren s\u00e5 jazzigt utsv\u00e4vande, lika f\u00f6runderligt som modigt.  Skivan passar b\u00e4st att ta del av enskilt i stillhet med vid\u00f6ppet sinne. Att udda s\u00e4ttningen utan rytmsektion medf\u00f6rt att musiken l\u00e5ter naken \u00e4r ett lyckat grepp. <\/p>\n\n\n\n<p><\/p>\n\n\n\n<p><\/p>\n\n\n\n<p><\/p>\n\n\n\n<p><\/p>\n","protected":false},"excerpt":{"rendered":"<p>Lovisa Jennervall blir det inte mer s\u00e5 \u00e4r det nog 4 Prophone Records (distr. Naxos) Releasedatum: 24\/4 2026 S\u00e5ngerskan, l\u00e5tskrivaren och tons\u00e4ttaren Lovisa Jennervall k\u00e4nner vi huvudsakligen fr\u00e5n Ellas Kapell vars frontfigur hon \u00e4r. Kvartetten som \u00e4r aktuell med sin fj\u00e4rde full\u00e4ngdare har f\u00e5tt sina f\u00f6reg\u00e5ende album recenserade av undertecknad plus \u00e5tminstone en av deras [&hellip;]<\/p>\n","protected":false},"author":34,"featured_media":0,"comment_status":"closed","ping_status":"closed","sticky":false,"template":"","format":"standard","meta":{"_genesis_hide_title":false,"_genesis_hide_breadcrumbs":false,"_genesis_hide_singular_image":false,"_genesis_hide_footer_widgets":false,"_genesis_custom_body_class":"","_genesis_custom_post_class":"","_genesis_layout":"","footnotes":""},"categories":[22],"tags":[],"class_list":{"0":"post-203293","1":"post","2":"type-post","3":"status-publish","4":"format-standard","6":"category-skivor","7":"entry"},"_links":{"self":[{"href":"https:\/\/kulturbloggen.com\/index.php?rest_route=\/wp\/v2\/posts\/203293","targetHints":{"allow":["GET"]}}],"collection":[{"href":"https:\/\/kulturbloggen.com\/index.php?rest_route=\/wp\/v2\/posts"}],"about":[{"href":"https:\/\/kulturbloggen.com\/index.php?rest_route=\/wp\/v2\/types\/post"}],"author":[{"embeddable":true,"href":"https:\/\/kulturbloggen.com\/index.php?rest_route=\/wp\/v2\/users\/34"}],"replies":[{"embeddable":true,"href":"https:\/\/kulturbloggen.com\/index.php?rest_route=%2Fwp%2Fv2%2Fcomments&post=203293"}],"version-history":[{"count":20,"href":"https:\/\/kulturbloggen.com\/index.php?rest_route=\/wp\/v2\/posts\/203293\/revisions"}],"predecessor-version":[{"id":204667,"href":"https:\/\/kulturbloggen.com\/index.php?rest_route=\/wp\/v2\/posts\/203293\/revisions\/204667"}],"wp:attachment":[{"href":"https:\/\/kulturbloggen.com\/index.php?rest_route=%2Fwp%2Fv2%2Fmedia&parent=203293"}],"wp:term":[{"taxonomy":"category","embeddable":true,"href":"https:\/\/kulturbloggen.com\/index.php?rest_route=%2Fwp%2Fv2%2Fcategories&post=203293"},{"taxonomy":"post_tag","embeddable":true,"href":"https:\/\/kulturbloggen.com\/index.php?rest_route=%2Fwp%2Fv2%2Ftags&post=203293"}],"curies":[{"name":"wp","href":"https:\/\/api.w.org\/{rel}","templated":true}]}}