{"id":20329,"date":"2010-05-14T10:22:41","date_gmt":"2010-05-14T08:22:41","guid":{"rendered":"http:\/\/kulturbloggen.com\/?p=20329"},"modified":"2012-02-19T13:39:40","modified_gmt":"2012-02-19T12:39:40","slug":"tidningsforetagen-sviker-det-journalistiska-uppdraget","status":"publish","type":"post","link":"https:\/\/kulturbloggen.com\/?p=20329","title":{"rendered":"Tidningsf\u00f6retagen sviker det journalistiska uppdraget"},"content":{"rendered":"<p><a href=\"http:\/\/www.expressen.se\/Nyheter\/1.1987044\/mcdonalds-marker-om-gammal-mat\">Fusk med mat p\u00e5 McDonalds.<\/a><br \/>\nDet senaste av unders\u00f6kande journalistik som n\u00e5tt allm\u00e4nheten.<br \/>\nBakom avsl\u00f6jandet ligger ett ambiti\u00f6st arbete av en filmare knuten till SVT.<\/p>\n<p>F\u00f6r n\u00e5gon vecka sedan var jag p\u00e5 ett frukostseminarium d\u00e4r Expressens chefredakt\u00f6r Thomas Mattson ber\u00e4ttade om hur kv\u00e4llstidningen jobbar i det nya mediesamh\u00e4llet. Sj\u00e4lv jobbade jag p\u00e5 Expressen i ett \u00e5r f\u00f6r grymt l\u00e4nge sedan d\u00e5 Bo Str\u00f6mstedt var chefredakt\u00f6r.<\/p>\n<p>D\u00e5, under Str\u00f6mstedts tid, gjordes m\u00e5nga ambiti\u00f6sa gr\u00e4vande jobb p\u00e5 Expressen. Och p\u00e5 redaktionen p\u00e5gick en st\u00e4ndigt p\u00e5g\u00e5ende diskussion om journalistik och om att granska makthavare.<\/p>\n<p>Tomas Mattsson \u00e4gnade nittio procent av sitt anf\u00f6rande till att visa bilder p\u00e5 Bruce Springsteen tagna bakifr\u00e5n, f\u00f6r att Expressen jobbat h\u00e5rt f\u00f6r\u00a0 att f\u00e5 vara med och fotografera och filma fr\u00e5n scenen. Han var mycket stolt \u00f6ver det enorma arbete de l\u00e4gger ned p\u00e5 att konkurrera med tv-kanaler inom n\u00f6jesomr\u00e5det.<\/p>\n<p>Jag satte n\u00e4stan kaffet i halsen. Vart har det journalistiska uppdraget tagit v\u00e4gen? Best\u00e5r det journalistiska uppdraget hos kv\u00e4llstidningar idag enbart i\u00a0 att v\u00e4ssa n\u00f6jesrapporterna? Som h\u00e4r bloggar Mattsson <a href=\"http:\/\/blogg.expressen.se\/thomasmattsson\/entry.jsp?messid=597834\">\u00f6ver en anledning<\/a> till att Expressen knappar in p\u00e5 Aftonbladet, och det \u00e4r ett filmklipp om Eric Saade.<\/p>\n<p>Ja, idag har tidningsredaktionerna i stort sett abdikerat fr\u00e5n det journalistiska uppdraget. Det \u00e4r Public Service i SVT och p\u00e5 SR som verkar ha n\u00e5gra ambitioner kvar att granska makthavarna seri\u00f6st.<\/p>\n<p><a href=\"http:\/\/svt.se\/2.80662\/1.991626\/systematiskt_kottfusk_pa_ica\">Systematiskt k\u00f6ttfusk p\u00e5 ICA<\/a><br \/>\n\u00c4nnu ett exempel p\u00e5 SVT:s journalistik.<\/p>\n<p>Jag ser att SR:s ledning ocks\u00e5 ifr\u00e5gas\u00e4tter de kommersiella medierna, fast ur en annan aspekt: <a href=\"http:\/\/www.dn.se\/debatt\/tidningarna-bryr-sig-inte-langre-om-yttrandefrihet-1.1093742\">de skriver i en debattartikel:<\/a><\/p>\n<blockquote><p>20 \u00e5r efter att Sverige \u00f6ppnade f\u00f6r kommersiella radio- och tv-s\u00e4ndningar h\u00e5ller allt p\u00e5 att v\u00e4ndas bak och fram. De stora privata mediebolagen \u2013 TV?4, Expressen, Aftonbladet, Dagens Industri med flera \u2013 kr\u00e4ver kontroll och f\u00f6rbud riktade mot public service.<\/p>\n<p>Utg\u00e5ngspunkten \u00e4r inte att v\u00e4rna yttrandefrihet och publicistiska v\u00e4rden utan marknadens frihet som s\u00e5dan.<\/p><\/blockquote>\n<p>De kommersiellt \u00e4gda medierna verkar vilja l\u00e4gga munkavle p\u00e5 public service. Varf\u00f6r? F\u00f6r att sj\u00e4lv kunna forts\u00e4tta \u00e4nnu mer med m\u00e5let att s\u00e4lja sitt n\u00f6jesbaserade budskap utan konkurrens? Och helst vill de g\u00f6ra detta utan att det finns n\u00e5got alternativ som g\u00f6r genomarbetade seri\u00f6sa granskade reportage?<\/p>\n<p>Det finns nog ytterligare en orsak till att de kommersiella n\u00f6jesmedierna som Expressen och DN \u00e4r emot public service: genom att spruta ut n\u00f6jesreportage hoppas de g\u00f6ra befolkningen s\u00e5 inb\u00e4ddad i n\u00f6jeslivet att han\/hon inte orkar engagera sig i samh\u00e4llsfr\u00e5gor. Och vips har de kommersiella tidningarna r\u00e4ddat kvar h\u00f6gerregeringen vid makten.<\/p>\n<p>Det \u00e4r inte om\u00f6jligt att till och med detta st\u00e5r p\u00e5 agendan.<\/p>\n<p><strong>I vilket fall som helst<\/strong>: idag st\u00e5r publik service f\u00f6r den sista \u00e5terst\u00e5ende journalistiken.<\/p>\n<p><a href=\"http:\/\/mitt-i-steget.blogspot.com\/2010\/05\/om-yttrandefrihet-och-politiskt.html\">Johan p\u00e5 Mitt i Steget har tagit upp tr\u00e5den fr\u00e5n debattartikeln:<\/a><\/p>\n<blockquote><p>D\u00e4rf\u00f6r har sociala medier en roll att fylla, att dels fylla ut utrymmet som de allt mer politiserade nyhetsredaktionerna l\u00e4mnar bakom sig men \u00e4ven balansera nyhetsfl\u00f6det s\u00e5 att en hypotetisk slutsumma blir of\u00f6r\u00e4ndrad.<\/p><\/blockquote>\n<p><strong>Inom bloggv\u00e4rlden<\/strong> p\u00e5g\u00e5r just nu en debatt och diskussion kring hur fria bloggare \u00e4r.\u00a0 Netroots \u00e4r ett n\u00e4tverk av snart 700 bloggare som \u00e4r emot h\u00f6gerregeringen, en del av dessa Netroots-n\u00e4tverkande bloggare \u00e4r med i n\u00e5got av de r\u00f6dgr\u00f6na partierna, andra inte.<\/p>\n<p>Erik Laakso var med i b\u00f6rjan, d\u00e5 Netroots bildade och var en av de aktiva. Han hoppade av f\u00f6r ett tag sedan och \u00e4r kritisk till hur Netroots utvecklats. Jag tycker det \u00e4r bra att folk s\u00e4ger vad de t\u00e4nker. En fri debatt och fri diskussion \u00e4r viktig. Fast jag h\u00e5ller inte med honom i allt. Tv\u00e4rtom tycker jag att han borde vara kvar och jobba inifr\u00e5n och f\u00f6r\u00e4ndra ist\u00e4llet.<br \/>\nEn del har reagerat starkt p\u00e5 vad Laakso tar upp. Det m\u00e5ste han \u00e5 andra sidan ocks\u00e5 r\u00e4kna med. N\u00e5gra av de som svarat med ilska har till exempel sagt att det \u00e4r val\u00e5r i \u00e5r och d\u00e4rf\u00f6r ligger de sj\u00e4lva l\u00e5gt med kritik mot det egna.<br \/>\nR\u00e4tt eller fel?<br \/>\nSj\u00e4lv vill jag alltid k\u00e4nna mig fri att t\u00e4nka, fri att diskutera, fri att yttra mig. Jag vill inte l\u00e4gga n\u00e5gon censur p\u00e5 mig sj\u00e4lv.<br \/>\nFast \u00e5 andra sidan finns det andra h\u00e4nsyn jag tar.<br \/>\nOm jag har en konflikt med n\u00e5gon privat eller p\u00e5 jobbet skulle jag inte lyfta in det i bloggen, \u00e4ven om konfliktens rot \u00e4r n\u00e5got som skulle kunna intressera andra. F\u00f6r jag \u00e4r r\u00e4dd om de inblandade m\u00e4nniskorna och skulle dessutom inte sj\u00e4lv vilja bli uth\u00e4ngd av n\u00e5gon p\u00e5 webben om vi \u00e4r i konflikt.<\/p>\n<p>D\u00e4remot om konflikten eller snarare diskussionen, handlar om politik eller samh\u00e4llsfr\u00e5gor, d\u00e5 har det ett allm\u00e4nintresse. N\u00e4r det inte handlar om personliga vendettor.<\/p>\n<p>Men ett hel del av de politiska bloggarna har anknytning till n\u00e5got parti. Om de d\u00e5 l\u00e4gger band p\u00e5 sig sj\u00e4lva f\u00f6r att det \u00e4r val\u00e5r: hur trov\u00e4rdiga blir de d\u00e5? Eller \u00e4r det sj\u00e4lva vitsen kanske, de \u00e4r \u00f6ppna med var de st\u00e5r och d\u00e4rf\u00f6r kan alla bed\u00f6ma deras inl\u00e4gg utifr\u00e5n det?<\/p>\n<p><a href=\"http:\/\/www.eriklaakso.nu\/?p=2631\">Erik Laakso skriver:<\/a><\/p>\n<blockquote><p>Detta sista menar jag \u00e4r fullt m\u00f6jligt om man v\u00e5gar tro att de som kallar sig socialdemokrater, i f\u00f6rsta hand omfamnar dessa starka v\u00e4rdegrundande ord som bygger varum\u00e4rket. Men i ett parti d\u00e4r det \u00e4r synnerligen vanligt att avf\u00e4rda \u00e5siktsmotst\u00e5ndare med gl\u00e5pord om att de inte \u00e4r \u201criktiga sossar\u201d s\u00e5 finns det d\u00e5liga f\u00f6ruts\u00e4ttningar f\u00f6r att v\u00e5ga tro p\u00e5 att \u00e4ven personer som tycker olika i sakfr\u00e5gor, \u00e4r lika lojala socialdemokrater. Det \u00e4r en av anledningarna till att jag inte g\u00f6r n\u00e5got s\u00e5 barnsligt som att VDN-m\u00e4rka min blogg. Jag bygger n\u00e4mligen relationer hellre \u00e4n symboler.<\/p><\/blockquote>\n<p>Det har tagit upps en hel del p\u00e5 sista tiden att politiker som anv\u00e4nder sig av sociala medier m\u00e5ste b\u00f6rja anv\u00e4nda dem f\u00f6r att lyssna och kommunicera och inte fr\u00e4mst f\u00f6r att hamra in sitt budskap. Ulf Bjereld tar upp en fara med detta, v\u00e4nder p\u00e5 hela resonemanget och menar att frifr\u00e4sande bloggare kan vara ett hot mot partierna. <a href=\"http:\/\/www.expressen.se\/1.1986546\">Han skriver i Expressen:<\/a><\/p>\n<blockquote><p>Men Stakston och Laakso g\u00f6r det lite l\u00e4tt f\u00f6r sig n\u00e4r de h\u00e4vdar att partierna skall sl\u00e4ppa kontrollen eller &#8221;v\u00e5ga sl\u00e4ppa varum\u00e4rket&#8221;. Strategin att &#8221;sl\u00e4ppa varum\u00e4rket&#8221; &#8211; att l\u00e5ta v\u00e4ljare sj\u00e4lvst\u00e4ndigt bedriva politisk verksamhet i partiets namn &#8211; \u00e4r h\u00e4mtad fr\u00e5n USA. Men skillnaden mellan svensk och amerikansk politik \u00e4r stor. De svenska partierna dominerar det politiska livet p\u00e5 ett helt annat s\u00e4tt \u00e4n i USA och de amerikanska partiernas varum\u00e4rken \u00e4r vagare i sina konturer.<br \/>\n\u00c5siktsskillnaderna mellan en demokrat fr\u00e5n Texas och en demokrat fr\u00e5n liberala ostkusten kan vara st\u00f6rre \u00e4n \u00e5siktsskillnaderna mellan Mona Sahlin och Fredrik Reinfeldt. En grupp demokrater som beter sig politiskt omd\u00f6mesl\u00f6st skadar inte Demokraterna som parti lika mycket som en grupp socialdemokrater skadar sitt parti om de beter sig ol\u00e4mpligt. De politiska riskerna f\u00f6r partierna att sl\u00e4ppa sina varum\u00e4rken \u00e4r d\u00e4rf\u00f6r st\u00f6rre i Sverige \u00e4n i USA.<\/p><\/blockquote>\n<p>Jag kan ju g\u00f6ra det lite l\u00e4tt f\u00f6r mig nu och avsluta med:<br \/>\nDet viktiga \u00e4r att vara \u00e4rlig.<\/p>\n<p>Fast det \u00e4r inte bara en klyscha. Som bloggare vinner man nog p\u00e5 att vara \u00e4rlig.<br \/>\nOch nej, bloggare kan inte ers\u00e4tta journalistiken.<br \/>\nDet journalistiska uppdraget att granska \u00e4r kr\u00e4vande, tar tid och resurser. De flesta bloggare m\u00e5ste f\u00f6rs\u00f6rja sig p\u00e5 ett arbete och kan bara blogga p\u00e5 fritiden.<br \/>\nAtt granska makthavare \u00e4r ett viktigt uppdrag. Och det \u00e4r mer \u00e4n sorgligt att de stora tidningshusen mer och mer abdikerar fr\u00e5n detta uppdrag.<\/p>\n<p><a href=\"http:\/\/flattr.com\/thing\/1815\/Tidningsf%C3%B6retagen-sviker-det-journalistiska-uppdraget\" target=\"_blank\"><br \/>\n<img decoding=\"async\" title=\"Flattr this\" src=\"http:\/\/api.flattr.com\/button\/button-static-50x60.png\" border=\"0\" alt=\"\" \/><\/a><\/p>\n<p>Relaterad blogg: <a href=\"http:\/\/kristenvanster.wordpress.com\/2010\/05\/13\/frifrasande-bloggare-hotar-partierna-inifran\/\">Kristen V\u00e4nster<\/a> och <a href=\"http:\/\/claeskrantz.se\/arkivet\/5531\">Claes Krantz<\/a> och <a href=\"http:\/\/krassman-inyourface.blogspot.com\/2010\/05\/bjereld-och-huvudet-pa-spiken.html\">Krassman<\/a> och <a href=\"http:\/\/tokmoderaten.blogspot.com\/2010\/05\/netroots-och-nat-rebellen.html\">Tokmoderaten<\/a> och <a href=\"http:\/\/www.expressen.se\/debatt\/1.1976609\/brit-stakston-propaganda-skadar-de-sociala-medierna\">Stakstons debattartikel i Expressen<\/a> och <a href=\"http:\/\/www.jmw.se\/2010\/05\/05\/brit-stakston-partierna-och-de-sociala-medierna\/\">JMW Kommunikations blogg<\/a>.<\/p>\n<p>L\u00e4s \u00e4ven andra bloggares \u00e5sikter om <a rel=\"tag\" href=\"http:\/\/bloggar.se\/om\/netroots\">netroots<\/a>, <a rel=\"tag\" href=\"http:\/\/bloggar.se\/om\/journalistik\">journalistik<\/a>, <a rel=\"tag\" href=\"http:\/\/bloggar.se\/om\/public+service\">public service<\/a>, <a rel=\"tag\" href=\"http:\/\/bloggar.se\/om\/medier\">medier<\/a>, <a rel=\"tag\" href=\"http:\/\/bloggar.se\/om\/politik\">politik<\/a>, <a rel=\"tag\" href=\"http:\/\/bloggar.se\/om\/Staktson\">Staktson<\/a>, <a rel=\"tag\" href=\"http:\/\/bloggar.se\/om\/Laakso\">Laakso<\/a><\/p>\n","protected":false},"excerpt":{"rendered":"<p>Fusk med mat p\u00e5 McDonalds. Det senaste av unders\u00f6kande journalistik som n\u00e5tt allm\u00e4nheten. Bakom avsl\u00f6jandet ligger ett ambiti\u00f6st arbete av en filmare knuten till SVT. F\u00f6r n\u00e5gon vecka sedan var jag p\u00e5 ett frukostseminarium d\u00e4r Expressens chefredakt\u00f6r Thomas Mattson ber\u00e4ttade om hur kv\u00e4llstidningen jobbar i det nya mediesamh\u00e4llet. Sj\u00e4lv jobbade jag p\u00e5 Expressen i ett [&hellip;]<\/p>\n","protected":false},"author":2,"featured_media":0,"comment_status":"open","ping_status":"open","sticky":false,"template":"","format":"standard","meta":{"_genesis_hide_title":false,"_genesis_hide_breadcrumbs":false,"_genesis_hide_singular_image":false,"_genesis_hide_footer_widgets":false,"_genesis_custom_body_class":"","_genesis_custom_post_class":"","_genesis_layout":"","footnotes":""},"categories":[62],"tags":[2765,3582,3951,12284,4560],"class_list":{"0":"post-20329","1":"post","2":"type-post","3":"status-publish","4":"format-standard","6":"category-medie-och-kulturpolitik","7":"tag-journalistik","8":"tag-medier","9":"tag-netroots","10":"tag-politik","11":"tag-public-service","12":"entry"},"_links":{"self":[{"href":"https:\/\/kulturbloggen.com\/index.php?rest_route=\/wp\/v2\/posts\/20329","targetHints":{"allow":["GET"]}}],"collection":[{"href":"https:\/\/kulturbloggen.com\/index.php?rest_route=\/wp\/v2\/posts"}],"about":[{"href":"https:\/\/kulturbloggen.com\/index.php?rest_route=\/wp\/v2\/types\/post"}],"author":[{"embeddable":true,"href":"https:\/\/kulturbloggen.com\/index.php?rest_route=\/wp\/v2\/users\/2"}],"replies":[{"embeddable":true,"href":"https:\/\/kulturbloggen.com\/index.php?rest_route=%2Fwp%2Fv2%2Fcomments&post=20329"}],"version-history":[{"count":1,"href":"https:\/\/kulturbloggen.com\/index.php?rest_route=\/wp\/v2\/posts\/20329\/revisions"}],"predecessor-version":[{"id":49006,"href":"https:\/\/kulturbloggen.com\/index.php?rest_route=\/wp\/v2\/posts\/20329\/revisions\/49006"}],"wp:attachment":[{"href":"https:\/\/kulturbloggen.com\/index.php?rest_route=%2Fwp%2Fv2%2Fmedia&parent=20329"}],"wp:term":[{"taxonomy":"category","embeddable":true,"href":"https:\/\/kulturbloggen.com\/index.php?rest_route=%2Fwp%2Fv2%2Fcategories&post=20329"},{"taxonomy":"post_tag","embeddable":true,"href":"https:\/\/kulturbloggen.com\/index.php?rest_route=%2Fwp%2Fv2%2Ftags&post=20329"}],"curies":[{"name":"wp","href":"https:\/\/api.w.org\/{rel}","templated":true}]}}