{"id":20315,"date":"2010-05-13T20:50:29","date_gmt":"2010-05-13T18:50:29","guid":{"rendered":"http:\/\/kulturbloggen.com\/?p=20315"},"modified":"2012-02-19T13:39:59","modified_gmt":"2012-02-19T12:39:59","slug":"gardagens-sallad-med-kyckling-marktes-om-med-dagens-datum-pa-mcdonalds","status":"publish","type":"post","link":"https:\/\/kulturbloggen.com\/?p=20315","title":{"rendered":"G\u00e5rdagens sallad med kyckling m\u00e4rktes om med dagens datum p\u00e5 McDonalds"},"content":{"rendered":"<p>En v\u00e4n till mig blev magsjuk efter att ha \u00e4tit en sallad med kyckling p\u00e5 McDonalds. N\u00e5, s\u00e5nt h\u00e4nder, t\u00e4nkte vi. Kyckling \u00e4r k\u00e4nsligt.<br \/>\nMen idag fick jag se ett klipp i f\u00f6rv\u00e4g p\u00e5 ett avsl\u00f6jande granskande reportage kring McDonalds d\u00e4r det visar sig att det \u00e4r vanligt att maten m\u00e4rks om.<\/p>\n<p>I filmklippet jag fick se hade reportern kommit \u00e5t att tillsammans med personal p\u00e5 McDonalds m\u00e4rka Ceasar-sallader med kyckling med ett gult m\u00e4rke i botten. N\u00e4sta dag skickade reportage-teamet ut en person som k\u00f6pte upp ett tiotal sallader.<br \/>\nOch salladerna hade f\u00e5tt nytt datum &#8211; men hade det gula m\u00e4rket i botten som sattes dit dagen f\u00f6re.<\/p>\n<p>Dokument\u00e4rfilmaren Bosse Lindquist som gjort reportaget ber\u00e4ttar f\u00f6r Kulturbloggen i ett mail:<br \/>\n<em>I 37 av 48 unders\u00f6kta restauranger hittade vi n\u00e5gon form av fusk med maten p\u00e5.<\/em><\/p>\n<p>I f\u00f6rhandsklippet jag fick se \u00e4ndras bland annat tiden p\u00e5 hamburgare ocks\u00e5.<br \/>\n<a href=\"http:\/\/www.svd.se\/nyheter\/inrikes\/mcdonalds-fuskmarker-gammal-mat_4714213.svd\"><br \/>\nSvenska Dagbladet har ocks\u00e5 f\u00e5tt se delar av reportaget och ber\u00e4ttar<\/a>:<\/p>\n<blockquote><p>SVT:s Dokument inifr\u00e5n m\u00e4rkte upp kycklingsallader p\u00e5 en McDonaldsrestaurang. N\u00e4sta dag s\u00e5ldes alla sallader med ny datumm\u00e4rkning. Fusket bryter mot McDonalds huvudregel att alltid servera f\u00e4rsk mat.<\/p>\n<p>&#8211; Jag ska inte anv\u00e4nda fula ord men jag blir riktigt, riktigt arg f\u00f6r det h\u00e4r \u00e4r helt oacceptabelt, s\u00e4ger Lotta Bj\u00f6rk, personaldirekt\u00f6r p\u00e5 McDonalds, till SVT.<\/p><\/blockquote>\n<p>Bosse Lindquist  \u00e4r dokument\u00e4rfilmare och arbetar f\u00f6r SVT.Dessutom tj\u00e4nstledig chef f\u00f6r Sveriges Radios dokument\u00e4rredaktion.<\/p>\n<p>Den avsl\u00f6jande dokument\u00e4ren s\u00e4nds i SVT p\u00e5 s\u00f6ndag 16 maj 20.00 i SVT2.<\/p>\n<p><a href=\"http:\/\/svt.se\/2.22620\/1.2000669\/mcdonalds_marker_om_gammal_mat\">SVT:s ber\u00e4ttar om programmet p\u00e5 sin hemsida:<\/a><\/p>\n<blockquote><p>&#8211; De sa &#8221;kasta inte&#8221; och att jag skulle \u00e4ndra tidskoden. Jag visste att det inte \u00e4r okej, det \u00e4r inte \u00e4rligt, s\u00e4ger &#8221;Rosa&#8221; som fortfarande arbetar p\u00e5 McDonalds och inte vill g\u00e5 ut med sitt riktiga namn.<\/p>\n<p>-Jag ska inte anv\u00e4nda fula ord men jag blir riktigt, riktigt arg f\u00f6r det h\u00e4r \u00e4r helt oacceptabelt, s\u00e4ger Lotta Bj\u00f6rk, personaldirekt\u00f6r p\u00e5 McDonalds.<\/p>\n<p>-V\u00e5ra g\u00e4ster kommer till oss f\u00f6r att \u00e4ta mat och en del i v\u00e5r aff\u00e4rsid\u00e9 \u00e4r att s\u00e4lja varm, god mat snabbt till v\u00e5ra g\u00e4ster och det ska man kunna f\u00f6rv\u00e4nta sig som g\u00e4st, s\u00e4ger Lotta Bj\u00f6rk.<\/p><\/blockquote>\n<p>N\u00e4r s\u00e5dana h\u00e4r larmrapporter kommer k\u00e4nns det r\u00e4tt bra att vara vegetarian. Vegoburgaren steks alltid efter att jag best\u00e4llt den. De g\u00f6rs aldrig i f\u00f6rv\u00e4g. S\u00e5 jag riskerar i alla fall inte att f\u00e5 vegoburgare som stekts timmar innan jag ska \u00e4ta den.<\/p>\n<p><a href=\"http:\/\/svtplay.se\/v\/1999711\/abdbdgd\">H\u00e4r kan ni se filmklippet (l\u00e4nken tas bort p\u00e5 fredag).<\/a><\/p>\n<p><object width=\"416\" height=\"258\"><param name=\"movie\" value=\"http:\/\/svt.se\/embededflash\/1999711\/play.swf\"><\/param><param name=\"wmode\" value=\"transparent\"><\/param><param name=\"allowfullscreen\" value=\"true\"><\/param><param name=\"allowScriptAccess\" value=\"sameDomain\"><\/param><embed src=\"http:\/\/svt.se\/embededflash\/1999711\/play.swf\" type=\"application\/x-shockwave-flash\" wmode=\"transparent\" allowfullscreen=\"true\" allowScriptAccess=\"sameDomain\" width=\"416\" height=\"258\"><\/embed><\/object><\/p>\n<p>Relaterat: <a href=\"http:\/\/www.dn.se\/nyheter\/sverige\/mcdonalds-fuskmarker-gammal-mat-1.1093717\">Dagens Nyheter<\/a> och <a href=\"http:\/\/www.aftonbladet.se\/nyheter\/article7123811.ab\">Aftonbladet<\/a>.<\/p>\n<p>L\u00e4s \u00e4ven andra bloggares \u00e5sikter om <a href=\"http:\/\/bloggar.se\/om\/journalistik\" rel=\"tag\">journalistik<\/a>, <a href=\"http:\/\/bloggar.se\/om\/kost\" rel=\"tag\">kost<\/a>, <a href=\"http:\/\/bloggar.se\/om\/gr%E4v\" rel=\"tag\">gr\u00e4v<\/a>, <a href=\"http:\/\/bloggar.se\/om\/McDonalds\" rel=\"tag\">McDonalds<\/a>, <a href=\"http:\/\/bloggar.se\/om\/McFusk\" rel=\"tag\">McFusk<\/a>, <a href=\"http:\/\/bloggar.se\/om\/kyckling\" rel=\"tag\">kyckling<\/a>, <a href=\"http:\/\/bloggar.se\/om\/hamburgare\" rel=\"tag\">hamburgare<\/a>, <a href=\"http:\/\/bloggar.se\/om\/fusk\" rel=\"tag\">fusk<\/a><\/p>\n","protected":false},"excerpt":{"rendered":"<p>En v\u00e4n till mig blev magsjuk efter att ha \u00e4tit en sallad med kyckling p\u00e5 McDonalds. N\u00e5, s\u00e5nt h\u00e4nder, t\u00e4nkte vi. Kyckling \u00e4r k\u00e4nsligt. Men idag fick jag se ett klipp i f\u00f6rv\u00e4g p\u00e5 ett avsl\u00f6jande granskande reportage kring McDonalds d\u00e4r det visar sig att det \u00e4r vanligt att maten m\u00e4rks om. I filmklippet jag [&hellip;]<\/p>\n","protected":false},"author":2,"featured_media":0,"comment_status":"open","ping_status":"open","sticky":false,"template":"","format":"standard","meta":{"_genesis_hide_title":false,"_genesis_hide_breadcrumbs":false,"_genesis_hide_singular_image":false,"_genesis_hide_footer_widgets":false,"_genesis_custom_body_class":"","_genesis_custom_post_class":"","_genesis_layout":"","footnotes":""},"categories":[20],"tags":[2108,2765,3034],"class_list":{"0":"post-20315","1":"post","2":"type-post","3":"status-publish","4":"format-standard","6":"category-film","7":"tag-grav","8":"tag-journalistik","9":"tag-kost","10":"entry"},"_links":{"self":[{"href":"https:\/\/kulturbloggen.com\/index.php?rest_route=\/wp\/v2\/posts\/20315","targetHints":{"allow":["GET"]}}],"collection":[{"href":"https:\/\/kulturbloggen.com\/index.php?rest_route=\/wp\/v2\/posts"}],"about":[{"href":"https:\/\/kulturbloggen.com\/index.php?rest_route=\/wp\/v2\/types\/post"}],"author":[{"embeddable":true,"href":"https:\/\/kulturbloggen.com\/index.php?rest_route=\/wp\/v2\/users\/2"}],"replies":[{"embeddable":true,"href":"https:\/\/kulturbloggen.com\/index.php?rest_route=%2Fwp%2Fv2%2Fcomments&post=20315"}],"version-history":[{"count":1,"href":"https:\/\/kulturbloggen.com\/index.php?rest_route=\/wp\/v2\/posts\/20315\/revisions"}],"predecessor-version":[{"id":49007,"href":"https:\/\/kulturbloggen.com\/index.php?rest_route=\/wp\/v2\/posts\/20315\/revisions\/49007"}],"wp:attachment":[{"href":"https:\/\/kulturbloggen.com\/index.php?rest_route=%2Fwp%2Fv2%2Fmedia&parent=20315"}],"wp:term":[{"taxonomy":"category","embeddable":true,"href":"https:\/\/kulturbloggen.com\/index.php?rest_route=%2Fwp%2Fv2%2Fcategories&post=20315"},{"taxonomy":"post_tag","embeddable":true,"href":"https:\/\/kulturbloggen.com\/index.php?rest_route=%2Fwp%2Fv2%2Ftags&post=20315"}],"curies":[{"name":"wp","href":"https:\/\/api.w.org\/{rel}","templated":true}]}}