{"id":203115,"date":"2026-03-15T12:43:52","date_gmt":"2026-03-15T11:43:52","guid":{"rendered":"https:\/\/kulturbloggen.com\/?p=203115"},"modified":"2026-03-15T12:43:53","modified_gmt":"2026-03-15T11:43:53","slug":"kronika-jag-sag-hakan-tva-kvallar-i-rad-och-det-var-poangen","status":"publish","type":"post","link":"https:\/\/kulturbloggen.com\/?p=203115","title":{"rendered":"Kr\u00f6nika: Jag s\u00e5g H\u00e5kan tv\u00e5 kv\u00e4llar i rad \u2013 och det var po\u00e4ngen"},"content":{"rendered":"\n<figure class=\"wp-block-image size-full\"><img loading=\"lazy\" decoding=\"async\" width=\"650\" height=\"488\" src=\"https:\/\/kulturbloggen.com\/wp-content\/uploads\/2026\/03\/IMG20260314201942.jpg.jpeg\" alt=\"\" class=\"wp-image-203116\" srcset=\"https:\/\/kulturbloggen.com\/wp-content\/uploads\/2026\/03\/IMG20260314201942.jpg.jpeg 650w, https:\/\/kulturbloggen.com\/wp-content\/uploads\/2026\/03\/IMG20260314201942.jpg-300x225.jpeg 300w\" sizes=\"auto, (max-width: 650px) 100vw, 650px\" \/><figcaption class=\"wp-element-caption\">H\u00e5kan Hellstr\u00f6m den 14 mars Foto:Thomas Johansson<\/figcaption><\/figure>\n\n\n\n<p>N\u00e4r&nbsp;H\u00e5kan Hellstr\u00f6m&nbsp;g\u00f6r tv\u00e5 kv\u00e4llar i&nbsp;Avicii Arena&nbsp;\u00e4r det f\u00f6rst\u00e5s l\u00e4tt att falla in i recensentens reflexer: j\u00e4mf\u00f6ra, v\u00e4rdera, v\u00e4ga l\u00e5tval mot varandra. Men andra kv\u00e4llen hamnade jag n\u00e5gon annanstans. Mer i betraktarens roll. Mindre domare, mer deltagare.<\/p>\n\n\n\n<p>F\u00f6r allt var i princip likadant.<\/p>\n\n\n\n<p>Samma entr\u00e9. Samma l\u00e5tar. Samma g\u00e4startist. Till och med samma dramaturgi i kv\u00e4llen. Den inledande popurladdningen i&nbsp;<em>Magiskt men tragiskt<\/em>&nbsp;som driver vidare in i&nbsp;<em>Go for glory<\/em>, d\u00e4r gitarrerna pl\u00f6tsligt f\u00e5r en r\u00e5are kant och bl\u00e5set g\u00e5r p\u00e5 h\u00f6gvarv. Hellstr\u00f6m snurrar runt p\u00e5 scenen som han gjort i \u00f6ver tv\u00e5 decennier. Det \u00e4r ett v\u00e4lbekant nummer vid det h\u00e4r laget \u2013 tryggt, varmt och v\u00e4ldigt mycket H\u00e5kan.<\/p>\n\n\n\n<p>N\u00e4r bandet kliver in i den soulf\u00e4rgade\u00a0<em>Evergreen min v\u00e4n evergreen<\/em>\u00a0\u00e4r det \u00e5terigen tydligt att konserten \u00e4r ett lagarbete. Bl\u00e5set, k\u00f6rerna och pianot bygger tillsammans upp det d\u00e4r stora, lite sv\u00e4vande ljudet som fyller arenan.<\/p>\n\n\n\n<figure class=\"wp-block-image size-full\"><img loading=\"lazy\" decoding=\"async\" width=\"650\" height=\"488\" src=\"https:\/\/kulturbloggen.com\/wp-content\/uploads\/2026\/03\/IMG20260313211707.jpg.jpeg\" alt=\"\" class=\"wp-image-203117\" srcset=\"https:\/\/kulturbloggen.com\/wp-content\/uploads\/2026\/03\/IMG20260313211707.jpg.jpeg 650w, https:\/\/kulturbloggen.com\/wp-content\/uploads\/2026\/03\/IMG20260313211707.jpg-300x225.jpeg 300w\" sizes=\"auto, (max-width: 650px) 100vw, 650px\" \/><figcaption class=\"wp-element-caption\">H\u00e5kan Hellstr\u00f6m den 13 mars Foto: Thomas Johansson<\/figcaption><\/figure>\n\n\n\n<p>Och \u00e4ven i kv\u00e4ll dyker g\u00e4sten upp igen:\u00a0Staffan Hellstrand. De tv\u00e5 river av en mer rockdriven version av\u00a0Lilla f\u00e5gel bl\u00e5innan Hellstrand n\u00e4stan tar \u00f6ver mikrofonen i Hellstr\u00f6ms egen\u00a0En v\u00e4n med en bil. Det \u00e4r lika charmigt andra kv\u00e4llen.<\/p>\n\n\n\n<p>Men just d\u00e4r ligger ocks\u00e5 det lilla problemet.<\/p>\n\n\n\n<p>Setlistan \u00e4r n\u00e4mligen exakt densamma som kv\u00e4llen innan. Samma l\u00e5tar, samma ordning. Och det \u00e4r tydligen ingen slump. Enligt en r\u00f6st n\u00e4ra Hellstr\u00f6m har man tittat p\u00e5 statistiken och konstaterat att det inte \u00e4r s\u00e4rskilt m\u00e5nga som g\u00e5r p\u00e5 flera spelningar under samma turn\u00e9. De flesta ser en kv\u00e4ll \u2013 och d\u00e5 spelar det f\u00f6rst\u00e5s mindre roll om setlistan f\u00f6r\u00e4ndras.<\/p>\n\n\n\n<p>Det \u00e4r s\u00e4kert sant.<\/p>\n\n\n\n<p>Men f\u00f6r oss som \u00e4nd\u00e5 dyker upp igen k\u00e4nns det lite\u2026 sl\u00f6tt. Samma sak h\u00e4nde f\u00f6rra \u00e5ret p\u00e5&nbsp;Ullevi, d\u00e4r flera kv\u00e4llar ocks\u00e5 k\u00f6rde identiska l\u00e5tlistor. Man kan f\u00f6rst\u00e5 logiken bakom beslutet, men en del av magin med livemusik \u00e4r ju just att kv\u00e4llen \u00e4r unik. Att n\u00e5got h\u00e4nder som inte h\u00e4nder n\u00e4sta g\u00e5ng.<\/p>\n\n\n\n<p>Samtidigt \u00e4r det m\u00e4rkligt hur lite det egentligen spelar roll n\u00e4r man v\u00e4l st\u00e5r d\u00e4r igen.<\/p>\n\n\n\n<p>Man uppt\u00e4cker nya saker. En k\u00f6rst\u00e4mma som f\u00f6rsvann i ljudet kv\u00e4llen innan. En detalj i bl\u00e5set. Hur publiken r\u00f6r sig i v\u00e5gor \u00f6ver st\u00e5plats. Man kan ocks\u00e5 v\u00e4lja en annan plats i arenan och f\u00e5 en helt ny vinkel p\u00e5 allt. F\u00f6rsta kv\u00e4llen n\u00e4ra scenen, andra lite l\u00e4ngre bak d\u00e4r man ser hur hela rummet r\u00f6r sig.<\/p>\n\n\n\n<figure class=\"wp-block-image size-full\"><img loading=\"lazy\" decoding=\"async\" width=\"650\" height=\"488\" src=\"https:\/\/kulturbloggen.com\/wp-content\/uploads\/2026\/03\/IMG20260314202257.jpg.jpeg\" alt=\"\" class=\"wp-image-203118\" srcset=\"https:\/\/kulturbloggen.com\/wp-content\/uploads\/2026\/03\/IMG20260314202257.jpg.jpeg 650w, https:\/\/kulturbloggen.com\/wp-content\/uploads\/2026\/03\/IMG20260314202257.jpg-300x225.jpeg 300w\" sizes=\"auto, (max-width: 650px) 100vw, 650px\" \/><\/figure>\n\n\n\n<p>Och ibland \u00e4r det just upprepningen som blir intressant. Samma show, men en ny kv\u00e4ll. En ny publikenergi. Samma l\u00e5tar, men inte riktigt samma k\u00e4nsla.<\/p>\n\n\n\n<p>Det var ocks\u00e5 en sak som faktiskt blev annorlunda. Kv\u00e4llens f\u00f6rband, trubaduren&nbsp;William Sundman S\u00e4\u00e4f, tvingades st\u00e4lla in sent efter att ha tappat r\u00f6sten. S\u00e5 \u00e4ven den mest minuti\u00f6st planerade konsertkv\u00e4ll kan spricka lite i kanten.<\/p>\n\n\n\n<p>Kanske \u00e4r det d\u00e4rf\u00f6r man g\u00e5r igen.<\/p>\n\n\n\n<p>Inte bara f\u00f6r l\u00e5tarna, utan f\u00f6r m\u00f6jligheten att n\u00e5got ska h\u00e4nda. F\u00f6r att f\u00e5 den d\u00e4r lilla kicken som ibland uppst\u00e5r n\u00e4r musik spelas live och allt pl\u00f6tsligt k\u00e4nns lite mer intensivt \u00e4n vanligt.<\/p>\n\n\n\n<p>Att g\u00e5 p\u00e5 konsert \u00e4r p\u00e5 n\u00e5got s\u00e4tt att leva lite snabbare.<br>Och ibland r\u00e4cker det f\u00f6r att man ska vilja g\u00f6ra det igen \u2013 redan n\u00e4sta kv\u00e4ll.<\/p>\n\n\n\n<p>Detta vad min 25:e g\u00e5ng jag s\u00e5g H\u00e5kan live. Framf\u00f6r mig vid scenkanten st\u00e5r Anton, som har sett alla konserter denna turn\u00e9 s\u00e5 bara d\u00e4r kl\u00e4mmer han tio konserter, ocks\u00e5 jagande den d\u00e4r kicken som f\u00f6rsta H\u00e5kans spelning skapade. <\/p>\n","protected":false},"excerpt":{"rendered":"<p>N\u00e4r&nbsp;H\u00e5kan Hellstr\u00f6m&nbsp;g\u00f6r tv\u00e5 kv\u00e4llar i&nbsp;Avicii Arena&nbsp;\u00e4r det f\u00f6rst\u00e5s l\u00e4tt att falla in i recensentens reflexer: j\u00e4mf\u00f6ra, v\u00e4rdera, v\u00e4ga l\u00e5tval mot varandra. Men andra kv\u00e4llen hamnade jag n\u00e5gon annanstans. Mer i betraktarens roll. Mindre domare, mer deltagare. F\u00f6r allt var i princip likadant. Samma entr\u00e9. Samma l\u00e5tar. Samma g\u00e4startist. Till och med samma dramaturgi i kv\u00e4llen. [&hellip;]<\/p>\n","protected":false},"author":12,"featured_media":0,"comment_status":"closed","ping_status":"closed","sticky":false,"template":"","format":"standard","meta":{"_genesis_hide_title":false,"_genesis_hide_breadcrumbs":false,"_genesis_hide_singular_image":false,"_genesis_hide_footer_widgets":false,"_genesis_custom_body_class":"","_genesis_custom_post_class":"","_genesis_layout":"","footnotes":""},"categories":[44,7,13624],"tags":[],"class_list":{"0":"post-203115","1":"post","2":"type-post","3":"status-publish","4":"format-standard","6":"category-chadie","7":"category-musik","8":"category-toppnytt","9":"entry"},"_links":{"self":[{"href":"https:\/\/kulturbloggen.com\/index.php?rest_route=\/wp\/v2\/posts\/203115","targetHints":{"allow":["GET"]}}],"collection":[{"href":"https:\/\/kulturbloggen.com\/index.php?rest_route=\/wp\/v2\/posts"}],"about":[{"href":"https:\/\/kulturbloggen.com\/index.php?rest_route=\/wp\/v2\/types\/post"}],"author":[{"embeddable":true,"href":"https:\/\/kulturbloggen.com\/index.php?rest_route=\/wp\/v2\/users\/12"}],"replies":[{"embeddable":true,"href":"https:\/\/kulturbloggen.com\/index.php?rest_route=%2Fwp%2Fv2%2Fcomments&post=203115"}],"version-history":[{"count":1,"href":"https:\/\/kulturbloggen.com\/index.php?rest_route=\/wp\/v2\/posts\/203115\/revisions"}],"predecessor-version":[{"id":203119,"href":"https:\/\/kulturbloggen.com\/index.php?rest_route=\/wp\/v2\/posts\/203115\/revisions\/203119"}],"wp:attachment":[{"href":"https:\/\/kulturbloggen.com\/index.php?rest_route=%2Fwp%2Fv2%2Fmedia&parent=203115"}],"wp:term":[{"taxonomy":"category","embeddable":true,"href":"https:\/\/kulturbloggen.com\/index.php?rest_route=%2Fwp%2Fv2%2Fcategories&post=203115"},{"taxonomy":"post_tag","embeddable":true,"href":"https:\/\/kulturbloggen.com\/index.php?rest_route=%2Fwp%2Fv2%2Ftags&post=203115"}],"curies":[{"name":"wp","href":"https:\/\/api.w.org\/{rel}","templated":true}]}}