{"id":202870,"date":"2026-03-08T14:17:34","date_gmt":"2026-03-08T13:17:34","guid":{"rendered":"https:\/\/kulturbloggen.com\/?p=202870"},"modified":"2026-03-08T14:20:58","modified_gmt":"2026-03-08T13:20:58","slug":"filmrecension-unga-modrar-stark-berorande-och-sa-valgjord","status":"publish","type":"post","link":"https:\/\/kulturbloggen.com\/?p=202870","title":{"rendered":"Filmrecension: Unga m\u00f6drar &#8211;  stark, ber\u00f6rande och s\u00e5 v\u00e4lgjord"},"content":{"rendered":"<p><img decoding=\"async\" class=\"aligncenter size-full wp-image-186912\" src=\"https:\/\/kulturbloggen.com\/wp-content\/uploads\/2026\/03\/unnamed-1.jpg\" alt=\"Unga m\u00f6drar\" width=\"500\" \/>f<\/p>\n<p>Unga m\u00f6drar<br \/>\nBetyg 4<br \/>\nSvensk biopremi\u00e4r 6 mars 2026<br \/>\nRegi Jean-Pierre och Luc Dardenne<\/p>\n<p>Fem unga ton\u00e5rsflickor i Frankrike blir mammor. Denna film kryper under skinnet p\u00e5 mig och ber\u00f6r mig p\u00e5 s\u00e5 m\u00e5nga s\u00e4tt. Den skildrar b\u00e5de ljus och m\u00f6rker, hopp och f\u00f6rtvivlan. Filmens manus \u00e4r ett m\u00e4sterverk och vann ocks\u00e5 pris f\u00f6r b\u00e4sta manus i Cannes film festival 2025. Mycket r\u00e4ttvist. Bakom denna filmp\u00e4rla \u00e4r skapad av de Guldpalmbel\u00f6nade br\u00f6derna Dardenne. <\/p>\n<p>Unga m\u00f6drar skildrar fem ton\u00e5rsflickor, som bor p\u00e5 ett hem f\u00f6r unga m\u00f6drar i n\u00e4rheten av Li\u00e8ge i Belgien. Deras ber\u00e4ttelser \u00e4r sammanfl\u00e4tade och skildrar b\u00e5de det m\u00f6rka, utmanande och sv\u00e5ra och visar samtidigt det hopp och ljus som finns. De fem unga kvinnorna \u00e4r olika varandra, de har olika tunga erfarenheter bakom sig, olika sv\u00e5righeter att tampas med.<\/p>\n<p>Var och en k\u00e4mpar med att klara av sin nya roll som mamma, samtidigt som de b\u00e4r p\u00e5 tunga personliga b\u00f6rdor fr\u00e5n trasiga familjef\u00f6rh\u00e5llanden, fattigdom och trauman. I hemmet d\u00e4r det bor har de st\u00f6d av psykologer, barnsk\u00f6tare och socialarbetare. Hur de fem flickorna l\u00f6ser sitt liv som ton\u00e5ring och sm\u00e5barnsmamma \u00e4r olika. Var och en av dem f\u00f6rs\u00f6ker bygger en b\u00e4ttre framtid f\u00f6r sig och sitt barn och hur det g\u00e5r till ser olika ut.<\/p>\n<p>Nyligen tr\u00e4ffade jag fem \u00e4ldre kvinnor i ett helt annat sammanhang. Dessa fem kvinnor blev ocks\u00e5 mamma i mycket ung \u00e5lder, men i Sverige och i ett helt annat samh\u00e4lle. Dessa fem kvinnor jag m\u00f6tte \u00e4r alla \u00f6ver \u00e5ttio \u00e5r s\u00e5 den v\u00e4rld de var unga mammor i var mycket annorlunda. Ingen av dem var ensamst\u00e5ende och samtliga gifte sig med barnets pappa. Det var f\u00f6rst\u00e5s inte s\u00e5 f\u00f6r alla som blev ensamma mammor f\u00f6r mer \u00e4n sextio \u00e5r sedan. Alla gifte sig inte med barnets pappa men det var \u00e4nd\u00e5 en helt annat slags liv och annorlunda samh\u00e4lle \u00e4n det som skildras i Unga m\u00f6drar. Det \u00e4r intressant att se hur v\u00e4rlden f\u00f6r\u00e4ndrats, b\u00e5de p\u00e5 gott och ont. De unga ton\u00e5rsmammorna brottas med olika problem och utmaningar, som drogberoende eller att sj\u00e4lva blivit \u00f6vergivna som baby eller att barnets pappa v\u00e4grar ha med barnet att g\u00f6ra. <\/p>\n<p>Filmen \u00e4r stark och ber\u00f6rande och s\u00e5 v\u00e4lgjord. De unga kvinnorna skildras s\u00e5 m\u00e4nskligt, de \u00e4r kan bli f\u00f6rtvivlade, arga men ocks\u00e5 s\u00e5 uppfyllda av k\u00e4rlek till sin baby eller k\u00e4nna sig helt tomma och vilsna. S\u00e5 trov\u00e4rdigt och det g\u00e5r inte att se utan att bli ber\u00f6rd. De fem \u00f6dena ger mycket att t\u00e4nka p\u00e5 och att k\u00e4nna.<\/p>\n<p>De regisserande br\u00f6derna Dardenne har ett unikt rekord \u2013 de har t\u00e4vlat i Cannes fler \u00e4n tio g\u00e5nger och n\u00e4stan varje g\u00e5ng l\u00e4mnat festivalen med minst ett pris. <\/p>\n<p><iframe loading=\"lazy\" width=\"560\" height=\"315\" src=\"https:\/\/www.youtube.com\/embed\/8Vfq2sCimr8?si=r8omEdAkjEJtYQ7C\" title=\"YouTube video player\" frameborder=\"0\" allow=\"accelerometer; autoplay; clipboard-write; encrypted-media; gyroscope; picture-in-picture; web-share\" referrerpolicy=\"strict-origin-when-cross-origin\" allowfullscreen><\/iframe><\/p>\n","protected":false},"excerpt":{"rendered":"<p>f Unga m\u00f6drar Betyg 4 Svensk biopremi\u00e4r 6 mars 2026 Regi Jean-Pierre och Luc Dardenne Fem unga ton\u00e5rsflickor i Frankrike blir mammor. Denna film kryper under skinnet p\u00e5 mig och ber\u00f6r mig p\u00e5 s\u00e5 m\u00e5nga s\u00e4tt. Den skildrar b\u00e5de ljus och m\u00f6rker, hopp och f\u00f6rtvivlan. Filmens manus \u00e4r ett m\u00e4sterverk och vann ocks\u00e5 pris f\u00f6r [&hellip;]<\/p>\n","protected":false},"author":2,"featured_media":202875,"comment_status":"closed","ping_status":"closed","sticky":false,"template":"","format":"standard","meta":{"_genesis_hide_title":false,"_genesis_hide_breadcrumbs":false,"_genesis_hide_singular_image":false,"_genesis_hide_footer_widgets":false,"_genesis_custom_body_class":"","_genesis_custom_post_class":"","_genesis_layout":"","footnotes":""},"categories":[50,51,16,20,13624],"tags":[13786,1728,1738,15527],"class_list":{"0":"post-202870","1":"post","2":"type-post","3":"status-publish","4":"format-standard","5":"has-post-thumbnail","7":"category-filmfilm","8":"category-filmer","9":"category-recension","10":"category-film","11":"category-toppnytt","12":"tag-film-2","13":"tag-filmkritik","14":"tag-filmrecension","15":"tag-jean-pierre-och-luc-dardenne","16":"entry"},"_links":{"self":[{"href":"https:\/\/kulturbloggen.com\/index.php?rest_route=\/wp\/v2\/posts\/202870","targetHints":{"allow":["GET"]}}],"collection":[{"href":"https:\/\/kulturbloggen.com\/index.php?rest_route=\/wp\/v2\/posts"}],"about":[{"href":"https:\/\/kulturbloggen.com\/index.php?rest_route=\/wp\/v2\/types\/post"}],"author":[{"embeddable":true,"href":"https:\/\/kulturbloggen.com\/index.php?rest_route=\/wp\/v2\/users\/2"}],"replies":[{"embeddable":true,"href":"https:\/\/kulturbloggen.com\/index.php?rest_route=%2Fwp%2Fv2%2Fcomments&post=202870"}],"version-history":[{"count":17,"href":"https:\/\/kulturbloggen.com\/index.php?rest_route=\/wp\/v2\/posts\/202870\/revisions"}],"predecessor-version":[{"id":202900,"href":"https:\/\/kulturbloggen.com\/index.php?rest_route=\/wp\/v2\/posts\/202870\/revisions\/202900"}],"wp:featuredmedia":[{"embeddable":true,"href":"https:\/\/kulturbloggen.com\/index.php?rest_route=\/wp\/v2\/media\/202875"}],"wp:attachment":[{"href":"https:\/\/kulturbloggen.com\/index.php?rest_route=%2Fwp%2Fv2%2Fmedia&parent=202870"}],"wp:term":[{"taxonomy":"category","embeddable":true,"href":"https:\/\/kulturbloggen.com\/index.php?rest_route=%2Fwp%2Fv2%2Fcategories&post=202870"},{"taxonomy":"post_tag","embeddable":true,"href":"https:\/\/kulturbloggen.com\/index.php?rest_route=%2Fwp%2Fv2%2Ftags&post=202870"}],"curies":[{"name":"wp","href":"https:\/\/api.w.org\/{rel}","templated":true}]}}