{"id":20281,"date":"2010-05-12T21:25:19","date_gmt":"2010-05-12T19:25:19","guid":{"rendered":"http:\/\/kulturbloggen.com\/?p=20281"},"modified":"2010-05-12T21:25:19","modified_gmt":"2010-05-12T19:25:19","slug":"anna-von-hausswolff-pa-sodra-teatern","status":"publish","type":"post","link":"https:\/\/kulturbloggen.com\/?p=20281","title":{"rendered":"Anna von Hausswolff p\u00e5 S\u00f6dra Teatern"},"content":{"rendered":"<p><a href=\"http:\/\/kulturbloggen.com\/wp-content\/uploads\/2010\/05\/annavonhausswolff.jpg\"><img loading=\"lazy\" decoding=\"async\" class=\"aligncenter size-medium wp-image-20283\" title=\"annavonhausswolff\" src=\"http:\/\/kulturbloggen.com\/wp-content\/uploads\/2010\/05\/annavonhausswolff-300x225.jpg\" alt=\"\" width=\"300\" height=\"225\" \/><\/a><br \/>\nAnna von Hausswolff sl\u00e4ppte sitt debutalbum &#8221;Singing from the grave&#8221; i b\u00f6rjan av maj &#8211; och det hyllades av alla kritiker. Men hon var hajpad ocks\u00e5 f\u00f6re albumet kom och det talades om henne bland m\u00e5nga musikintresserade. S\u00e5 det var med h\u00f6ga f\u00f6rv\u00e4ntningar jag begav mig till konserten p\u00e5 S\u00f6dra Teatern.<\/p>\n<p>Rid\u00e5n gick upp och en ensam ung kvinna l\u00e4ste ett poem och slog p\u00e5 en triangel. Det var magiskt och gav tonen p\u00e5 vad vi hade att v\u00e4nta oss: inte bara en musikf\u00f6rest\u00e4llning utan n\u00e5got mer: som n\u00e4r musik v\u00e4xer och \u00e4r konst och teater och performance.<\/p>\n<p>Den unga kvinnan sprang ut och in tr\u00e4dde tv\u00e5 kvinnor: en som satt sig med en akustisk gitarr och en ung kvinna med l\u00e5ngt ljus h\u00e5r som satte sig vid den stora flygeln. Det var Anna. Kvinnan som st\u00e5tt med triangeln var hennes syster Maria von Hausswolff.<\/p>\n<p>F\u00f6rsta s\u00e5ngen &#8211; Track of time &#8211; spelade hon munspel till. Akustisk gitarr, munspel, flygel och Annas s\u00e5ng &#8211; det var som Bob Dylan-inspirerat p\u00e5 n\u00e5got s\u00e4tt. Och jag k\u00e4nde p\u00e5 en g\u00e5ng att trots att jag gillade debutalbumet \u00e4r hon \u00e4nnu b\u00e4ttre live.<\/p>\n<p>Det var ett varierat program. Efter n\u00e5gra s\u00e5nger med den akustiska gitarren till st\u00f6d till hennes s\u00e5ng och flygel gjorde hon n\u00e5gra s\u00e5nger helt sj\u00e4lv med flygeln.<\/p>\n<p>D\u00e5 m\u00e4rks det verkligen vilken st\u00e4mma hon har. Det har v\u00e4l sagts f\u00f6rr: men hur kan en s\u00e5 liten och ung kvinna ha s\u00e5 stark r\u00f6st och s\u00e4ga s\u00e5 mycket med sin r\u00f6st och sina s\u00e5nger? Det \u00e4r inte texterna bara utan hur hon utf\u00f6r s\u00e5ngerna.<\/p>\n<p>Sedan kom trummisen och elgitarristen in p\u00e5 scen och det blev \u00f6s och full fart. Som rock med flygel.<\/p>\n<p>Beh\u00f6ver jag s\u00e4ga att publiken inte ville sluta appl\u00e5dera? Det blev tv\u00e5 extranummer varav det ena \u00e4r en av mina favoritl\u00e5tar med henne d\u00e5 hon g\u00f6r en cover p\u00e5 [ingenting]:s &#8221;Medan vi sov&#8221;.<\/p>\n<p>B\u00e5de [ingenting]:s version och Annas version kan du lyssna p\u00e5 h\u00e4r f\u00f6rresten:<\/p>\n<p><a href=\"..\/wp-content\/uploads\/2010\/05\/ingenting_medanvisov.mp3\">[ingenting]:  Medan vi sov<\/a><br \/>\n<a href=\"..\/wp-content\/uploads\/2010\/05\/anna_medanvisov.mp3\">Anna  von Hausswolff: Medan vi sov<\/a><\/p>\n<p><a href=\"http:\/\/flattr.com\/thing\/1538\/Anna-von-Hausswolff-p%C3%A5-Sodra-Teatern\" target=\"_blank\"><br \/>\n<img decoding=\"async\" src=\"http:\/\/api.flattr.com\/button\/button-static-50x60.png\" title=\"Flattr this\" border=\"0\" \/><\/a><\/p>\n<p><object width=\"640\" height=\"385\"><param name=\"movie\" value=\"http:\/\/www.youtube.com\/v\/waPj4qIWta8&#038;hl=sv_SE&#038;fs=1&#038;\"><\/param><param name=\"allowFullScreen\" value=\"true\"><\/param><param name=\"allowscriptaccess\" value=\"always\"><\/param><embed src=\"http:\/\/www.youtube.com\/v\/waPj4qIWta8&#038;hl=sv_SE&#038;fs=1&#038;\" type=\"application\/x-shockwave-flash\" allowscriptaccess=\"always\" allowfullscreen=\"true\" width=\"640\" height=\"385\"><\/embed><\/object><\/p>\n<p><object width=\"480\" height=\"385\"><param name=\"movie\" value=\"http:\/\/www.youtube.com\/v\/ewfbrLhWJSA&#038;hl=sv_SE&#038;fs=1&#038;\"><\/param><param name=\"allowFullScreen\" value=\"true\"><\/param><param name=\"allowscriptaccess\" value=\"always\"><\/param><embed src=\"http:\/\/www.youtube.com\/v\/ewfbrLhWJSA&#038;hl=sv_SE&#038;fs=1&#038;\" type=\"application\/x-shockwave-flash\" allowscriptaccess=\"always\" allowfullscreen=\"true\" width=\"480\" height=\"385\"><\/embed><\/object><\/p>\n<p>Relaterat:<br \/>\nRecensioner av debutalbumet:<br \/>\n<a href=\"http:\/\/www.sydsvenskan.se\/kultur-och-nojen\/musik\/skivrecensioner\/article871833\/Pop-Den-basta-visar-den-enda-bristen-h7.html\">Sydsvenskan<\/a>, <a href=\"http:\/\/www.gp.se\/kulturnoje\/musik\/1.363549-anna-von-hausswolff-singing-from-the-grave\">G\u00f6teborgsposten<\/a>, <a href=\"http:\/\/www.dn.se\/kultur-noje\/skivrecensioner\/anna-von-hausswolff-singing-from-the-grave-1.1088278\">Dagens Nyheter<\/a>, <a href=\"http:\/\/hd.se\/noje\/skivor\/2010\/05\/07\/anna-von-hausswolff-singing-from\/\">Helsingborgs Dagblad<\/a> och <a href=\"http:\/\/www.svd.se\/kulturnoje\/musik\/anna-von-hausswolff-singing-from-the-grave_4664933.svd\">Svenska Dagbladet<\/a> och <a href=\"http:\/\/www.aftonbladet.se\/nojesbladet\/musik\/recensioner\/article7045816.ab\">Aftonbladet.<\/a><\/p>\n<p>L\u00e4s \u00e4ven andra bloggares \u00e5sikter om <a href=\"http:\/\/bloggar.se\/om\/S%F6dra+teatern\" rel=\"tag\">S\u00f6dra teatern<\/a>, <a href=\"http:\/\/bloggar.se\/om\/Stockholm\" rel=\"tag\">Stockholm<\/a>, <a href=\"http:\/\/bloggar.se\/om\/indie\" rel=\"tag\">indie<\/a>, <a href=\"http:\/\/bloggar.se\/om\/singer\/songwriter\" rel=\"tag\">singer\/songwriter<\/a>, <a href=\"http:\/\/bloggar.se\/om\/musik\" rel=\"tag\">musik<\/a>, <a href=\"http:\/\/bloggar.se\/om\/Anna+von+Hausswolff\" rel=\"tag\">Anna von Hausswolff<\/a><\/p>\n","protected":false},"excerpt":{"rendered":"<p>Anna von Hausswolff sl\u00e4ppte sitt debutalbum &#8221;Singing from the grave&#8221; i b\u00f6rjan av maj &#8211; och det hyllades av alla kritiker. Men hon var hajpad ocks\u00e5 f\u00f6re albumet kom och det talades om henne bland m\u00e5nga musikintresserade. S\u00e5 det var med h\u00f6ga f\u00f6rv\u00e4ntningar jag begav mig till konserten p\u00e5 S\u00f6dra Teatern. Rid\u00e5n gick upp och [&hellip;]<\/p>\n","protected":false},"author":2,"featured_media":0,"comment_status":"open","ping_status":"open","sticky":false,"template":"","format":"standard","meta":{"_genesis_hide_title":false,"_genesis_hide_breadcrumbs":false,"_genesis_hide_singular_image":false,"_genesis_hide_footer_widgets":false,"_genesis_custom_body_class":"","_genesis_custom_post_class":"","_genesis_layout":"","footnotes":""},"categories":[7],"tags":[2467,12282,5075,5598,5400],"class_list":{"0":"post-20281","1":"post","2":"type-post","3":"status-publish","4":"format-standard","6":"category-musik","7":"tag-indie","8":"tag-musik","9":"tag-singersongwriter","10":"tag-sodra-teatern","11":"tag-stockholm","12":"entry"},"_links":{"self":[{"href":"https:\/\/kulturbloggen.com\/index.php?rest_route=\/wp\/v2\/posts\/20281","targetHints":{"allow":["GET"]}}],"collection":[{"href":"https:\/\/kulturbloggen.com\/index.php?rest_route=\/wp\/v2\/posts"}],"about":[{"href":"https:\/\/kulturbloggen.com\/index.php?rest_route=\/wp\/v2\/types\/post"}],"author":[{"embeddable":true,"href":"https:\/\/kulturbloggen.com\/index.php?rest_route=\/wp\/v2\/users\/2"}],"replies":[{"embeddable":true,"href":"https:\/\/kulturbloggen.com\/index.php?rest_route=%2Fwp%2Fv2%2Fcomments&post=20281"}],"version-history":[{"count":0,"href":"https:\/\/kulturbloggen.com\/index.php?rest_route=\/wp\/v2\/posts\/20281\/revisions"}],"wp:attachment":[{"href":"https:\/\/kulturbloggen.com\/index.php?rest_route=%2Fwp%2Fv2%2Fmedia&parent=20281"}],"wp:term":[{"taxonomy":"category","embeddable":true,"href":"https:\/\/kulturbloggen.com\/index.php?rest_route=%2Fwp%2Fv2%2Fcategories&post=20281"},{"taxonomy":"post_tag","embeddable":true,"href":"https:\/\/kulturbloggen.com\/index.php?rest_route=%2Fwp%2Fv2%2Ftags&post=20281"}],"curies":[{"name":"wp","href":"https:\/\/api.w.org\/{rel}","templated":true}]}}