{"id":202740,"date":"2026-03-03T09:55:46","date_gmt":"2026-03-03T08:55:46","guid":{"rendered":"https:\/\/kulturbloggen.com\/?p=202740"},"modified":"2026-03-03T09:55:46","modified_gmt":"2026-03-03T08:55:46","slug":"40-ar-vid-flygeln-stort-intresse-for-robert-wells-jubileumsturne","status":"publish","type":"post","link":"https:\/\/kulturbloggen.com\/?p=202740","title":{"rendered":"40 \u00e5r vid flygeln \u2013 stort intresse f\u00f6r Robert Wells jubileumsturn\u00e9"},"content":{"rendered":"<p><img decoding=\"async\" class=\"aligncenter size-full wp-image-186912\" src=\"https:\/\/kulturbloggen.com\/wp-content\/uploads\/2026\/03\/unnamed-2.jpg\" alt=\"Robert Wells\" width=\"500\" \/><\/p>\n<p>Robert Wells firar 40 \u00e5r som artist \u2013 och publiken har redan tagit plats. Redan f\u00f6re premi\u00e4ren \u00e4r 12 konserthus uts\u00e5lda och flera extra konserter insatta n\u00e4r jubileumsturn\u00e9n \u201d40 \u00e5r vid flygeln\u201d nu rullar ut \u00f6ver 23 orter i Sverige och Finland.<\/p>\n<p>Ett pressmeddelande ber\u00e4ttar:<br \/>\nMed ny musik, personliga ber\u00e4ttelser och fyra decenniers repertoar bjuder Wells p\u00e5 en intim och n\u00e4ra konsertupplevelse tillsammans med sin trio och Maria Wells. Turn\u00e9n blir en musikalisk resa genom karri\u00e4rens h\u00f6jdpunkter \u2013 och kulminerar i sommarens stora \u201dRhapsody In Rock\u201d i Dalhalla.<\/p>\n<p>\u2013 Det blir ett fantastiskt \u00e5r att se fram emot med mycket musik, d\u00e4r \u00e4ven en dos humor f\u00e5r ta plats och m\u00e5nga anekdoter att blicka tillbaka p\u00e5. Dessutom bjuder vi p\u00e5 helt ny musik. Att f\u00e5 fira runt om i v\u00e5rt vackra land tillsammans med publiken k\u00e4nns speciellt \u2013 och jag vill bjuda p\u00e5 extra allt, s\u00e4ger Robert Wells.<\/p>\n<p>2026 v\u00e4ntar ett hektiskt turn\u00e9\u00e5r f\u00f6r Robert Wells som inleds med ett nytt musiksl\u00e4pp och v\u00e5rturn\u00e9n \u201d40 \u00e5r vid flygeln\u201d, f\u00f6r att under sommaren f\u00f6ljas av en exklusiv \u201dRhapsody In Rock\u201d-konsert i Dalhalla.<\/p>\n<p>\u2013 Jag \u00e4r mycket tacksam f\u00f6r att alla mina barndomsdr\u00f6mmar har tagit mig s\u00e5 h\u00e4r l\u00e5ngt i musicerandet. 40 \u00e5r med m\u00e5nga mil p\u00e5 v\u00e4garna och fantastiska konsertupplevelser \u2013 stort som sm\u00e5tt. Jag l\u00e4ngtar redan till premi\u00e4ren i Lund i mars, s\u00e4ger Robert Wells.<\/p>\n","protected":false},"excerpt":{"rendered":"<p>Robert Wells firar 40 \u00e5r som artist \u2013 och publiken har redan tagit plats. Redan f\u00f6re premi\u00e4ren \u00e4r 12 konserthus uts\u00e5lda och flera extra konserter insatta n\u00e4r jubileumsturn\u00e9n \u201d40 \u00e5r vid flygeln\u201d nu rullar ut \u00f6ver 23 orter i Sverige och Finland. Ett pressmeddelande ber\u00e4ttar: Med ny musik, personliga ber\u00e4ttelser och fyra decenniers repertoar bjuder [&hellip;]<\/p>\n","protected":false},"author":13,"featured_media":202744,"comment_status":"closed","ping_status":"closed","sticky":false,"template":"","format":"standard","meta":{"_genesis_hide_title":false,"_genesis_hide_breadcrumbs":false,"_genesis_hide_singular_image":false,"_genesis_hide_footer_widgets":false,"_genesis_custom_body_class":"","_genesis_custom_post_class":"","_genesis_layout":"","footnotes":""},"categories":[7,13624],"tags":[],"class_list":{"0":"post-202740","1":"post","2":"type-post","3":"status-publish","4":"format-standard","5":"has-post-thumbnail","7":"category-musik","8":"category-toppnytt","9":"entry"},"_links":{"self":[{"href":"https:\/\/kulturbloggen.com\/index.php?rest_route=\/wp\/v2\/posts\/202740","targetHints":{"allow":["GET"]}}],"collection":[{"href":"https:\/\/kulturbloggen.com\/index.php?rest_route=\/wp\/v2\/posts"}],"about":[{"href":"https:\/\/kulturbloggen.com\/index.php?rest_route=\/wp\/v2\/types\/post"}],"author":[{"embeddable":true,"href":"https:\/\/kulturbloggen.com\/index.php?rest_route=\/wp\/v2\/users\/13"}],"replies":[{"embeddable":true,"href":"https:\/\/kulturbloggen.com\/index.php?rest_route=%2Fwp%2Fv2%2Fcomments&post=202740"}],"version-history":[{"count":7,"href":"https:\/\/kulturbloggen.com\/index.php?rest_route=\/wp\/v2\/posts\/202740\/revisions"}],"predecessor-version":[{"id":202749,"href":"https:\/\/kulturbloggen.com\/index.php?rest_route=\/wp\/v2\/posts\/202740\/revisions\/202749"}],"wp:featuredmedia":[{"embeddable":true,"href":"https:\/\/kulturbloggen.com\/index.php?rest_route=\/wp\/v2\/media\/202744"}],"wp:attachment":[{"href":"https:\/\/kulturbloggen.com\/index.php?rest_route=%2Fwp%2Fv2%2Fmedia&parent=202740"}],"wp:term":[{"taxonomy":"category","embeddable":true,"href":"https:\/\/kulturbloggen.com\/index.php?rest_route=%2Fwp%2Fv2%2Fcategories&post=202740"},{"taxonomy":"post_tag","embeddable":true,"href":"https:\/\/kulturbloggen.com\/index.php?rest_route=%2Fwp%2Fv2%2Ftags&post=202740"}],"curies":[{"name":"wp","href":"https:\/\/api.w.org\/{rel}","templated":true}]}}