{"id":202725,"date":"2026-03-03T09:47:21","date_gmt":"2026-03-03T08:47:21","guid":{"rendered":"https:\/\/kulturbloggen.com\/?p=202725"},"modified":"2026-03-03T09:51:16","modified_gmt":"2026-03-03T08:51:16","slug":"ostersjofestivalen-2026-bjuder-in-till-ett-stjarnspackat-program-och-ny-chefsdirigent","status":"publish","type":"post","link":"https:\/\/kulturbloggen.com\/?p=202725","title":{"rendered":"\u00d6stersj\u00f6festivalen 2026 bjuder in till ett stj\u00e4rnsp\u00e4ckat program och ny chefsdirigent"},"content":{"rendered":"<p><img decoding=\"async\" class=\"aligncenter size-full wp-image-186912\" src=\"https:\/\/kulturbloggen.com\/wp-content\/uploads\/2026\/03\/unnamed.jpg\" alt=\"\u00d6stersj\u00f6festivalen\" width=\"500\" \/><\/p>\n<p>Nordens st\u00f6rsta festival f\u00f6r klassisk musik \u00e4r tillbaka i en 24:e upplaga, 21\u201329 augusti 2026 med musik som sp\u00e4nner \u00f6ver 400 \u00e5r. Flera nya svenska verk av Jacob M\u00fchlrad, Anders Hillborg och Molly Kien. Tjeckiska filharmonikerna under Semyon Bychkov, pianisten Yunchan Lim och sopranen Malin Bystr\u00f6m \u00e4r n\u00e5gra av v\u00e4rldsstj\u00e4rnorna. Dessutom g\u00f6r Andr\u00e9s Orozco-Estrada sin Berwaldhallendebut som Sveriges Radios Symfoniorkesters chefsdirigent.<\/p>\n<p>Ett pressmeddelande ber\u00e4ttar:<br \/>\nI festivalens \u00f6ppningskonsert st\u00e5r b\u00e5de ett uruppf\u00f6rande av svenska tons\u00e4ttaren Molly Kien och Sverigepremi\u00e4ren f\u00f6r Anders Hillborgs Hell Mountain p\u00e5 programmet, under ledning av Sveriges Radios Symfoniorkesters nye chefsdirigent Andr\u00e9s Orozco-Estrada. I avslutningskonserten intar festivalens grundare Esa-Pekka Salonen dirigentpulten i en helt ny saxofonkonsert av Erkki-Sven T\u00fc\u00fcr och Jean Sibelius epos Kullervo, med Peter Mattei och Orphei Dr\u00e4ngar. Radiok\u00f6ren ger en konsert under Nordiska museets v\u00e4ldiga valv.<\/p>\n<p>Festivalen presenterar ett p\u00e4rlband av stj\u00e4rnor: den svenska sopranen Malin Bystr\u00f6m i Alma Mahlers s\u00e5nger, violinisten Daniel Lozakovich i ett Bachprogram, countertenoren Jakub J\u00f3zef Orli\u0144ski och barockensemblen Il Pomo d\u2019Oro som utforskar den tidiga barockens musik. Svenska Kammarorkestern under ledning av klarinettisten Martin Fr\u00f6st har flera nya verk, bland annat Jacob M\u00fchlrads Helix, p\u00e5 programmet. Tjeckiska filharmonikerna som 2024 vann prestigefyllda &#8221;Gramophone&#8217;s Orchestra of the Year Award&#8221; spelar tv\u00e5 festivalkv\u00e4llar under sin chefsdirigent Semyon Bychkov med Janine Jansen, violin och Yunchan Lim, piano, som solister.<\/p>\n<p>Dessutom bjuder \u00d6stersj\u00f6festivalen som tidigare p\u00e5 en familjedag \u2013 och en jazzkonsert p\u00e5 Fasching med trombonisten Tilde Schweitzer och pianisten Joel Lyssarides i centrum. Under festivalen kommer ett antal Sveriges Radio-poddar att g\u00e4sta Berwaldhallen i scensamtal f\u00f6re konserterna. Alla festivalkonserter s\u00e4nds i Sveriges Radio, flera av dem \u00e4ven till andra l\u00e4nder inom EBU-samarbetet.<\/p>\n<p>\u2013 Jag \u00e4r riktigt stolt att kunna presentera ett s\u00e5 rikt program f\u00f6r \u00d6stersj\u00f6festivalen 2026 med nya svenska verk, flera best\u00e4llda direkt f\u00f6r festivalen och v\u00e5ra ensembler Jag gl\u00e4ds ocks\u00e5 \u00e5t att v\u00e4lkomna ett p\u00e4rlband av v\u00e4rldsartister\u2013 ett fint kvitto p\u00e5 festivalens och v\u00e5ra ensemblers attraktionskraft, s\u00e4ger Staffan Becker, konserthuschef i Berwaldhallen.<\/p>\n<p>\u2013 Det \u00e4r en stor \u00e4ra f\u00f6r mig att f\u00e5 inviga \u00d6stersj\u00f6festivalen som ny chefsdirigent f\u00f6r Sveriges Radios Symfoniorkester, en festival som samlar s\u00e5 m\u00e5nga fantastiska musikupplevelser, s\u00e4ger Andr\u00e9s Orozco-Estrada, ny chefsdirigent f\u00f6r Sveriges Radios Symfoniorkester. <\/p>\n","protected":false},"excerpt":{"rendered":"<p>Nordens st\u00f6rsta festival f\u00f6r klassisk musik \u00e4r tillbaka i en 24:e upplaga, 21\u201329 augusti 2026 med musik som sp\u00e4nner \u00f6ver 400 \u00e5r. Flera nya svenska verk av Jacob M\u00fchlrad, Anders Hillborg och Molly Kien. Tjeckiska filharmonikerna under Semyon Bychkov, pianisten Yunchan Lim och sopranen Malin Bystr\u00f6m \u00e4r n\u00e5gra av v\u00e4rldsstj\u00e4rnorna. Dessutom g\u00f6r Andr\u00e9s Orozco-Estrada sin [&hellip;]<\/p>\n","protected":false},"author":13,"featured_media":202728,"comment_status":"closed","ping_status":"closed","sticky":false,"template":"","format":"standard","meta":{"_genesis_hide_title":false,"_genesis_hide_breadcrumbs":false,"_genesis_hide_singular_image":false,"_genesis_hide_footer_widgets":false,"_genesis_custom_body_class":"","_genesis_custom_post_class":"","_genesis_layout":"","footnotes":""},"categories":[7,13624],"tags":[],"class_list":{"0":"post-202725","1":"post","2":"type-post","3":"status-publish","4":"format-standard","5":"has-post-thumbnail","7":"category-musik","8":"category-toppnytt","9":"entry"},"_links":{"self":[{"href":"https:\/\/kulturbloggen.com\/index.php?rest_route=\/wp\/v2\/posts\/202725","targetHints":{"allow":["GET"]}}],"collection":[{"href":"https:\/\/kulturbloggen.com\/index.php?rest_route=\/wp\/v2\/posts"}],"about":[{"href":"https:\/\/kulturbloggen.com\/index.php?rest_route=\/wp\/v2\/types\/post"}],"author":[{"embeddable":true,"href":"https:\/\/kulturbloggen.com\/index.php?rest_route=\/wp\/v2\/users\/13"}],"replies":[{"embeddable":true,"href":"https:\/\/kulturbloggen.com\/index.php?rest_route=%2Fwp%2Fv2%2Fcomments&post=202725"}],"version-history":[{"count":5,"href":"https:\/\/kulturbloggen.com\/index.php?rest_route=\/wp\/v2\/posts\/202725\/revisions"}],"predecessor-version":[{"id":202732,"href":"https:\/\/kulturbloggen.com\/index.php?rest_route=\/wp\/v2\/posts\/202725\/revisions\/202732"}],"wp:featuredmedia":[{"embeddable":true,"href":"https:\/\/kulturbloggen.com\/index.php?rest_route=\/wp\/v2\/media\/202728"}],"wp:attachment":[{"href":"https:\/\/kulturbloggen.com\/index.php?rest_route=%2Fwp%2Fv2%2Fmedia&parent=202725"}],"wp:term":[{"taxonomy":"category","embeddable":true,"href":"https:\/\/kulturbloggen.com\/index.php?rest_route=%2Fwp%2Fv2%2Fcategories&post=202725"},{"taxonomy":"post_tag","embeddable":true,"href":"https:\/\/kulturbloggen.com\/index.php?rest_route=%2Fwp%2Fv2%2Ftags&post=202725"}],"curies":[{"name":"wp","href":"https:\/\/api.w.org\/{rel}","templated":true}]}}