{"id":202719,"date":"2026-03-03T09:44:14","date_gmt":"2026-03-03T08:44:14","guid":{"rendered":"https:\/\/kulturbloggen.com\/?p=202719"},"modified":"2026-03-03T09:50:25","modified_gmt":"2026-03-03T08:50:25","slug":"internationell-stjarnglans-och-svensk-debut-i-puccinis-la-boheme-pa-opera-pa-skaret-2026","status":"publish","type":"post","link":"https:\/\/kulturbloggen.com\/?p=202719","title":{"rendered":"Internationell stj\u00e4rnglans och svensk debut i Puccinis La Boh\u00e8me p\u00e5 Opera p\u00e5 Sk\u00e4ret 2026"},"content":{"rendered":"<p><img decoding=\"async\" class=\"aligncenter size-full wp-image-186912\" src=\"https:\/\/kulturbloggen.com\/wp-content\/uploads\/2026\/03\/labohemde.jpg\" alt=\"Opera p\u00e5 Sk\u00e4ret\" width=\"500\" \/><\/p>\n<p>Opera p\u00e5 Sk\u00e4ret har nu offentliggjort vilka solister som medverkar i 2026 \u00e5rs sommars produktion av Giacomo Puccinis La Boh\u00e8me 2026. Efter cirka 500 internationella ans\u00f6kningar presenteras nu solisterna till La Boh\u00e8me sommaren 2026. Ensemblen rymmer b\u00e5de internationellt etablerade s\u00e5ngare och en svensk professionell debut.<\/p>\n<p>Ett pressmeddelande ber\u00e4ttar:<\/p>\n<p>Solisterna v\u00e4ljs ut av en jury efter audition. Vid auditiontillf\u00e4llet i november 2025 bj\u00f6ds drygt 200 s\u00e5ngare in till liveauditions efter ett omfattande internationellt ans\u00f6kningsf\u00f6rfarande.<\/p>\n<p>\u2013 \u00c5rets ensemble speglar precis det Opera p\u00e5 Sk\u00e4ret vill vara, en internationell m\u00f6tesplats d\u00e4r artister fr\u00e5n hela v\u00e4rlden samlas kring ett stort m\u00e4sterverk och tillsammans skapar n\u00e5got unikt. Det \u00e4r en stor gl\u00e4dje att f\u00e5 samla s\u00e5ngare fr\u00e5n den internationella operaarenan och samtidigt kunna presentera en svensk debut, s\u00e4ger Alexander Niclasson, konstn\u00e4rlig ledare f\u00f6r Opera p\u00e5 Sk\u00e4ret.<\/p>\n<p>Den sceniska och musikaliska ledningen best\u00e5r av den amerikanska regiss\u00f6ren Jennifer Williams, som g\u00f6r sin f\u00f6rsta produktion p\u00e5 Opera p\u00e5 Sk\u00e4ret, samt den italienske dirigenten Lorenzo Coladonato, som tidigare medverkat i flera produktioner h\u00e4r.<\/p>\n<p>Mimi<br \/>\nI rollen som Mimi presenterar vi den svenska debutanten Anna Hedendahl, som studerar vid Stockholms konstn\u00e4rliga h\u00f6gskola. Opera p\u00e5 Sk\u00e4ret \u00e4r stolta \u00f6ver att vara den scen d\u00e4r hon g\u00f6r sin professionella debut.<\/p>\n<p>Rollen delas med den ukrainska sopranen Kseniya Bakhritdinova, som tidigare medverkat i tv\u00e5 produktioner p\u00e5 Opera p\u00e5 Sk\u00e4ret och blivit en publikfavorit.<\/p>\n<p>Rodolfo<br \/>\nDen v\u00e4letablerade sydkoreanske tenoren Ji-Min Park sjunger Rodolfo. Han har tidigare framf\u00f6rt rollen p\u00e5 bland annat operahusen i Sydney och Covent Garden.<\/p>\n<p>Rollen delas med den unge sydkoreanske tenoren Marco Lee, som debuterat som Rodolfo i Tyskland och sp\u00e5s en lysande internationell karri\u00e4r.<\/p>\n<p>Marcello<br \/>\nMarcello gestaltas av den georgiske barytonen Otar Shishinashvili, verksam vid operan i Tbilisi, samt Jung Jaehong fr\u00e5n Sydkorea, verksam i Italien.<\/p>\n<p>Musetta<br \/>\nMusetta sjungs av det svenska stj\u00e4rnskottet Maria Kjellsson, som g\u00f6r sin f\u00f6rsta roll p\u00e5 Opera p\u00e5 Sk\u00e4ret, samt den spanska sopranen Laura del Rio, som i och med denna produktion g\u00f6r sin Sverigedebut.<\/p>\n<p>\u00d6vriga roller<\/p>\n<p>Schaunard sjungs av den tyske barytonen Maximilian Krummen, som under flera \u00e5r varit verksam vid Staatstheater Braunschweig.<\/p>\n<p>Basrollen Colline gestaltas av den finske basen Niklas Sp\u00e5ngberg, frilansande p\u00e5 de finska operascenerna.<\/p>\n<p>I rollerna som Benoit och Alcindoro h\u00f6r vi den svenske barytonen John Kinell, som g\u00f6r sin f\u00f6rsta produktion p\u00e5 Opera p\u00e5 Sk\u00e4ret.<\/p>\n<p>Orkester och Chorus<\/p>\n<p>Opera p\u00e5 Sk\u00e4rets orkester best\u00e5r av frilansande musiker etablerade i svenskt musikliv och \u00e4r sammansatt av konsertm\u00e4stare Jan Stigmer.<\/p>\n<p>Chorus \u00e4r Opera p\u00e5 Sk\u00e4rets egen och leds av korm\u00e4stare Jonatan L\u00f6nnqvist och k\u00f6r repetit\u00f6r\/ instuderaren Mats Johansson.<\/p>\n<p>Dirigent: Lorenzo Coladonato<br \/>\nRegiss\u00f6r: Jennifer Williams<br \/>\nScenografi: Sven \u00d6stberg<br \/>\nKostymdesign: Alex Eriksson och Tina Akkaya<br \/>\nMask och perukdesign: Stephanie Metzner<\/p>\n<p>Spelperiod<br \/>\nLa Boh\u00e8me har premi\u00e4r den 25 och 26 juli 2026 och spelas p\u00e5 originalspr\u00e5ket italienska med svensk och engelsk textning.<\/p>\n","protected":false},"excerpt":{"rendered":"<p>Opera p\u00e5 Sk\u00e4ret har nu offentliggjort vilka solister som medverkar i 2026 \u00e5rs sommars produktion av Giacomo Puccinis La Boh\u00e8me 2026. Efter cirka 500 internationella ans\u00f6kningar presenteras nu solisterna till La Boh\u00e8me sommaren 2026. Ensemblen rymmer b\u00e5de internationellt etablerade s\u00e5ngare och en svensk professionell debut. Ett pressmeddelande ber\u00e4ttar: Solisterna v\u00e4ljs ut av en jury efter [&hellip;]<\/p>\n","protected":false},"author":13,"featured_media":202722,"comment_status":"closed","ping_status":"closed","sticky":false,"template":"","format":"standard","meta":{"_genesis_hide_title":false,"_genesis_hide_breadcrumbs":false,"_genesis_hide_singular_image":false,"_genesis_hide_footer_widgets":false,"_genesis_custom_body_class":"","_genesis_custom_post_class":"","_genesis_layout":"","footnotes":""},"categories":[13630,20,13624],"tags":[],"class_list":{"0":"post-202719","1":"post","2":"type-post","3":"status-publish","4":"format-standard","5":"has-post-thumbnail","7":"category-opera","8":"category-film","9":"category-toppnytt","10":"entry"},"_links":{"self":[{"href":"https:\/\/kulturbloggen.com\/index.php?rest_route=\/wp\/v2\/posts\/202719","targetHints":{"allow":["GET"]}}],"collection":[{"href":"https:\/\/kulturbloggen.com\/index.php?rest_route=\/wp\/v2\/posts"}],"about":[{"href":"https:\/\/kulturbloggen.com\/index.php?rest_route=\/wp\/v2\/types\/post"}],"author":[{"embeddable":true,"href":"https:\/\/kulturbloggen.com\/index.php?rest_route=\/wp\/v2\/users\/13"}],"replies":[{"embeddable":true,"href":"https:\/\/kulturbloggen.com\/index.php?rest_route=%2Fwp%2Fv2%2Fcomments&post=202719"}],"version-history":[{"count":4,"href":"https:\/\/kulturbloggen.com\/index.php?rest_route=\/wp\/v2\/posts\/202719\/revisions"}],"predecessor-version":[{"id":202724,"href":"https:\/\/kulturbloggen.com\/index.php?rest_route=\/wp\/v2\/posts\/202719\/revisions\/202724"}],"wp:featuredmedia":[{"embeddable":true,"href":"https:\/\/kulturbloggen.com\/index.php?rest_route=\/wp\/v2\/media\/202722"}],"wp:attachment":[{"href":"https:\/\/kulturbloggen.com\/index.php?rest_route=%2Fwp%2Fv2%2Fmedia&parent=202719"}],"wp:term":[{"taxonomy":"category","embeddable":true,"href":"https:\/\/kulturbloggen.com\/index.php?rest_route=%2Fwp%2Fv2%2Fcategories&post=202719"},{"taxonomy":"post_tag","embeddable":true,"href":"https:\/\/kulturbloggen.com\/index.php?rest_route=%2Fwp%2Fv2%2Ftags&post=202719"}],"curies":[{"name":"wp","href":"https:\/\/api.w.org\/{rel}","templated":true}]}}