{"id":20265,"date":"2010-05-12T15:29:37","date_gmt":"2010-05-12T13:29:37","guid":{"rendered":"http:\/\/kulturbloggen.com\/?p=20265"},"modified":"2010-05-12T15:29:37","modified_gmt":"2010-05-12T13:29:37","slug":"infor-fotbolls-vm-vem-spelar-inte","status":"publish","type":"post","link":"https:\/\/kulturbloggen.com\/?p=20265","title":{"rendered":"Inf\u00f6r fotbolls-VM: vem spelar inte?"},"content":{"rendered":"<p><a href=\"http:\/\/kulturbloggen.com\/wp-content\/uploads\/2009\/06\/danmarksfotboll290.jpg\"><img loading=\"lazy\" decoding=\"async\" src=\"http:\/\/kulturbloggen.com\/wp-content\/uploads\/2009\/06\/danmarksfotboll290.jpg\" alt=\"\" title=\"danmarksfotboll290\" width=\"290\" height=\"200\" class=\"aligncenter size-full wp-image-10234\" \/><\/a><br \/>\nNedr\u00e4kningen till fotbolls-VM har b\u00f6rjat och fr\u00e5gan om vilka lag som kommer att spela i finalen, vilka blir stj\u00e4rnorna i detta VM?<br \/>\nN\u00e5gra som inte blir det vet vi. Som Ronaldinho, f\u00f6r han \u00e4r inte uttagen.<\/p>\n<p>Ronaldinho kommer inte att finnas med i fotbolls-VM i Sydafrika i sommar. Milan-stj\u00e4rnan var inte med i den 23-mannatrupp som Brasiliens f\u00f6rbundskapten Dunga presenterade p\u00e5 tisdagen. <a href=\"http:\/\/www.dn.se\/sport\/fotboll\/ronaldinho-far-inte-spela-vm-1.1092362\">Uppger DN<\/a>.<\/p>\n<p><a href=\"http:\/\/www.dn.se\/sport\/fotboll\/totti-utanfor-italiens-vm-trupp-1.1092354\">Italien kommer utan Toti<\/a>, <a href=\"http:\/\/www.dn.se\/sport\/fotboll\/vieira-utanfor-frankrikes-vm-trupp-1.1092373\">Frankrike kommer utan Vieira<\/a>. D\u00e4remot \u00e4r <a href=\"http:\/\/kulturbloggen.com\/?p=20241\">Rib\u00e9ry uttagen trots skandalen med prostitutionsh\u00e4rvan<\/a>.<\/p>\n<p>Argentinas f\u00f6rbundskapten Maradona har redan skapat rabalder.<br \/>\n<a href=\"http:\/\/www.aftonbladet.se\/sportbladet\/fotboll\/landslagsfotboll\/vm2010\/article7114452.ab\">Aftonbladet<\/a>:<\/p>\n<blockquote><p>Enligt Fifas regler skulle samtliga 32 VM-lag ha skickat in sina prelimin\u00e4ra VM-trupper innan midnatt.<br \/>\nMen n\u00e4r klockan slog tolv var det fortfarande tyst fr\u00e5n Diego Maradonas Argentina.<br \/>\nDet argentinska fotbollf\u00f6rbundet lade under kv\u00e4llen ut en text p\u00e5 sin hemsida d\u00e4r de skyller p\u00e5 tekniska problem och f\u00f6rst efter midnatt blev den argentinska truppen officiell. <\/p><\/blockquote>\n<p>Intermittf\u00e4ltaren Esteban Cambiasso \u00e4r inte med i truppen. Inte heller klubbkamraten Javier Zanetti.<\/p>\n<p>Kommer Torres att kunna spela f\u00f6r Spanien? <a href=\"http:\/\/www.dn.se\/sport\/fotboll\/torres-kampar-for-att-na-vm-1.1093352\">DN rapporterar om sv\u00e5righeterna:<\/a><\/p>\n<blockquote><p>Sex timmars rehabilitering om dagen. Det ska hj\u00e4lpa Fernando Torres att ta en plats i Spaniens startelva till \u00f6ppningsmatchen i fotbolls-VM. Torres opererade sitt h\u00f6gerkn\u00e4 f\u00f6rra m\u00e5naden och efter m\u00e5ndagens medicinska kontroll finns han nu med i Spaniens prelimin\u00e4ra 30-mannatrupp.<\/p><\/blockquote>\n<p>Fler trupper som det skrivits om:<br \/>\nSchweiz som har Ottmar Hitzfeld som f\u00f6rbundskapten. Han har ju vunnit Champions League med Bayern M\u00fcnchen och v\u00e4grar ta \u00f6ver det tyska landslaget, s\u00e5 d\u00e4r har ni nog ett lag som kan \u00f6verraska i VM med en s\u00e5 meriterad och s\u00e4ker f\u00f6rbundskapten.<br \/>\n<a href=\"http:\/\/www.dn.se\/sport\/fotboll\/inga-overraskningar-i-schweiz-trupp-1.1092359\">H\u00e4r \u00e4r deras trupp<\/a>:<\/p>\n<blockquote><p>M\u00e5lvakter: Diego Benaglio, Wolfsburg, Johnny Leoni, Z\u00fcrich, Marco W\u00f6lfli, Young Boys.<\/p>\n<p>F\u00f6rsvarare: Mario Eggimann, Hannover 96, Stephane Grichting, Auxerre, Stephan Lichtsteiner, Lazio, Philippe Senderos, Arsenal, Christoph Spycher, Frankfurt, Steve von Bergen, Hertha Berlin, Reto Ziegler, Sampdoria.<\/p>\n<p>Mittf\u00e4ltare: Tranquillo Barnetta, Leverkusen, Valon Behrami, West Ham, Gelson Fernandes, S:t Etienne, Benjamin Huggel, Basel, Marco Padalino, Sampdoria, Pirmin Schwegler, Frankfurt, G\u00f6klan Inler, Udinese, Hakan Yakin, Luzern, Xherdan Shaqiri, Basel.<\/p>\n<p>Anfallare: Eren Derdiyok, Leverkusen, Alexander Frei, Basel, Blaise Nkufo, Twente, Marco Streller, Basel.<\/p><\/blockquote>\n<p>F\u00f6r svensk del \u00e4r v\u00e4l b\u00e5de Elfenbenskusten med Svennis som tr\u00e4nare och Nigeria med Lagerb\u00e4ck som tr\u00e4nare.<br \/>\nSvennis f\u00f6rsta VM-trupp med Elfenbenskusten inneh\u00e5ller bland annat  storstj\u00e4rnor som Didier Drogba och br\u00f6derna Kolo och Yaya Toure.<\/p>\n<p>Danmark blir sp\u00e4nnande att f\u00f6lja ocks\u00e5. S\u00e5g att det finns en <a href=\"http:\/\/www.facebook.com\/pages\/Vi-som-vill-att-Skane-ska-tillhora-Danmark-under-fotbolls-VM-2010\/234668424060?v=wall\">Facebookgrupp f\u00f6r de som vill att Sk\u00e5ne ska tillh\u00f6ra Danmark under fotbolls-VM.<\/a><\/p>\n<p>L\u00e4s \u00e4ven andra bloggares \u00e5sikter om <a href=\"http:\/\/bloggar.se\/om\/fotboll\" rel=\"tag\">fotboll<\/a>, <a href=\"http:\/\/bloggar.se\/om\/fotbolls-VM\" rel=\"tag\">fotbolls-VM<\/a>, <a href=\"http:\/\/bloggar.se\/om\/Nigeria\" rel=\"tag\">Nigeria<\/a>, <a href=\"http:\/\/bloggar.se\/om\/Elfenbenskusten\" rel=\"tag\">Elfenbenskusten<\/a>, <a href=\"http:\/\/bloggar.se\/om\/Danmark\" rel=\"tag\">Danmark<\/a><\/p>\n","protected":false},"excerpt":{"rendered":"<p>Nedr\u00e4kningen till fotbolls-VM har b\u00f6rjat och fr\u00e5gan om vilka lag som kommer att spela i finalen, vilka blir stj\u00e4rnorna i detta VM? N\u00e5gra som inte blir det vet vi. Som Ronaldinho, f\u00f6r han \u00e4r inte uttagen. Ronaldinho kommer inte att finnas med i fotbolls-VM i Sydafrika i sommar. Milan-stj\u00e4rnan var inte med i den 23-mannatrupp [&hellip;]<\/p>\n","protected":false},"author":2,"featured_media":0,"comment_status":"open","ping_status":"open","sticky":false,"template":"","format":"standard","meta":{"_genesis_hide_title":false,"_genesis_hide_breadcrumbs":false,"_genesis_hide_singular_image":false,"_genesis_hide_footer_widgets":false,"_genesis_custom_body_class":"","_genesis_custom_post_class":"","_genesis_layout":"","footnotes":""},"categories":[20],"tags":[12292,1838],"class_list":{"0":"post-20265","1":"post","2":"type-post","3":"status-publish","4":"format-standard","6":"category-film","7":"tag-fotboll-sport-nyheter","8":"tag-fotbolls-vm","9":"entry"},"_links":{"self":[{"href":"https:\/\/kulturbloggen.com\/index.php?rest_route=\/wp\/v2\/posts\/20265","targetHints":{"allow":["GET"]}}],"collection":[{"href":"https:\/\/kulturbloggen.com\/index.php?rest_route=\/wp\/v2\/posts"}],"about":[{"href":"https:\/\/kulturbloggen.com\/index.php?rest_route=\/wp\/v2\/types\/post"}],"author":[{"embeddable":true,"href":"https:\/\/kulturbloggen.com\/index.php?rest_route=\/wp\/v2\/users\/2"}],"replies":[{"embeddable":true,"href":"https:\/\/kulturbloggen.com\/index.php?rest_route=%2Fwp%2Fv2%2Fcomments&post=20265"}],"version-history":[{"count":0,"href":"https:\/\/kulturbloggen.com\/index.php?rest_route=\/wp\/v2\/posts\/20265\/revisions"}],"wp:attachment":[{"href":"https:\/\/kulturbloggen.com\/index.php?rest_route=%2Fwp%2Fv2%2Fmedia&parent=20265"}],"wp:term":[{"taxonomy":"category","embeddable":true,"href":"https:\/\/kulturbloggen.com\/index.php?rest_route=%2Fwp%2Fv2%2Fcategories&post=20265"},{"taxonomy":"post_tag","embeddable":true,"href":"https:\/\/kulturbloggen.com\/index.php?rest_route=%2Fwp%2Fv2%2Ftags&post=20265"}],"curies":[{"name":"wp","href":"https:\/\/api.w.org\/{rel}","templated":true}]}}