{"id":202613,"date":"2026-03-02T12:58:56","date_gmt":"2026-03-02T11:58:56","guid":{"rendered":"https:\/\/kulturbloggen.com\/?p=202613"},"modified":"2026-03-02T12:58:56","modified_gmt":"2026-03-02T11:58:56","slug":"missa-inte-dessa-filmer-pa-tempo-dokumentarfestival-2026","status":"publish","type":"post","link":"https:\/\/kulturbloggen.com\/?p=202613","title":{"rendered":"Missa inte dessa filmer p\u00e5 Tempo Dokument\u00e4rfestival 2026"},"content":{"rendered":"<p><img decoding=\"async\" class=\"aligncenter size-full wp-image-186912\" src=\"https:\/\/kulturbloggen.com\/wp-content\/uploads\/2026\/03\/La-belle-annee_c-Simon-Averin_2.jpg\" alt=\"Tempo\" width=\"500\" \/><\/p>\n<p>Starka, ber\u00f6rande m\u00f6ten med intressanta kvinnor \u00e4r ett tema som pr\u00e4glar m\u00e5nga av \u00e5rets filmen i Tempo Dokument\u00e4rfestival 2026. Tempo \u00e4r i mina \u00f6gon en festival i s\u00e4rklass, en av de b\u00e4sta filmfestivalerna i Sverige. I \u00e5r, 2026, drar den ig\u00e5ng 2 mars och den p\u00e5g\u00e5r mellan 2 &#8211; 8 mars, fr\u00e4mst p\u00e5 biografer \u00f6ver hela Stockholm men en hel del av programmet finns ocks\u00e5 digitalt. <\/p>\n<p>Relationer av olika slag \u00e4r ett tema jag koncentrerat mig p\u00e5 inf\u00f6r festivalen. Festivalen visar har m\u00e5nga portr\u00e4tt av intressanta kvinnor. Invigningen av TEMPO DOKUMENT\u00c4RFESTIVAL 2026, som \u00e4ger rum p\u00e5 biografen Rival p\u00e5 kv\u00e4llen den 2 mars 2026.<\/p>\n<p> <img decoding=\"async\" class=\"aligncenter size-full wp-image-186912\" src=\"https:\/\/kulturbloggen.com\/wp-content\/uploads\/2026\/03\/image.jpg\" alt=\"Tempo\" width=\"500\" \/><\/p>\n<p>H\u00e4r \u00e4r n\u00e5gra tips p\u00e5 filmer det inte b\u00f6r missa i \u00e5rets Tempo<\/p>\n<p><strong>HOW TO BUILD A LIBRARY<\/strong><br \/>\nRegiss\u00f6r: Maia Lekow, Christopher King | Kenya<br \/>\nEn film fr\u00e5n Kenya om hur en f\u00f6rfattare och f\u00f6rl\u00e4ggare g\u00f6r allt f\u00f6r att r\u00e4dda och bygga upp ett gammalt bibliotek i Nairobi.<br \/>\nBland m\u00e5nga h\u00f6g-intressanta filmer som inte g\u00e5r att skaka av sig \u00e4r den min absolut favorit. En film som ger hopp och visar p\u00e5 kulturens kraft.<\/p>\n<p>\u00c5r 2017 s\u00e4ger f\u00f6rfattaren Shiro Koinange och f\u00f6rl\u00e4ggaren Angela Wachuka upp sig f\u00f6r att r\u00e4dda ett f\u00f6rfallet kolonialbibliotek i centrala Nairobi. Med driv, karisma och stor k\u00e4rlek till litteraturen tar de sig an b\u00e5de stadens byr\u00e5krati och en storskalig renovering, och samlar konstn\u00e4rer, arkitekter, tekniker och bibliotekarier kring visionen om Book Bunk \u2013 ett levande nav f\u00f6r kunskap. How to Build a Library blottl\u00e4gger ett postkolonialt dilemma: vad g\u00f6r vi med ett arv vi inte vill ha men som fortfarande formar oss \u2013 radera eller minnas?<\/p>\n<p><strong>HOW DEEP IS YOUR LOVE<\/strong><br \/>\nRegiss\u00f6r: Eleanor Mortimer | Storbritannien<br \/>\nDetta \u00e4r en dokument\u00e4r som jag \u00e4lskar. Den f\u00e5ngade in mig direkt och ger s\u00e5 mycket att k\u00e4nna och t\u00e4nka och fundera p\u00e5. Den tar oss till ett omr\u00e5de p\u00e5 v\u00e5r jord dit de flesta av oss f\u00f6rmodligen aldrig kommer att bes\u00f6ka.<\/p>\n<p>L\u00e5ngt ute p\u00e5 \u00f6ppet hav f\u00e4rdas en expeditionsb\u00e5t mot Clarion-Clipperton-zonen, ett av jordens mest avl\u00e4gsna omr\u00e5den \u2013 tolv dagar fr\u00e5n n\u00e4rmaste land. H\u00e4r d\u00f6ljer m\u00f6rker, tystnad och enorma djup ett outforskat universum. <\/p>\n<p>How Deep Is Your Love f\u00f6ljer en grupp marinbiologer som f\u00f6rs\u00f6ker f\u00f6rst\u00e5 livet i denna ok\u00e4nda v\u00e4rld, samtidigt som de brottas med fr\u00e5gan om huruvida deras n\u00e4rvaro riskerar att skada det de vill skydda. En visuellt hypnotisk och djupt f\u00e4ngslande resa d\u00e4r varje uppt\u00e4ckt f\u00f6r\u00e4ndrar bilden av v\u00e5r planet.<\/p>\n<p><strong>A FOX UNDER A PINK MOON<\/strong><br \/>\nRegiss\u00f6r: Mehrdad Oskouei | Iran, Frankrike, Storbritannien, USA, Danmark<br \/>\nEn gripande film som b\u00e5de g\u00f6r ont i mig men samtidigt ger hopp. En 16-\u00e5ring flyr fr\u00e5n ett \u00e4ktenskap med en v\u00e5ldsam man. 16-\u00e5ringen filmar flykten med en mobiltelefon.<\/p>\n<p>Sexton\u00e5riga Soraya \u00e4r en afghansk konstn\u00e4r som i fem \u00e5r har f\u00f6rs\u00f6kt l\u00e4mna Iran och ta sig till Europa. Med teckningar, skulpturer och mobilfilmer skildrar hon sina flyktf\u00f6rs\u00f6k, ett liv pr\u00e4glat av v\u00e5ld och en orubblig vilja att forma sin egen framtid. Filmen placerar oss mitt i hennes verklighet i den livsfarliga flykten, den utdragna och frustrerande v\u00e4ntan och i skapandet, d\u00e4r konsten blir ett existentiellt motst\u00e5nd. <\/p>\n<p>Filmen vann pris f\u00f6r b\u00e4sta film p\u00e5 IDFA 2025.<\/p>\n<p><strong>LA BELLE ANN\u00c9E<\/strong><br \/>\nRegiss\u00f6r: Angelica Ruffier | Sverige, Norge<br \/>\nEn film, en slags hybrid-dokument\u00e4r, som b\u00e5de handlar om k\u00e4rlekens v\u00e4sen men minst lika mycket om tidens g\u00e5ng, om minnen och att \u00e5teruppleva s\u00e5dant som gjort ont eller p\u00e5 olika s\u00e4tt fyllt oss med k\u00e4nslor. En film om tidens g\u00e5ng.<\/p>\n<p>En ber\u00e4ttelse om en ofullbordad k\u00e4rleksrelation som formar ett liv l\u00e5ngt efter att den ebbat ut, men samtidigt talar den till alla som n\u00e5gon g\u00e5ng beh\u00f6vt rensa ett d\u00f6dsbo efter n\u00e5gon som st\u00e5tt en n\u00e4ra.<\/p>\n<p>I Mori\u00e8res-l\u00e8s-Avignon i s\u00f6dra Frankrike t\u00f6mmer regiss\u00f6ren Angelica Ruffier sitt barndomshem efter faderns d\u00f6d. Mitt bland praktiska m\u00e5sten och of\u00f6rl\u00f6sta k\u00e4nslor v\u00e4cks minnen till liv av den starka och ensamma k\u00e4rlek hon bar som ton\u00e5ring till sin historiel\u00e4rare, Mademoiselle B. Ju mer Angelica gr\u00e4ver i det f\u00f6rflutna, desto tydligare blir det att hennes l\u00e4ngtan inte l\u00e5ter sig ignoreras: hon m\u00e5ste \u00e5terse kvinnan som en g\u00e5ng betydde allt.<\/p>\n<p>Men filmen handlar om mycket mer \u00e4n en gammal k\u00e4rlek som kanske aldrig rostat. Den handlar om livets g\u00e5ng, om minnen som river i v\u00e5ra k\u00e4nslor<\/p>\n<p>La Belle Ann\u00e9e \u00e4r Invigningsfilm f\u00f6r festivalen och kommer ocks\u00e5 att ha vanlig biopremi\u00e4r via Folkets Bio den 17 april. Den vann Jurypriset p\u00e5 Rotterdam Film Festival.<\/p>\n<p><strong>HEX<\/strong><br \/>\nRegiss\u00f6r: Maja Holand | Norge<br \/>\nEn rolig och skarp film om h\u00e5rdrock och h\u00e4xor. En film jag g\u00e4rna skulle se utvecklas till en tv-serie med f\u00f6rdjupande delar.<br \/>\nTre unga kvinnor ing\u00e5r en h\u00e4xpakt och startar ett black metal-band \u2013 utan att kunna spela eller sjunga. Drivna av raseri och systerskap tar de sig snabbt fr\u00e5n noll till de st\u00f6rsta scenerna, och spelar p\u00e5 Roskilde innan de ens hunnit ge ut ett album. Filmen f\u00f6ljer bandet under tre \u00e5r, men fungerar ocks\u00e5 som en r\u00e4tteg\u00e5ng d\u00e4r kritiker och publik ska avg\u00f6ra om bandmedlemmarna \u00e4r vision\u00e4rer eller h\u00e4xor som f\u00f6rtj\u00e4nar att br\u00e4nnas. En film om v\u00e4nskap, motst\u00e5nd och att skapa sin egen plats i en h\u00e5rt manligt normstyrd v\u00e4rld.<\/p>\n<p><strong>AZZA<\/strong><br \/>\nRegiss\u00f6r: Stefanie Brockhaus | Tyskland, Saudiarabien<br \/>\nEn mer aktuell film \u00e4n n\u00e5gonsin, t\u00e4nker jag. Filmen ger en skarp och intressant inblick i livet f\u00f6r kvinnor i Saudiarabien, som p\u00e5 m\u00e5nga s\u00e4tt \u00e4r som situationen f\u00f6r kvinnor i Iran d\u00e4r halva befolkningen, det vill s\u00e4ga kvinnorna, inte ens har r\u00e4tt att ta ett arbete utan att deras make ska skriva under detta. Vad kommer att h\u00e4nda med kvinnornas roll och hur f\u00f6rtryckta det \u00e4r i islamistiska fundamentalistiska l\u00e4nder som Iran och Saudiarabien nu n\u00e4r USA och Israel \u00e4r i krig med Iran?<\/p>\n<p>I ett Saudiarabien d\u00e4r kvinnor fick r\u00e4tt att k\u00f6ra bil f\u00f6rst f\u00f6r sex \u00e5r sedan, frilansar fr\u00e5nskilda Azza som bilskolel\u00e4rare. Med n\u00e4rhet till b\u00e5de t\u00e5rar och skratt har hon alltid en smart verbal comeback till de m\u00e4n som utmanar henne. Filmen f\u00f6ljer hur hon navigerar runt en v\u00e5ldsam exman, kampen f\u00f6r sina d\u00f6ttrars framtid och dr\u00f6mmen om frihet. N\u00e4r hon ger sig ut p\u00e5 en ensam roadtrip genom \u00f6knen och sover i ett skrangligt t\u00e4lt i m\u00e5nljuset mitt i ingenstans, \u00e4r det sv\u00e5rt att inte bli f\u00f6r\u00e4lskad i hennes charm och mod.<\/p>\n<p><strong>EN G\u00c5NG SKALL DU VARA EN AV DEM SOM LEVAT F\u00d6R L\u00c4NGESEN<\/strong><br \/>\nRegiss\u00f6r: Alexander Ryn\u00e9us, Per Bifrost | Sverige<br \/>\nUnder de slitna gatorna i en liten gruvort i norra Sverige breder en av v\u00e4rldens st\u00f6rsta j\u00e4rnmalmsgruvor ut sig \u2013 k\u00e4llan till b\u00e5de v\u00e4lst\u00e5nd och underg\u00e5ng. N\u00e4r marken ger vika och avskedet st\u00e5r f\u00f6r d\u00f6rren f\u00f6ljer Alexander Ryn\u00e9us och Per Bifrost n\u00e5gra av ortens sista inv\u00e5nare. Genom fragmentariska m\u00f6ten och minnesbilder v\u00e4xer en ber\u00e4ttelse om f\u00f6rlust och f\u00f6r\u00e4ndring fram, om platser som f\u00f6rsvinner och liv som m\u00e5ste ta ny form. Med l\u00e5gm\u00e4ld melankoli, torr humor och str\u00e5k av det absurda skildrar denna dokument\u00e4r\u2013 p\u00e4rla Malmbergets l\u00e5ngsamma f\u00f6rvandling till sp\u00f6kstad.<\/p>\n<p><strong>M\u00d6RDARENS SON<\/strong><br \/>\nRegiss\u00f6r: Sebastian Pe\u00f1a Rojas, Jesper Klemedsson Sotomayor | Sverige<br \/>\nOm det sociala arvet och st\u00e4ller viktiga fr\u00e5gor om hur fria vi \u00e4r att skapa v\u00e5ra liv. \u00c4r vi fria egentligen?<\/p>\n<p>Sebastian Pe\u00f1a Rojas och Jesper Klemedsson Sotomayors omistliga l\u00e5ngfilmsdebut \u00e4r ett dokument\u00e4rt portr\u00e4tt d\u00e4r arv och trauma st\u00e5r i centrum, i ett Sverige d\u00e4r det blir allt sv\u00e5rare att frig\u00f6ra sig fr\u00e5n sin bakgrund. N\u00e4r Tabar\u00e9 \u00e4r tre \u00e5r d\u00f6ms hans pappa till livstids f\u00e4ngelse f\u00f6r dubbelmord och hans mamma till fjorton \u00e5r f\u00f6r medhj\u00e4lp. Syskonen placeras i fosterhem, d\u00e4r \u00f6vergreppen snart blir vardag.<br \/>\nM\u00e5nga \u00e5r senare, n\u00e4r en n\u00e4ra v\u00e4n m\u00f6rdas, tvingas den vuxna Tabar\u00e9 att m\u00f6ta ett f\u00f6rflutet som han gjort allt f\u00f6r att l\u00e4mna bakom sig.<\/p>\n<p><strong>LUST FOR LIFE<\/strong><br \/>\nRegiss\u00f6r: Viktor Nordenski\u00f6ld | Sverige, Tyskland, Qatar<br \/>\nUnder tio \u00e5r har Viktor Nordenski\u00f6ld f\u00f6ljt de syriska ton\u00e5ringarna Hazim och Said och deras kamp f\u00f6r att hitta ett nytt hem efter att ha flytt \u00f6ver havet till Europa \u00e5r 2015. Said, f\u00f6rlamad efter en skada, tvingas l\u00e4mna sin rullstol l\u00e4ngs v\u00e4gen och blir bokstavligen buren av Hazim mot ett nytt liv i Hamburg. Filmen skildrar hur tillvaron s\u00e5 sm\u00e5ningom stabiliseras f\u00f6r v\u00e4nnerna: de l\u00e4r sig tyska, g\u00e5r i skolan och b\u00f6rjar arbeta. Med tiden blir Said alltmer sj\u00e4lvst\u00e4ndig och Hazim konfronteras med insikten att \u00e4ven den starke ibland beh\u00f6ver n\u00e5gon att luta sig mot.<\/p>\n<p><strong>THE MAKING OF A SURGEON<\/strong><br \/>\nRegiss\u00f6r: Dylan Williams | Sverige, Rwanda, Kanada<br \/>\nDylan Williams nya engagerade dokument\u00e4r f\u00f6ljer ett f\u00e5tal kirurger som b\u00e4r ett helt lands v\u00e5rdbehov p\u00e5 sina axlar. I centrum st\u00e5r Faustin Ntirenganya, en av endast tv\u00e5 rekonstruktiva plastikkirurger i Rwanda, ansvarig f\u00f6r patienter fr\u00e5n hela landet \u2013 fjorton miljoner m\u00e4nniskor. Hans arbete handlar om att operera s\u00f6nderbombade ansikten, br\u00e4nnskador och missbildningar, men ocks\u00e5 om att f\u00f6rs\u00f6ka bygga ett h\u00e5llbart system d\u00e4r fler kan ta \u00f6ver. M\u00e5let \u00e4r ambiti\u00f6st: att utbilda trettio nya kirurger till \u00e5r 2030. Ett intimt och osentimentalt portr\u00e4tt av medicin som praktiskt, politiskt och moraliskt arbete.<\/p>\n<p><strong>BETTER GO MAD IN THE WILD<\/strong><br \/>\nRegiss\u00f6r: Miro Remo | Tjeckien, Slovakien<br \/>\nEn charmig, unik film som sticker ut i m\u00e4ngden som vann pris f\u00f6r b\u00e4sta film i Karlovy Vary.<br \/>\n P\u00e5 en v\u00e4derbiten farm i tjeckiska bergsbygden \u0160umava Forest bor de excentriska tvillingbr\u00f6derna Franti\u0161ek och Ond\u0159ej. Det \u00e4r som om de alltid har bott h\u00e4r, bortom tid och rum: de samtalar med sin \u00e4lskade tjur, dricker en rom f\u00f6r mycket och l\u00e5ter sina sk\u00e4gg v\u00e4xa. Med en l\u00e4tt absurd ton, sv\u00e4vande mellan det observerande och det teatrala, skildrar denna Karlovy Vary-vinnare br\u00f6dernas don quijoteska dr\u00f6mmar och deras stillsamma, st\u00e4ndigt p\u00e5g\u00e5ende gnabbande.<\/p>\n<p><a href=\"https:\/\/tempofestival.se\/program-2026\/\">H\u00e4r kan du l\u00e4sa om alla filmer p\u00e5 Tempo 2026.<\/a><\/p>\n","protected":false},"excerpt":{"rendered":"<p>Starka, ber\u00f6rande m\u00f6ten med intressanta kvinnor \u00e4r ett tema som pr\u00e4glar m\u00e5nga av \u00e5rets filmen i Tempo Dokument\u00e4rfestival 2026. Tempo \u00e4r i mina \u00f6gon en festival i s\u00e4rklass, en av de b\u00e4sta filmfestivalerna i Sverige. I \u00e5r, 2026, drar den ig\u00e5ng 2 mars och den p\u00e5g\u00e5r mellan 2 &#8211; 8 mars, fr\u00e4mst p\u00e5 biografer \u00f6ver [&hellip;]<\/p>\n","protected":false},"author":2,"featured_media":202625,"comment_status":"closed","ping_status":"closed","sticky":false,"template":"","format":"standard","meta":{"_genesis_hide_title":false,"_genesis_hide_breadcrumbs":false,"_genesis_hide_singular_image":false,"_genesis_hide_footer_widgets":false,"_genesis_custom_body_class":"","_genesis_custom_post_class":"","_genesis_layout":"","footnotes":""},"categories":[50,20,13624],"tags":[15526,9070,1744,14284,15525],"class_list":{"0":"post-202613","1":"post","2":"type-post","3":"status-publish","4":"format-standard","5":"has-post-thumbnail","7":"category-filmfilm","8":"category-film","9":"category-toppnytt","10":"tag-dokumentareer","11":"tag-dokumentarer","12":"tag-filmtips","13":"tag-tempo","14":"tag-tempo-dokumentarfestival-2026","15":"entry"},"_links":{"self":[{"href":"https:\/\/kulturbloggen.com\/index.php?rest_route=\/wp\/v2\/posts\/202613","targetHints":{"allow":["GET"]}}],"collection":[{"href":"https:\/\/kulturbloggen.com\/index.php?rest_route=\/wp\/v2\/posts"}],"about":[{"href":"https:\/\/kulturbloggen.com\/index.php?rest_route=\/wp\/v2\/types\/post"}],"author":[{"embeddable":true,"href":"https:\/\/kulturbloggen.com\/index.php?rest_route=\/wp\/v2\/users\/2"}],"replies":[{"embeddable":true,"href":"https:\/\/kulturbloggen.com\/index.php?rest_route=%2Fwp%2Fv2%2Fcomments&post=202613"}],"version-history":[{"count":36,"href":"https:\/\/kulturbloggen.com\/index.php?rest_route=\/wp\/v2\/posts\/202613\/revisions"}],"predecessor-version":[{"id":202678,"href":"https:\/\/kulturbloggen.com\/index.php?rest_route=\/wp\/v2\/posts\/202613\/revisions\/202678"}],"wp:featuredmedia":[{"embeddable":true,"href":"https:\/\/kulturbloggen.com\/index.php?rest_route=\/wp\/v2\/media\/202625"}],"wp:attachment":[{"href":"https:\/\/kulturbloggen.com\/index.php?rest_route=%2Fwp%2Fv2%2Fmedia&parent=202613"}],"wp:term":[{"taxonomy":"category","embeddable":true,"href":"https:\/\/kulturbloggen.com\/index.php?rest_route=%2Fwp%2Fv2%2Fcategories&post=202613"},{"taxonomy":"post_tag","embeddable":true,"href":"https:\/\/kulturbloggen.com\/index.php?rest_route=%2Fwp%2Fv2%2Ftags&post=202613"}],"curies":[{"name":"wp","href":"https:\/\/api.w.org\/{rel}","templated":true}]}}