{"id":20258,"date":"2010-05-12T14:01:25","date_gmt":"2010-05-12T12:01:25","guid":{"rendered":"http:\/\/kulturbloggen.com\/?p=20258"},"modified":"2010-05-12T14:01:25","modified_gmt":"2010-05-12T12:01:25","slug":"wildbirds-peacedrums-slapper-nytt","status":"publish","type":"post","link":"https:\/\/kulturbloggen.com\/?p=20258","title":{"rendered":"Wildbirds &amp; Peacedrums sl\u00e4pper nytt"},"content":{"rendered":"<p><a href=\"http:\/\/kulturbloggen.com\/wp-content\/uploads\/2010\/05\/wildbirdspeacedums.jpg\"><img loading=\"lazy\" decoding=\"async\" src=\"http:\/\/kulturbloggen.com\/wp-content\/uploads\/2010\/05\/wildbirdspeacedums.jpg\" alt=\"\" title=\"wildbirdspeacedums\" width=\"300\" height=\"199\" class=\"aligncenter size-full wp-image-20259\" \/><\/a><\/p>\n<p>Wildbirds &#038; Peacedrums \u00e4r ett mycket speciellt band, eller duo, med helt egen stil. Kulturbloggen tr\u00e4ffade dem f\u00f6r <a href=\"http:\/\/kulturbloggen.com\/?p=157\">en intervju sommaren 2008.<\/a> Deras musik med influenser fr\u00e5n b\u00e5de jazz och indie och med slagverk och Miriams st\u00e4mma g\u00e5r inte att beskriva, den m\u00e5ste upplevas.<\/p>\n<p>D\u00e4rf\u00f6r blev jag p\u00e5 gott hum\u00f6r n\u00e4r jag fick meddelandet om att de b\u00e5de sl\u00e4pper ny skiva och har spelningar p\u00e5 g\u00e5ng. H\u00e4r pressmeddelandet:<\/p>\n<p>Wildbirds &#038; Peacedrums \u00e4r tillbaka med EP:n Retina som sl\u00e4pps den 24 maj. Den f\u00f6rsta av tv\u00e5 fantastiska  EP- vinyler. Iris \u00e4r namnet p\u00e5 den andra och sl\u00e4pps den 21 juni. \u00c4ven den i begr\u00e4nsad upplaga som vit vinyl \u201d12\u201d. Dessa tv\u00e5 EP:s sl\u00e5s sedan samman till ett dubbelalbum, Rivers, och sl\u00e4pps som CD och download i augusti.<\/p>\n<p>Mariam (s\u00e5ng) och Andreas (trummor och slagverk) tr\u00e4ffade cellisten Hildur Gu\u00f0nad\u00f3ttir (som samarbetat med Fever Ray, Throbbing Gristle och medlem i M\u00fam) under deras vistelser i Berlin. Eftersom de beundrar hennes soloprojekt och umgicks i samma v\u00e4nskapskretsar bad de henne att hj\u00e4lpa till med k\u00f6rarrangemangen till albumet. Hildur tackade ja och blev deras anknytning till Island.<\/p>\n<p>&#8221;Vi blev v\u00e4ldigt lyckliga n\u00e4r hon kom med i projektet och allt f\u00f6ll p\u00e5 plats&#8221; ber\u00e4ttar Mariam. &#8221;Det fr\u00e4mmande, tomma och n\u00e5got mystiska landet som Island faktiskt \u00e4r visade sig vara perfekt f\u00f6r musiken, precis som vi hade hoppats. K\u00e4nslorna \u00e4r mer subtila och m\u00f6rka p\u00e5 den f\u00f6rsta EP:n Retina, s\u00e5 vi ville p\u00e5 n\u00e5got s\u00e4tt samla dessa k\u00e4nslor och g\u00f6ra dem till l\u00e5tar.<\/p>\n<p>Retina \u00e4r inspelad med Mariam Wallentin och Andreas Werliin och den 12 man starka Schola Cantorum Reykjav\u00edk Chamber Choir (som ocks\u00e5 medverkade p\u00e5 Bj\u00f6rk\u2019s album Medulla) Allt inspelat i en kyrka f\u00f6r att f\u00e5 den naturliga klangen som man f\u00e5r av ett stort rum. Iris \u00e4r d\u00e4remot inspelad av bara Mariam och Andreas i mer avskalade sessioner med bara trummor, s\u00e5ng, oljefat och orgelbas pedaler. Allting \u00e4r inspelat av Ben Frost och mixat av Valgeir Sigurdsson.<\/p>\n<p>Men \u00e4ven om de tv\u00e5 EP-vinylerna l\u00e5ter annorlunda mot varandra \u00e4r de sammankopplade genom texterna och ljudet \u00e4r medvetet olika f\u00f6r att bygga upp den speciella atmosf\u00e4ren. \u201dJag har varit r\u00e4tt f\u00f6rtjust i vattnets reflektioner och hur ljuset f\u00e5ngas p\u00e5 vattenytan. N\u00e5got som finns d\u00e4r, men \u00e4nd\u00e5 inte riktigt g\u00e5r att greppa. Det var det som inspirerade oss till titlarna f\u00f6r de tv\u00e5 EP-skivor. \u00d6gats yta mot ytan av vattnet.<\/p>\n<p>Exklusiva gig med 12- mannak\u00f6r, 14 man p\u00e5 scen med en fantastisk ljud- och ljusshow:<\/p>\n<p>04-okt SE Stockholm &#8211; S\u00f6dra Teatern<br \/>\n05-okt SE G\u00f6teborg &#8211; Stenhammarsalen<br \/>\n06-okt SE Malm\u00f6 &#8211; Babel<br \/>\n<a href=\"http:\/\/www.myspace.com\/wildbirdsandpeacedrums\"><br \/>\nH\u00e4r kan du lyssna p\u00e5 dem p\u00e5 MySpace.<\/a><\/p>\n","protected":false},"excerpt":{"rendered":"<p>Wildbirds &#038; Peacedrums \u00e4r ett mycket speciellt band, eller duo, med helt egen stil. Kulturbloggen tr\u00e4ffade dem f\u00f6r en intervju sommaren 2008. Deras musik med influenser fr\u00e5n b\u00e5de jazz och indie och med slagverk och Miriams st\u00e4mma g\u00e5r inte att beskriva, den m\u00e5ste upplevas. D\u00e4rf\u00f6r blev jag p\u00e5 gott hum\u00f6r n\u00e4r jag fick meddelandet om [&hellip;]<\/p>\n","protected":false},"author":13,"featured_media":0,"comment_status":"open","ping_status":"open","sticky":false,"template":"","format":"standard","meta":{"_genesis_hide_title":false,"_genesis_hide_breadcrumbs":false,"_genesis_hide_singular_image":false,"_genesis_hide_footer_widgets":false,"_genesis_custom_body_class":"","_genesis_custom_post_class":"","_genesis_layout":"","footnotes":""},"categories":[7],"tags":[2467,5121],"class_list":{"0":"post-20258","1":"post","2":"type-post","3":"status-publish","4":"format-standard","6":"category-musik","7":"tag-indie","8":"tag-skivnytt","9":"entry"},"_links":{"self":[{"href":"https:\/\/kulturbloggen.com\/index.php?rest_route=\/wp\/v2\/posts\/20258","targetHints":{"allow":["GET"]}}],"collection":[{"href":"https:\/\/kulturbloggen.com\/index.php?rest_route=\/wp\/v2\/posts"}],"about":[{"href":"https:\/\/kulturbloggen.com\/index.php?rest_route=\/wp\/v2\/types\/post"}],"author":[{"embeddable":true,"href":"https:\/\/kulturbloggen.com\/index.php?rest_route=\/wp\/v2\/users\/13"}],"replies":[{"embeddable":true,"href":"https:\/\/kulturbloggen.com\/index.php?rest_route=%2Fwp%2Fv2%2Fcomments&post=20258"}],"version-history":[{"count":0,"href":"https:\/\/kulturbloggen.com\/index.php?rest_route=\/wp\/v2\/posts\/20258\/revisions"}],"wp:attachment":[{"href":"https:\/\/kulturbloggen.com\/index.php?rest_route=%2Fwp%2Fv2%2Fmedia&parent=20258"}],"wp:term":[{"taxonomy":"category","embeddable":true,"href":"https:\/\/kulturbloggen.com\/index.php?rest_route=%2Fwp%2Fv2%2Fcategories&post=20258"},{"taxonomy":"post_tag","embeddable":true,"href":"https:\/\/kulturbloggen.com\/index.php?rest_route=%2Fwp%2Fv2%2Ftags&post=20258"}],"curies":[{"name":"wp","href":"https:\/\/api.w.org\/{rel}","templated":true}]}}