{"id":20246,"date":"2010-05-12T09:49:20","date_gmt":"2010-05-12T07:49:20","guid":{"rendered":"http:\/\/kulturbloggen.com\/?p=20246"},"modified":"2010-05-12T09:49:20","modified_gmt":"2010-05-12T07:49:20","slug":"tosca-i-norrkoping","status":"publish","type":"post","link":"https:\/\/kulturbloggen.com\/?p=20246","title":{"rendered":"Tosca i Norrk\u00f6ping"},"content":{"rendered":"<p><a href=\"http:\/\/kulturbloggen.com\/wp-content\/uploads\/2010\/05\/toscainorrkoping.jpg\"><img loading=\"lazy\" decoding=\"async\" src=\"http:\/\/kulturbloggen.com\/wp-content\/uploads\/2010\/05\/toscainorrkoping.jpg\" alt=\"\" title=\"toscainorrkoping\" width=\"163\" height=\"166\" class=\"alignleft size-full wp-image-20245\" \/><\/a><br \/>\nI l\u00f6rdags var jag och s\u00e5g premi\u00e4ren p\u00e5 Svenska Operans \u201dTosca\u201d. Det blev en ganska l\u00e5ng dag eftersom jag \u00e5kte buss t o r Malm\u00f6-Norrk\u00f6ping med avresa p\u00e5 l\u00f6rdagsf\u00f6rmiddagen 9:50 och hemresa p\u00e5 s\u00f6ndagsnatten klockan 0:55 och ankomst till Malm\u00f6 tio minuter f\u00f6re utsatt tid vid 7-tiden. Resan gick dock \u00f6ver f\u00f6rv\u00e4ntan och s\u00e5 fick jag vara med p\u00e5 efterfesten efter f\u00f6rest\u00e4llningen vilket bidrog att den tre timmar l\u00e5nga v\u00e4ntetiden gick fort undan.<\/p>\n<p>Tosca tillh\u00f6r en av mina favoritoperor, men egentligen hade jag inte t\u00e4nkt mig att resa till Norrk\u00f6ping, men n\u00e4r det stod klart att jag inte skulle kunna f\u00e5 n\u00e5gon biljett till Boh\u00e8me i G\u00f6teborg s\u00e5 var valet ganska enkelt.<\/p>\n<p>N\u00e4r jag planerar mina operaresor s\u00e5 f\u00f6rs\u00f6ker jag ju normalt se till att jag ser mer \u00e4n en f\u00f6rest\u00e4llning \u00e5t g\u00e5ngen, men det var ju inte m\u00f6jligt den h\u00e4r g\u00e5ngen och n\u00e4r jag f\u00f6rs\u00f6kte boka biljett och hotell\u00f6vernattning s\u00e5 var rummen redan slut och d\u00e5 k\u00e4ndes det inte s\u00e5 angel\u00e4get att se f\u00f6rest\u00e4llningen, men jag \u00e4r ju inte s\u00e4mre \u00e4n jag kan \u00e4ndra mig. Vilket jag allts\u00e5 gjorde.<\/p>\n<p>Det var s\u00e5 klart en nyinstudering,med M\u00e4rit Bergwall som regiss\u00f6r, och med handlingen f\u00f6rlagt till en totalit\u00e4r stat p\u00e5 1970-talet. Detta var jag inledningsvis lite tveksam inf\u00f6r, men efter f\u00f6rest\u00e4llningen s\u00e5 s\u00e5g jag inga problem med detta.D\u00e4remot anser jag att det \u00e4r olyckligt att man har valt att l\u00e4gga in en paus p\u00e5 tjugo minuter, eller mer, efter andra akten. Det g\u00f6r att f\u00f6rest\u00e4llningen tappar tempo och det \u00e4r ju inte bra.<\/p>\n<p>Jag g\u00e5r p\u00e5 opera f\u00f6r att jag vill vara med om en ber\u00f6rande upplevelse och det fick jag vara med om. Inte s\u00e5 att jag beh\u00f6vde gr\u00e5ta, men en bra upplevelse blev det. Huvudpersonerna dvs Tosca, Scarpia och Cavaradossi var ju naturligtvis b\u00e4st, men ocks\u00e5 en del, f\u00f6r inte s\u00e4ga alla medverkande var alldeles utm\u00e4rkta. K\u00f6rens insatser l\u00e4mnade inte heller mycket i \u00f6vrigt att \u00f6nska och det blev en fin final p\u00e5 1:a akten. Dessutom tyckte jag mycket om orkestern, \u00e4ven om det blev ett litet fel i inledningen till tredje akten, men det kan man nog skylla p\u00e5 premi\u00e4rnervositeten.<\/p>\n<p>Bland solistinsatserna s\u00e5 gick f\u00f6rsta pris utan tvekan till John-Erik Eleby som sj\u00f6ng och spelade Scarpia p\u00e5 ett helt perfekt s\u00e4tt, s\u00e5 skall en modern Scarpia vara. Cavaradossi sj\u00f6ngs av en s\u00e5ngare som jag inte tidigare har h\u00f6rt, Sonny Wallentin, och i stort var det en angen\u00e4m bekantskap \u00e4ven om han nog hade besv\u00e4r med en och annan h\u00f6jdton, men \u201dS\u00e5ngen till livet\u201d klarade han helt utan anm\u00e4rkning.<\/p>\n<p>Som Floria Tosca h\u00f6rde vi Margareta Ridderstedt och det var ocks\u00e5 f\u00f6rsta g\u00e5ngen jag lyssnade p\u00e5 henne, men \u00e4ven detta var en angen\u00e4m upplevelse, men s\u00e5 \u00e4lskar jag sopraner, en sak som jag delar med Richard Strauss, tydligen.<\/p>\n<p>Det k\u00e4nns det lite konstigt att f\u00e5 reda p\u00e5 att Svenska Operan inte betalar <a href=\"http:\/\/www.svd.se\/kulturnoje\/nyheter\/opera-kritiseras-for-laga-loner_4562929.svd\">l\u00f6n enligt kollektivavtal <\/a>till sina anst\u00e4llda. Visst kan man tr\u00e4ffa \u00f6verenskommelse om andra villkor,om man saknar kollektivavtal, men min utg\u00e5ngspunkt \u00e4r att ers\u00e4ttningarna skall motsvara minst vad som g\u00e4ller enligt kollektivavtal.  Operaledningens tidningsuttalande om att man hoppas att det g\u00e5r att betala l\u00f6ner enligt kollektivavtal om 10-15 \u00e5r \u00e4r klart otillfredsst\u00e4llande. Sj\u00e4lvklart skall den anst\u00e4llda personalen ha l\u00f6n och annan ers\u00e4ttning enligt kollektivavtal redan fr\u00e5n start.<\/p>\n<p>S\u00e5 h\u00e4r i efterhand kan jag konstatera att det var en mycket god id\u00e9 att resa till Svenska Operan och se och h\u00f6ra deras version av \u201dTosca\u201d och det enda tr\u00e5kiga kan jag ju tycka att f\u00f6rest\u00e4llningen inte var uts\u00e5lt, men norrk\u00f6pingsborna har ju \u00e4nd\u00e5 n\u00e5gra chanser till att se f\u00f6rest\u00e4llningen, men de kanske v\u00e4ntar till dess att Svenska Operan s\u00e4tter upp \u201dCarmen\u201d med premi\u00e4r den 28 december i \u00e5r, men mitt r\u00e5d \u00e4r v\u00e4nta inte se \u201dTosca\u201d nu s\u00e5 har ni n\u00e5got att se framemot till decemberm\u00f6rkret.<\/p>\n<p>En recension av <a href=\"http:\/\/folkbladet.se\/kulturnoje\/artikel.aspx?articleid=5197988\">Tosca<\/a><br \/>\nYterliggare en recension av <a href=\"http:\/\/www.svd.se\/kulturnoje\/scen\/wallentin-klingar-bast_4719995.svd\">f\u00f6rest\u00e4llningen<\/a><\/p>\n","protected":false},"excerpt":{"rendered":"<p>I l\u00f6rdags var jag och s\u00e5g premi\u00e4ren p\u00e5 Svenska Operans \u201dTosca\u201d. Det blev en ganska l\u00e5ng dag eftersom jag \u00e5kte buss t o r Malm\u00f6-Norrk\u00f6ping med avresa p\u00e5 l\u00f6rdagsf\u00f6rmiddagen 9:50 och hemresa p\u00e5 s\u00f6ndagsnatten klockan 0:55 och ankomst till Malm\u00f6 tio minuter f\u00f6re utsatt tid vid 7-tiden. Resan gick dock \u00f6ver f\u00f6rv\u00e4ntan och s\u00e5 fick [&hellip;]<\/p>\n","protected":false},"author":13,"featured_media":0,"comment_status":"open","ping_status":"open","sticky":false,"template":"","format":"standard","meta":{"_genesis_hide_title":false,"_genesis_hide_breadcrumbs":false,"_genesis_hide_singular_image":false,"_genesis_hide_footer_widgets":false,"_genesis_custom_body_class":"","_genesis_custom_post_class":"","_genesis_layout":"","footnotes":""},"categories":[7],"tags":[2725,2982,3501,3901,4035,5270,5526,5923],"class_list":{"0":"post-20246","1":"post","2":"type-post","3":"status-publish","4":"format-standard","6":"category-musik","7":"tag-john-erik-eleby","8":"tag-kollektivavtal","9":"tag-margareta-ridderstedt","10":"tag-marit-bergwall","11":"tag-norrkoping","12":"tag-sonny-wallenthin","13":"tag-svenska-operan","14":"tag-tosca","15":"entry"},"_links":{"self":[{"href":"https:\/\/kulturbloggen.com\/index.php?rest_route=\/wp\/v2\/posts\/20246","targetHints":{"allow":["GET"]}}],"collection":[{"href":"https:\/\/kulturbloggen.com\/index.php?rest_route=\/wp\/v2\/posts"}],"about":[{"href":"https:\/\/kulturbloggen.com\/index.php?rest_route=\/wp\/v2\/types\/post"}],"author":[{"embeddable":true,"href":"https:\/\/kulturbloggen.com\/index.php?rest_route=\/wp\/v2\/users\/13"}],"replies":[{"embeddable":true,"href":"https:\/\/kulturbloggen.com\/index.php?rest_route=%2Fwp%2Fv2%2Fcomments&post=20246"}],"version-history":[{"count":0,"href":"https:\/\/kulturbloggen.com\/index.php?rest_route=\/wp\/v2\/posts\/20246\/revisions"}],"wp:attachment":[{"href":"https:\/\/kulturbloggen.com\/index.php?rest_route=%2Fwp%2Fv2%2Fmedia&parent=20246"}],"wp:term":[{"taxonomy":"category","embeddable":true,"href":"https:\/\/kulturbloggen.com\/index.php?rest_route=%2Fwp%2Fv2%2Fcategories&post=20246"},{"taxonomy":"post_tag","embeddable":true,"href":"https:\/\/kulturbloggen.com\/index.php?rest_route=%2Fwp%2Fv2%2Ftags&post=20246"}],"curies":[{"name":"wp","href":"https:\/\/api.w.org\/{rel}","templated":true}]}}