{"id":20241,"date":"2010-05-12T08:37:41","date_gmt":"2010-05-12T06:37:41","guid":{"rendered":"http:\/\/kulturbloggen.com\/?p=20241"},"modified":"2010-05-12T08:37:41","modified_gmt":"2010-05-12T06:37:41","slug":"ribery-uttagen-i-vm-truppen-trots-prostitutionsskandalen","status":"publish","type":"post","link":"https:\/\/kulturbloggen.com\/?p=20241","title":{"rendered":"Rib\u00e9ry uttagen i VM-truppen trots prostitutionsskandalen"},"content":{"rendered":"<p><a href=\"http:\/\/kulturbloggen.com\/wp-content\/uploads\/2010\/05\/benzema-ribery.jpg\"><img loading=\"lazy\" decoding=\"async\" src=\"http:\/\/kulturbloggen.com\/wp-content\/uploads\/2010\/05\/benzema-ribery-300x206.jpg\" alt=\"\" title=\"benzema-ribery\" width=\"300\" height=\"206\" class=\"aligncenter size-medium wp-image-20243\" \/><\/a><br \/>\nDen franska prostitutionsskandalen tycks inte p\u00e5verka fotbolls-VM. Det har lyfts krav att de spelare som \u00e4r inblandade inte ska f\u00e5 spela i VM i Sydafrika i sommar. Men n\u00e4r f\u00f6rbundskapten Raymond Domench presenterade sin trupp var s\u00e5v\u00e4l Franck Rib\u00e9ry som Sidney Govou med.<br \/>\nD\u00e4remot var Karim Benzema  inte med, \u00e4r \u00e4r ju ocks\u00e5 utpekad som en av de spelare som varit inblandad i skandalen.<\/p>\n<p>Fast att han inte kom med beror nog p\u00e5 att han inte presterat s\u00e5 \u00f6vertygade spel i Real Madrid den h\u00e4r s\u00e4songen.<\/p>\n<p>Rib\u00e9ry, mittf\u00e4ltsstj\u00e4rnan och spelare i Bayern M\u00fcnchen \u00e4r ju en av de vars beteende uppr\u00f6rt mest. Han var tillsammans med den prostituerade n\u00e4r hon var minder\u00e5rig. \u00c4nd\u00e5 kom han med i truppen.<\/p>\n<p>I Frankrike \u00e4r det inte f\u00f6rbjudet att k\u00f6pa sex av prostituerade s\u00e5 l\u00e4nge de inte \u00e4r minder\u00e5riga, <a href=\"http:\/\/www.aftonbladet.se\/sportbladet\/fotboll\/landslagsfotboll\/vm2010\/article7113829.ab\">ber\u00e4ttar Aftonbladet<\/a>, som ocks\u00e5 ber\u00e4ttar att Zahia Dehar, den prostituerade som allt handlar om, skrivit ett brev till den franska f\u00f6rbundskaptenen d\u00e4r hon ber honom att inte bry sig om aff\u00e4ren:<br \/>\n<em>\u2013 Jag har f\u00e5tt veta via media att mina uttalanden till polisen kan resultera i att n\u00e5gra spelare kan l\u00e4mnas utanf\u00f6r Frankrikes lag. Det f\u00f6rv\u00e5nar mig och g\u00f6r mig ledsen, skriver hon enligt tidningen.<\/em><\/p>\n<p>L\u00e4s \u00e4ven andra bloggares \u00e5sikter om <a href=\"http:\/\/bloggar.se\/om\/fotboll\" rel=\"tag\">fotboll<\/a>, <a href=\"http:\/\/bloggar.se\/om\/fotbolls-VM\" rel=\"tag\">fotbolls-VM<\/a>, <a href=\"http:\/\/bloggar.se\/om\/Rib%E9ry\" rel=\"tag\">Rib\u00e9ry<\/a>, <a href=\"http:\/\/bloggar.se\/om\/Frankrike\" rel=\"tag\">Frankrike<\/a>, <a href=\"http:\/\/bloggar.se\/om\/sport\" rel=\"tag\">sport<\/a>, <a href=\"http:\/\/bloggar.se\/om\/prostitution\" rel=\"tag\">prostitution<\/a><\/p>\n","protected":false},"excerpt":{"rendered":"<p>Den franska prostitutionsskandalen tycks inte p\u00e5verka fotbolls-VM. Det har lyfts krav att de spelare som \u00e4r inblandade inte ska f\u00e5 spela i VM i Sydafrika i sommar. Men n\u00e4r f\u00f6rbundskapten Raymond Domench presenterade sin trupp var s\u00e5v\u00e4l Franck Rib\u00e9ry som Sidney Govou med. D\u00e4remot var Karim Benzema inte med, \u00e4r \u00e4r ju ocks\u00e5 utpekad som [&hellip;]<\/p>\n","protected":false},"author":2,"featured_media":0,"comment_status":"open","ping_status":"open","sticky":false,"template":"","format":"standard","meta":{"_genesis_hide_title":false,"_genesis_hide_breadcrumbs":false,"_genesis_hide_singular_image":false,"_genesis_hide_footer_widgets":false,"_genesis_custom_body_class":"","_genesis_custom_post_class":"","_genesis_layout":"","footnotes":""},"categories":[20],"tags":[12292,1838],"class_list":{"0":"post-20241","1":"post","2":"type-post","3":"status-publish","4":"format-standard","6":"category-film","7":"tag-fotboll-sport-nyheter","8":"tag-fotbolls-vm","9":"entry"},"_links":{"self":[{"href":"https:\/\/kulturbloggen.com\/index.php?rest_route=\/wp\/v2\/posts\/20241","targetHints":{"allow":["GET"]}}],"collection":[{"href":"https:\/\/kulturbloggen.com\/index.php?rest_route=\/wp\/v2\/posts"}],"about":[{"href":"https:\/\/kulturbloggen.com\/index.php?rest_route=\/wp\/v2\/types\/post"}],"author":[{"embeddable":true,"href":"https:\/\/kulturbloggen.com\/index.php?rest_route=\/wp\/v2\/users\/2"}],"replies":[{"embeddable":true,"href":"https:\/\/kulturbloggen.com\/index.php?rest_route=%2Fwp%2Fv2%2Fcomments&post=20241"}],"version-history":[{"count":0,"href":"https:\/\/kulturbloggen.com\/index.php?rest_route=\/wp\/v2\/posts\/20241\/revisions"}],"wp:attachment":[{"href":"https:\/\/kulturbloggen.com\/index.php?rest_route=%2Fwp%2Fv2%2Fmedia&parent=20241"}],"wp:term":[{"taxonomy":"category","embeddable":true,"href":"https:\/\/kulturbloggen.com\/index.php?rest_route=%2Fwp%2Fv2%2Fcategories&post=20241"},{"taxonomy":"post_tag","embeddable":true,"href":"https:\/\/kulturbloggen.com\/index.php?rest_route=%2Fwp%2Fv2%2Ftags&post=20241"}],"curies":[{"name":"wp","href":"https:\/\/api.w.org\/{rel}","templated":true}]}}