{"id":2021,"date":"2008-09-28T07:16:46","date_gmt":"2008-09-28T07:16:46","guid":{"rendered":"http:\/\/kulturbloggen.com\/?p=2021"},"modified":"2008-09-28T07:16:46","modified_gmt":"2008-09-28T07:16:46","slug":"bush-ger-dodskyssen-for-nyliberalismen","status":"publish","type":"post","link":"https:\/\/kulturbloggen.com\/?p=2021","title":{"rendered":"Bush ger d\u00f6dskyssen f\u00f6r nyliberalismen"},"content":{"rendered":"<p>Inte trodde jag att jag skulle f\u00e5 l\u00e4sa detta <a href=\"http:\/\/blogg.svd.se\/ledarbloggen?ID=9504\">i den konservativa tidningens ledarblogg<\/a>:<\/p>\n<blockquote><p>I USA h\u00f6rs fr\u00e5n en del h\u00e5ll f\u00f6rskr\u00e4ckta rop om socialism n\u00e4r Bush vill nationalisera finansf\u00f6retag, men det \u00e4r snarare kritiken av marknaden som sticker ut med krav p\u00e5 mer reglering och mindre girighet.<\/p>\n<p>Det \u00e4r dock bara en v\u00e4stanfl\u00e4kt mot hur det l\u00e5ter i Europa. President Sarkozy rasade i veckan i Toulon mot f\u00f6rst\u00e4llningen om att marknaden alltid har r\u00e4tt och att det skulle vara rena galenskapen att politikerna l\u00e4gger sig i: tiden f\u00f6r laissez-faire \u00e4r f\u00f6rbi. Och h\u00e4r hemma v\u00e4ntar v\u00e4nsterseminarier p\u00e5 temat: Finanskrisen \u2013 D\u00f6dskyss f\u00f6r nyliberalismen?<\/p><\/blockquote>\n<p>Jo, jo &#8230;<\/p>\n<p>Nej, det \u00e4r inte s\u00e5 att ledarbloggens skribent i det h\u00e4r fallet helt s\u00e4ger att finanskrisen i USA hundra procent \u00e4r d\u00f6dskyssen f\u00f6r nyliberalismen. Lite pliktskyldigast kommer en liten slutkl\u00e4m: <em>Men Richard Bransons nya bok Business Stripped Bare (Virgin Books) s\u00e4ger oss mer om verkligheten. Visst \u00e4r det ett slags kris f\u00f6r marknadsekonomin s\u00e4ger Branson, men till\u00e4gger att \u201djag k\u00e4nner inte till n\u00e5got b\u00e4ttre s\u00e4tt att \u00f6ka m\u00e4nniskors v\u00e4lst\u00e5nd och lycka\u201d.<\/em><\/p>\n<p>Kommunismen med statligt styrande och \u00e4gande av allt tar bort m\u00e4nniskors initiativkraft och ger framg\u00e5ng \u00e5t byr\u00e5kratiska manipulat\u00f6rer. Men det g\u00f6r totalt fria marknadskrafter ocks\u00e5. Den gyllene medelv\u00e4gen fungerar b\u00e4st i l\u00e4ngden.<\/p>\n<p>De forna Sovjetstaterna n\u00e4mrar sig v\u00e4sterl\u00e4ndska marknadsstyrda staters ekonomi, men nu b\u00f6rjar det bli dags f\u00f6r de mest  marknadsstyra att ta in lite statlig inblandning, inte bara i USA. Storbrittanien har ocks\u00e5 drabbats h\u00e5rt av finanskrisen och d\u00e4r tar nu f\u00f6rmodligen stat \u00f6ver ett bol\u00e5neinstitut:<\/p>\n<blockquote><p>\nDet brittiska bol\u00e5neinstitutet Bradford &#038; Bingley kommer att f\u00f6rstatligas, rapporterar mediebolaget BBC. Den brittiska regeringen sade dock sent p\u00e5 l\u00f6rdagen att diskussionerna om f\u00f6retaget fortfarande p\u00e5g\u00e5r.<\/p>\n<p>Det blir i s\u00e5 fall den andra brittiska finansinstitutionen som tas \u00f6ver i \u00e5r p\u00e5 grund av den internationella bankkrisen. Northern Rock f\u00f6rstatligades i februari. <a href=\"http:\/\/www.aftonbladet.se\/nyheter\/article3409805.ab\">K\u00e4lla: Aftonbladet.<br \/>\n<\/a><\/p><\/blockquote>\n<p>Enligt medierna \u00e4r en uppg\u00f6relse n\u00e4ra i USA, f\u00f6rhoppningen och racet g\u00e5r ut p\u00e5 att f\u00f6r det klappat och klart innan b\u00f6rs\u00f6ppningen i USA p\u00e5 m\u00e5ndag morgon. Jo, det skulle vara sk\u00f6nt. Jag har faktiskt en g\u00e5ng k\u00f6pt ett par aktier i Ford. Jag gjorde det f\u00f6r jag tycker Ford \u00e4r en r\u00e4tt sk\u00f6n bil och jag ville l\u00e4ra mig lite om hur aktier fungerar. Och gissa &#8230; Eller, tja, det beh\u00f6ver ni knappast: p\u00e5 ett \u00e5r har de g\u00e5tt ner till halva v\u00e4rdet av vad jag k\u00f6pte dem f\u00f6r.<\/p>\n<p><a href=\"http:\/\/www.metrobloggen.se\/jsp\/public\/index.jsp?article=19.4705176\">Marknadsliberalen har ocks\u00e5 kommenterat Ledarbloggen<\/a> och <a href=\"http:\/\/missbesserwisser.blogspot.com\/2008\/09\/is-this-time-of-moral-crisis.html\">Hanna Wagenius<\/a> och <a href=\"http:\/\/hayekinstitutet.blogspot.com\/2008\/09\/akademisk-forskning-i-sverige.html\">Hayek-institutet<\/a>.<\/p>\n<p>Artiklar om finanskrisen och f\u00f6rhandlingarna:<br \/>\n<a href=\"http:\/\/www.svd.se\/naringsliv\/nyheter\/artikel_1792347.svd\">SVD: Genombrott om finanspaket<\/a><br \/>\n<a href=\"http:\/\/www.dn.se\/DNet\/jsp\/polopoly.jsp?d=3130&#038;a=833513\">DN: Brittiskt bol\u00e5neinstitut f\u00f6rstatligas<\/a><br \/>\n<a href=\"http:\/\/www.dn.se\/DNet\/jsp\/polopoly.jsp?d=3130&#038;a=833520\">DN: Genombrott i kongressen om krispaket<\/a><\/p>\n<p>Andra bloggar om: <a href=\"http:\/\/bloggar.se\/om\/finanskris\" rel=\"tag\">finanskris<\/a>, <a href=\"http:\/\/bloggar.se\/om\/b%F6rsen\" rel=\"tag\">b\u00f6rsen<\/a>, <a href=\"http:\/\/bloggar.se\/om\/ekonomi\" rel=\"tag\">ekonomi<\/a>, <a href=\"http:\/\/bloggar.se\/om\/USA\" rel=\"tag\">USA<\/a>, <a href=\"http:\/\/bloggar.se\/om\/bol%E5neinstitut\" rel=\"tag\">bol\u00e5neinstitut<\/a>, <a href=\"http:\/\/bloggar.se\/om\/nyliberalism\" rel=\"tag\">nyliberalism<\/a>, <a href=\"http:\/\/bloggar.se\/om\/d%F6dskyss\" rel=\"tag\">d\u00f6dskyss<\/a>, <a href=\"http:\/\/bloggar.se\/om\/Bush\" rel=\"tag\">Bush<\/a><\/p>\n<p><a href='http:\/\/sodergren.com\/kulturbloggen\/wp-content\/uploads\/2008\/09\/bush260.jpg'><img loading=\"lazy\" decoding=\"async\" src=\"http:\/\/sodergren.com\/kulturbloggen\/wp-content\/uploads\/2008\/09\/bush260.jpg\" alt=\"\" title=\"bush260\" width=\"260\" height=\"150\" class=\"aligncenter size-full wp-image-2022\" \/><\/a><\/p>\n","protected":false},"excerpt":{"rendered":"<p>Inte trodde jag att jag skulle f\u00e5 l\u00e4sa detta i den konservativa tidningens ledarblogg: I USA h\u00f6rs fr\u00e5n en del h\u00e5ll f\u00f6rskr\u00e4ckta rop om socialism n\u00e4r Bush vill nationalisera finansf\u00f6retag, men det \u00e4r snarare kritiken av marknaden som sticker ut med krav p\u00e5 mer reglering och mindre girighet. Det \u00e4r dock bara en v\u00e4stanfl\u00e4kt mot [&hellip;]<\/p>\n","protected":false},"author":2,"featured_media":0,"comment_status":"open","ping_status":"open","sticky":false,"template":"","format":"standard","meta":{"_genesis_hide_title":false,"_genesis_hide_breadcrumbs":false,"_genesis_hide_singular_image":false,"_genesis_hide_footer_widgets":false,"_genesis_custom_body_class":"","_genesis_custom_post_class":"","_genesis_layout":"","footnotes":""},"categories":[20],"tags":[909,1463,1752,6129],"class_list":{"0":"post-2021","1":"post","2":"type-post","3":"status-publish","4":"format-standard","6":"category-film","7":"tag-borsen","8":"tag-ekonomi","9":"tag-finanskris","10":"tag-usa","11":"entry"},"_links":{"self":[{"href":"https:\/\/kulturbloggen.com\/index.php?rest_route=\/wp\/v2\/posts\/2021","targetHints":{"allow":["GET"]}}],"collection":[{"href":"https:\/\/kulturbloggen.com\/index.php?rest_route=\/wp\/v2\/posts"}],"about":[{"href":"https:\/\/kulturbloggen.com\/index.php?rest_route=\/wp\/v2\/types\/post"}],"author":[{"embeddable":true,"href":"https:\/\/kulturbloggen.com\/index.php?rest_route=\/wp\/v2\/users\/2"}],"replies":[{"embeddable":true,"href":"https:\/\/kulturbloggen.com\/index.php?rest_route=%2Fwp%2Fv2%2Fcomments&post=2021"}],"version-history":[{"count":0,"href":"https:\/\/kulturbloggen.com\/index.php?rest_route=\/wp\/v2\/posts\/2021\/revisions"}],"wp:attachment":[{"href":"https:\/\/kulturbloggen.com\/index.php?rest_route=%2Fwp%2Fv2%2Fmedia&parent=2021"}],"wp:term":[{"taxonomy":"category","embeddable":true,"href":"https:\/\/kulturbloggen.com\/index.php?rest_route=%2Fwp%2Fv2%2Fcategories&post=2021"},{"taxonomy":"post_tag","embeddable":true,"href":"https:\/\/kulturbloggen.com\/index.php?rest_route=%2Fwp%2Fv2%2Ftags&post=2021"}],"curies":[{"name":"wp","href":"https:\/\/api.w.org\/{rel}","templated":true}]}}