{"id":20184,"date":"2010-05-10T13:31:07","date_gmt":"2010-05-10T11:31:07","guid":{"rendered":"http:\/\/kulturbloggen.com\/?p=20184"},"modified":"2010-05-10T13:31:07","modified_gmt":"2010-05-10T11:31:07","slug":"hakan-hellstrom-ar-tillbaka-pa-scenen-med-skiva-och-turne","status":"publish","type":"post","link":"https:\/\/kulturbloggen.com\/?p=20184","title":{"rendered":"H\u00e5kan Hellstr\u00f6m \u00e4r tillbaka p\u00e5 scenen, med skiva och turn\u00e9"},"content":{"rendered":"<p><a href=\"http:\/\/kulturbloggen.com\/wp-content\/uploads\/2010\/05\/hakanhellstrom.jpg\"><img loading=\"lazy\" decoding=\"async\" src=\"http:\/\/kulturbloggen.com\/wp-content\/uploads\/2010\/05\/hakanhellstrom-300x233.jpg\" alt=\"\" title=\"hakanhellstrom\" width=\"300\" height=\"233\" class=\"aligncenter size-medium wp-image-20185\" \/><\/a><\/p>\n<p>Ett pressmeddelande som s\u00e4kert gl\u00e4der alla fans till H\u00e5kan Hellstr\u00f6m:<\/p>\n<p>Det \u00e4r nu tio \u00e5r sedan \u201dK\u00e4nn ingen sorg f\u00f6r mig G\u00f6teborg\u201d b\u00f6rjade spelas p\u00e5 radio. N\u00e5gra m\u00e5nader senare sl\u00e4pptes albumet med samma namn, sedan dess har inget varit sig likt f\u00f6r dig, mig och H\u00e5kan Hellstr\u00f6m.  I h\u00f6st \u00e4r han tillbaka p\u00e5 scenen.<\/p>\n<p>Tiden har g\u00e5tt, ur en apart indieartist som sjunger om sin ungdoms nattliv har en av v\u00e5ra st\u00f6rsta artister vuxit fram, en fantastisk liveartist som vunnit publikens hj\u00e4rtan \u00f6verallt fr\u00e5n G\u00f6teborgs klubbar till de st\u00f6rsta festivalscenerna runt om i norden. Fem fantastiska album har sl\u00e4ppts, k\u00f6pts, lyssnats p\u00e5 och vunnit alla priser ni kan t\u00e4nka er.<\/p>\n<p>H\u00e5kans l\u00e5tar har alltid balanserat mellan fantasi och verklighet. De ruskar liv i dr\u00f6mmen om en v\u00e4rld d\u00e4r s\u00e5ngerna blir sanna, kanske \u00e4r det detta som gjort Estrad\u00f6ren fr\u00e5n Fr\u00f6lunda till en av v\u00e5ra allra viktigaste och vitalaste artister. Kanske \u00e4r det f\u00f6rm\u00e5gan att aldrig st\u00e5 still, att alltid utveckla sig sj\u00e4lv och sin musik.<\/p>\n<p>N\u00e5gonting vi dock bergs\u00e4kert vet \u00e4r att H\u00e5kan och hans band \u00e4r fantastiska p\u00e5 scenen och d\u00e4rf\u00f6r presenterar vi med gl\u00e4dje fem exklusiva konserter under h\u00f6sten. Biljetterna till konserterna sl\u00e4pps den 17 maj.<\/p>\n<p>Datum:<br \/>\n6.11  G\u00f6teborg, Scandinavium<br \/>\n12.11  Oslo, Rockefeller<br \/>\n13.11 Stockholm, Hovet<br \/>\n19.11  K\u00f6penhamn, Stora Vega<br \/>\n20.11 Lund, F\u00e4rs &#038; Frosta Arena<\/p>\n<p><a href=\"http:\/\/www.hakanhellstrom.com\">www.hakanhellstrom.com<\/a><\/p>\n<p>Relaterat: <a href=\"http:\/\/www.dn.se\/kultur-noje\/musik\/nytt-album-och-turne-for-hakan-hellstrom-1.1091524\">Dagens Nyheter<\/a><\/p>\n<p>L\u00e4s \u00e4ven andra bloggares \u00e5sikter om <a href=\"http:\/\/bloggar.se\/om\/musik\" rel=\"tag\">musik<\/a>, <a href=\"http:\/\/bloggar.se\/om\/G%F6teborg\" rel=\"tag\">G\u00f6teborg<\/a>, <a href=\"http:\/\/bloggar.se\/om\/skivnytt\" rel=\"tag\">skivnytt<\/a>, <a href=\"http:\/\/bloggar.se\/om\/indie\" rel=\"tag\">indie<\/a>, <a href=\"http:\/\/bloggar.se\/om\/H%E5kan+Hellstr%F6m\" rel=\"tag\">H\u00e5kan Hellstr\u00f6m<\/a><\/p>\n","protected":false},"excerpt":{"rendered":"<p>Ett pressmeddelande som s\u00e4kert gl\u00e4der alla fans till H\u00e5kan Hellstr\u00f6m: Det \u00e4r nu tio \u00e5r sedan \u201dK\u00e4nn ingen sorg f\u00f6r mig G\u00f6teborg\u201d b\u00f6rjade spelas p\u00e5 radio. N\u00e5gra m\u00e5nader senare sl\u00e4pptes albumet med samma namn, sedan dess har inget varit sig likt f\u00f6r dig, mig och H\u00e5kan Hellstr\u00f6m. I h\u00f6st \u00e4r han tillbaka p\u00e5 scenen. Tiden [&hellip;]<\/p>\n","protected":false},"author":13,"featured_media":0,"comment_status":"open","ping_status":"open","sticky":false,"template":"","format":"standard","meta":{"_genesis_hide_title":false,"_genesis_hide_breadcrumbs":false,"_genesis_hide_singular_image":false,"_genesis_hide_footer_widgets":false,"_genesis_custom_body_class":"","_genesis_custom_post_class":"","_genesis_layout":"","footnotes":""},"categories":[7],"tags":[2159,2467,12282,5121],"class_list":{"0":"post-20184","1":"post","2":"type-post","3":"status-publish","4":"format-standard","6":"category-musik","7":"tag-goteborg","8":"tag-indie","9":"tag-musik","10":"tag-skivnytt","11":"entry"},"_links":{"self":[{"href":"https:\/\/kulturbloggen.com\/index.php?rest_route=\/wp\/v2\/posts\/20184","targetHints":{"allow":["GET"]}}],"collection":[{"href":"https:\/\/kulturbloggen.com\/index.php?rest_route=\/wp\/v2\/posts"}],"about":[{"href":"https:\/\/kulturbloggen.com\/index.php?rest_route=\/wp\/v2\/types\/post"}],"author":[{"embeddable":true,"href":"https:\/\/kulturbloggen.com\/index.php?rest_route=\/wp\/v2\/users\/13"}],"replies":[{"embeddable":true,"href":"https:\/\/kulturbloggen.com\/index.php?rest_route=%2Fwp%2Fv2%2Fcomments&post=20184"}],"version-history":[{"count":0,"href":"https:\/\/kulturbloggen.com\/index.php?rest_route=\/wp\/v2\/posts\/20184\/revisions"}],"wp:attachment":[{"href":"https:\/\/kulturbloggen.com\/index.php?rest_route=%2Fwp%2Fv2%2Fmedia&parent=20184"}],"wp:term":[{"taxonomy":"category","embeddable":true,"href":"https:\/\/kulturbloggen.com\/index.php?rest_route=%2Fwp%2Fv2%2Fcategories&post=20184"},{"taxonomy":"post_tag","embeddable":true,"href":"https:\/\/kulturbloggen.com\/index.php?rest_route=%2Fwp%2Fv2%2Ftags&post=20184"}],"curies":[{"name":"wp","href":"https:\/\/api.w.org\/{rel}","templated":true}]}}