{"id":201390,"date":"2026-01-24T13:08:36","date_gmt":"2026-01-24T12:08:36","guid":{"rendered":"https:\/\/kulturbloggen.com\/?p=201390"},"modified":"2026-01-24T13:08:36","modified_gmt":"2026-01-24T12:08:36","slug":"recension-nar-man-later-hjartat-va-me-da-kan-inget-stoppa-ronneby-folkteaters-revy","status":"publish","type":"post","link":"https:\/\/kulturbloggen.com\/?p=201390","title":{"rendered":"Recension: N\u00e4r man l\u00e5ter hj\u00e4rtat va&#8217; me&#8217; &#8211; d\u00e5 kan inget stoppa Ronneby folkteaters revy"},"content":{"rendered":"\n<figure class=\"wp-block-image size-full is-resized\"><img loading=\"lazy\" decoding=\"async\" width=\"488\" height=\"650\" src=\"https:\/\/kulturbloggen.com\/wp-content\/uploads\/2026\/01\/1000011318-rotated.jpg\" alt=\"\" class=\"wp-image-201428\" style=\"aspect-ratio:0.7507883063438618;width:504px;height:auto\" srcset=\"https:\/\/kulturbloggen.com\/wp-content\/uploads\/2026\/01\/1000011318-rotated.jpg 488w, https:\/\/kulturbloggen.com\/wp-content\/uploads\/2026\/01\/1000011318-225x300.jpg 225w\" sizes=\"auto, (max-width: 488px) 100vw, 488px\" \/><figcaption class=\"wp-element-caption\">(K\u00f6n i blomsteraff\u00e4ren, d\u00e4r man kan tr\u00e4nga sig ifall ens son har en mkt fin titel. Fr\u00e5n sketchen Titlar och hemorrojder, akt 1 och 2 &#8211; Foto: Martin Moberg)<\/figcaption><\/figure>\n\n\n\n<p>Titel: <a href=\"https:\/\/ronnebyfolkteater.se\/\">L\u00e5t hj\u00e4rtat va&#8217; me&#8217;<\/a><\/p>\n\n\n\n<p>Premi\u00e4r 23 januari 2026, kl 19.00, Ronneby Cityhotell. Spelas till 14 februari utvalda dagar.<\/p>\n\n\n\n<p>Regi: Urban J\u00f6nsson <\/p>\n\n\n\n<p>Regikonsulter: Hanna Berben Beckman, Pontus Larsson.<\/p>\n\n\n\n<p>Manus: Urban J\u00f6nsson, Hanna Berben Beckman, Pontus Larsson m fl<\/p>\n\n\n\n<p>Koreografi: Ann-Sofie Oth\u00e9n, Cajsa Ekstrand, Urban J\u00f6nsson.<\/p>\n\n\n\n<p>Musik: Anderz Wrethov, Axel \u00c5hman, Jakob Norrg\u00e5rd, Kevin Holmstr\u00f6m, Kristofer Strandberg, Robert Skowronski, Diane Warren, Albert Hammond<\/p>\n\n\n\n<p>Musikbakgrunder: Johan Harding<\/p>\n\n\n\n<p>Sk\u00e5despelare: Mia \u00d6sterhof, Anne Alfredsson, Sandra Eriksson, Efraim Laksman, Alfred Eriksson, Ella Elm, Lotta Wirefeldt, Jessica H\u00f6gberg, Axel Eriksson.<\/p>\n\n\n\n<p>Betyg: 4<\/p>\n\n\n\n<p>N\u00e5got senare \u00e4n vanligt in p\u00e5 det nya \u00e5ret var det s\u00e5 dags f\u00f6r ny\u00e5rsrevy i Ronneby, som ig\u00e5r kv\u00e4ll den 23 januari p\u00e5 slaget 19 hade sin premi\u00e4r. \u00c5rets titel p\u00e5 Ronneby folkteaters upps\u00e4ttning \u00e4r &#8221;L\u00e5t hj\u00e4rtat va&#8217; me'&#8221; och d\u00e4r finns en tanke eller tv\u00e5 bakom, d\u00e5 v\u00e5r tillvaro just nu \u00e4r orolig pga h\u00e4ndelser n\u00e4ra oss och i v\u00e5r omv\u00e4rld. Hj\u00e4rtat beh\u00f6ver sannerligen va&#8217; me&#8217; och i Ronneby under de kommande veckorna f\u00e5r man som publik en v\u00e4lbeh\u00f6vlig blandning av k\u00e4rlek, skratt och satir p\u00e5 v\u00e5r samtid.<\/p>\n\n\n\n<p>Ronneby folkteaters revy s\u00e5 h\u00e4r runt ny\u00e5ret den kan man lita p\u00e5 och man blir underh\u00e5llen med m\u00e5nga korta och n\u00e5gra lite l\u00e4ngre sketcher vilket k\u00e4nns igen i tidigare \u00e5rs upps\u00e4ttningar. F\u00f6r de \u00e4r k\u00e4nda f\u00f6r sitt &#8221;folkliga skratt&#8221; som konstn\u00e4rlig ledstj\u00e4rna, med r\u00f6tter i Blekinges frigruppstradition. \u00c5rets revy spelas i tv\u00e5 akter med paus, vi fick se olika sketcher som alla fick munl\u00e4dret att r\u00f6ra p\u00e5 sig, n\u00e5gra mer, andra lite mindre som sig b\u00f6r. Man kan gott konstatera att ensemblen ger sitt allra b\u00e4sta p\u00e5 scen denna g\u00e5ng p\u00e5 Ronneby Cityhotell, mitt emot Resecentrum d\u00e5 Ronneby folkteaters ordinarie lokaler ett stenkast bort l\u00e4ngs G\u00e5ngbrogatan f n renoveras.<\/p>\n\n\n\n<p>F\u00f6rsta akten avhandlade bl a dejtingdjungelns vederm\u00f6dor, hur ska man kunna tr\u00e4ffa den R\u00e4tta? Tja, det fick vi se I &#8221;Body shop&#8221; d\u00e4r flera olika karakt\u00e4rer p\u00e5 karlar erbj\u00f6ds den kvinnliga klienten och det gick t o m att leasa (!) en passande karl f\u00f6r en liten n\u00e4tt m\u00e5nadsavgift p\u00e5 n\u00e5gra tusen kronor. Det h\u00e4r med att f\u00e5 f\u00f6r\u00e4ldrar att k\u00f6pa ut p\u00e5 Systembolaget, h\u00e4r gjorde de yngre sk\u00e5despelarna bra ifr\u00e5n p\u00e5 scen och dr\u00e5pligheterna ersatte varandra i &#8221;Systemfel&#8221; och &#8221;K\u00f6pa ut&#8221;.<\/p>\n\n\n\n<figure class=\"wp-block-image size-full\"><img loading=\"lazy\" decoding=\"async\" width=\"650\" height=\"647\" src=\"https:\/\/kulturbloggen.com\/wp-content\/uploads\/2026\/01\/1000011310.jpg\" alt=\"\" class=\"wp-image-201429\" srcset=\"https:\/\/kulturbloggen.com\/wp-content\/uploads\/2026\/01\/1000011310.jpg 650w, https:\/\/kulturbloggen.com\/wp-content\/uploads\/2026\/01\/1000011310-300x300.jpg 300w, https:\/\/kulturbloggen.com\/wp-content\/uploads\/2026\/01\/1000011310-150x150.jpg 150w\" sizes=\"auto, (max-width: 650px) 100vw, 650px\" \/><\/figure>\n\n\n\n<p>(Ska pappa \u00e4ntligen k\u00f6pa ut p\u00e5 Systembolaget eller inte? Fr\u00e5n sketchen &#8221;K\u00f6pa ut&#8221; akt 1 &#8211; Foto: Martin Moberg<\/p>\n\n\n\n<p>Har du koll p\u00e5 vad flamingo \u00e4r, det \u00e4r ju bara en f\u00e5gel med ett karakt\u00e4ristiskt utseende eller hur? Nja, det \u00e4r lite mer \u00e4n s\u00e5 i &#8221;Flamingo&#8221; ges en n\u00e5got bredare definition och kanske \u00e4r det b\u00e4st att l\u00e5ta bli att s\u00e4tta ut en flamingo i tr\u00e4dg\u00e5rden ink\u00f6pt fr\u00e5n n\u00e5gon utlandsresa efter det h\u00e4r. F\u00f6r man kan ju f\u00e5 ov\u00e4ntat bes\u00f6k och skamliga f\u00f6rslag. Riktigt roligt var denna sketch och det skrattades en del i publiken. N\u00e4r det g\u00e4ller &#8221;Titlar och hemorrojder&#8221;, har Folkteatern t\u00e4nkt till lite och l\u00e5ter den forts\u00e4tta i akt tv\u00e5. Bra uppl\u00e4gg samtidigt handen p\u00e5 hj\u00e4rtat &#8211; vad betyder egentligen fina titlar?<\/p>\n\n\n\n<p>William Shakespeare, urs\u00e4kta &#8221;Viljam Sk\u00e4jsbeer&#8221; det d\u00e4r med namn p\u00e5 k\u00e4nda personer \u00e4r inte det l\u00e4ttaste att hantera f\u00f6r barnen i skolan och den sketchen var faktiskt finurligt framf\u00f6rd och \u00e5nyo gjorde den yngre delen av ensemblen bra ifr\u00e5n sig. Sista numret i akt 1 var faktiskt pricken \u00f6ver i:et, nu n\u00e4r Sverige \u00e4r med i NATO beh\u00f6ver det minsann k\u00f6pas vapen av alla de sorter ett s\u00e5ng och shownummer med musik koppling till finska V\u00f6r\u00e5 s\u00e5 f\u00f6rst\u00e5r ni s\u00e4kert. I vart fall var det h\u00e4r bra.<\/p>\n\n\n\n<figure class=\"wp-block-image size-full\"><img loading=\"lazy\" decoding=\"async\" width=\"650\" height=\"382\" src=\"https:\/\/kulturbloggen.com\/wp-content\/uploads\/2026\/01\/1000011326.jpg\" alt=\"\" class=\"wp-image-201437\" srcset=\"https:\/\/kulturbloggen.com\/wp-content\/uploads\/2026\/01\/1000011326.jpg 650w, https:\/\/kulturbloggen.com\/wp-content\/uploads\/2026\/01\/1000011326-300x176.jpg 300w\" sizes=\"auto, (max-width: 650px) 100vw, 650px\" \/><\/figure>\n\n\n\n<p>(Inget stoppar v\u00e5r revy, akt 2 avslutande nummer &#8211; foto: Martin Moberg)<\/p>\n\n\n\n<p>Akt 2 \u00f6ppnades med tv\u00e5 sketcher med Ronneby-anknytning, den f\u00f6rsta var kommunstyrelsens ordf\u00f6rande tillsammans med tj\u00e4nstepersoner ute efter att ta fram en ny kommunslogan och det blev till sist en sorts \u00e5terg\u00e5ng till en v\u00e4lk\u00e4nd s\u00e5dan fr\u00e5n 1987. Det till tonerna av den v\u00e4lk\u00e4nda melodin &#8221;L\u00e5t hj\u00e4rtat va&#8217; me'&#8221;. Bes\u00f6ker man Ronneby, ja d\u00e5 kanske en rundvandring i centrumn\u00e4ra Bergslagen eller i Brunnsparken med kunnig guide vore n\u00e5got? Fast den guide vi fick se I &#8221;Hitte-p\u00e5-guide&#8221; har en hel del brister fr\u00e4mst vad g\u00e4ller den mest element\u00e4ra k\u00e4llkritik och bem\u00f6tande.<\/p>\n\n\n\n<p>Vi fick ocks\u00e5 under kv\u00e4llen stifta bekantskap med n\u00e5gra rikspolitiker Centerpartiets fd ordf\u00f6rande Anna-Karin Hatt &#8221;V\u00e5r Hatt&#8221;, kulturminister Parisa Liljestrand (M) &#8221;Kulturkanon&#8221; och energi- och n\u00e4ringsminister Ebba Busch (KD) som framf\u00f6rde en lovs\u00e5ng s\u00e5 att vi skulle bara fatta hur <strong>BRA<\/strong> det ju \u00e4r med Sm\u00e5 Modul\u00e4ra Reaktorer &#8221;SMR&#8221;. Numret framf\u00f6rdes med dans och med ficklampor med LED-belysning, det blev riktigt bra eftersom \u00f6vriga lampor i lokalen sl\u00e4cktes ned.<\/p>\n\n\n\n<p>Avslutningen p\u00e5 akt 2 bj\u00f6d p\u00e5 &#8221;F\u00f6rol\u00e4mpning mot tj\u00e4nsteman&#8221;, &#8221;G\u00e5rdsf\u00f6rs\u00e4ljning&#8221; och som kronan p\u00e5 verket &#8221;Den d\u00f6ende teatern&#8221; d\u00e4r kommundirekt\u00f6ren ansvarig f\u00f6r teaterbyggnaden st\u00f6vlar in och inte f\u00f6r en sekund iddes lyssna till teaterdirekt\u00f6rens v\u00e4xande desperation och synpunkter p\u00e5 t ex l\u00e4ckage fr\u00e5n tak, trasiga stolar, vatten i k\u00e4llaren och livsfarlig elinstallation. Hejdl\u00f6st roligt nummer, framh\u00e5ller s\u00e4rskilt Ella Elms gestaltning av teaterns husa h\u00e4r skrattades det i stolsraderna. F\u00f6r det \u00e4r som i &#8221;Inget stoppar v\u00e5r revy&#8221;, som kom sist i akt tv\u00e5, n\u00e4r man l\u00e5ter hj\u00e4rtat vara med d\u00e5 kommer det alltid s\u00e4ttas upp revyer i Ronneby. Betyget p\u00e5 \u00e5rets revy blir bra, en solid fyra. Rekommenderar s\u00e5ledes <a href=\"https:\/\/www.nortic.se\/ticket\/event\/74864\">&#8221;L\u00e5t hj\u00e4rtat va&#8217; me'&#8221;<\/a>, spelas utvalda dagar till den 14 februari p\u00e5 Ronneby Cityhotell.<\/p>\n\n\n\n<figure class=\"wp-block-image size-full\"><img loading=\"lazy\" decoding=\"async\" width=\"650\" height=\"414\" src=\"https:\/\/kulturbloggen.com\/wp-content\/uploads\/2026\/01\/1000011314.jpg\" alt=\"\" class=\"wp-image-201447\" srcset=\"https:\/\/kulturbloggen.com\/wp-content\/uploads\/2026\/01\/1000011314.jpg 650w, https:\/\/kulturbloggen.com\/wp-content\/uploads\/2026\/01\/1000011314-300x191.jpg 300w\" sizes=\"auto, (max-width: 650px) 100vw, 650px\" \/><\/figure>\n\n\n\n<p>(Nu ska det k\u00f6pas vapen, Sverige \u00e4r ju medlem i NATO &#8211; &#8221;K\u00f6pa vapen&#8221;, akt 1 &#8211; foto: Martin Moberg)<\/p>\n","protected":false},"excerpt":{"rendered":"<p>Titel: L\u00e5t hj\u00e4rtat va&#8217; me&#8217; Premi\u00e4r 23 januari 2026, kl 19.00, Ronneby Cityhotell. Spelas till 14 februari utvalda dagar. Regi: Urban J\u00f6nsson Regikonsulter: Hanna Berben Beckman, Pontus Larsson. Manus: Urban J\u00f6nsson, Hanna Berben Beckman, Pontus Larsson m fl Koreografi: Ann-Sofie Oth\u00e9n, Cajsa Ekstrand, Urban J\u00f6nsson. Musik: Anderz Wrethov, Axel \u00c5hman, Jakob Norrg\u00e5rd, Kevin Holmstr\u00f6m, Kristofer [&hellip;]<\/p>\n","protected":false},"author":57,"featured_media":0,"comment_status":"closed","ping_status":"closed","sticky":false,"template":"","format":"standard","meta":{"_genesis_hide_title":false,"_genesis_hide_breadcrumbs":false,"_genesis_hide_singular_image":false,"_genesis_hide_footer_widgets":false,"_genesis_custom_body_class":"","_genesis_custom_post_class":"","_genesis_layout":"","footnotes":""},"categories":[16,20,30,31,13624],"tags":[3084,15507,13161,12285,4832,13007,7643],"class_list":{"0":"post-201390","1":"post","2":"type-post","3":"status-publish","4":"format-standard","6":"category-recension","7":"category-film","8":"category-teater","9":"category-teaterrecension","10":"category-toppnytt","11":"tag-kulturbloggen","12":"tag-lat-hjartat-va-me","13":"tag-nyarsrevy","14":"tag-recension","15":"tag-ronneby","16":"tag-ronneby-folkteater","17":"tag-teaterkritik","18":"entry"},"_links":{"self":[{"href":"https:\/\/kulturbloggen.com\/index.php?rest_route=\/wp\/v2\/posts\/201390","targetHints":{"allow":["GET"]}}],"collection":[{"href":"https:\/\/kulturbloggen.com\/index.php?rest_route=\/wp\/v2\/posts"}],"about":[{"href":"https:\/\/kulturbloggen.com\/index.php?rest_route=\/wp\/v2\/types\/post"}],"author":[{"embeddable":true,"href":"https:\/\/kulturbloggen.com\/index.php?rest_route=\/wp\/v2\/users\/57"}],"replies":[{"embeddable":true,"href":"https:\/\/kulturbloggen.com\/index.php?rest_route=%2Fwp%2Fv2%2Fcomments&post=201390"}],"version-history":[{"count":36,"href":"https:\/\/kulturbloggen.com\/index.php?rest_route=\/wp\/v2\/posts\/201390\/revisions"}],"predecessor-version":[{"id":201456,"href":"https:\/\/kulturbloggen.com\/index.php?rest_route=\/wp\/v2\/posts\/201390\/revisions\/201456"}],"wp:attachment":[{"href":"https:\/\/kulturbloggen.com\/index.php?rest_route=%2Fwp%2Fv2%2Fmedia&parent=201390"}],"wp:term":[{"taxonomy":"category","embeddable":true,"href":"https:\/\/kulturbloggen.com\/index.php?rest_route=%2Fwp%2Fv2%2Fcategories&post=201390"},{"taxonomy":"post_tag","embeddable":true,"href":"https:\/\/kulturbloggen.com\/index.php?rest_route=%2Fwp%2Fv2%2Ftags&post=201390"}],"curies":[{"name":"wp","href":"https:\/\/api.w.org\/{rel}","templated":true}]}}