{"id":200909,"date":"2026-01-07T17:17:36","date_gmt":"2026-01-07T16:17:36","guid":{"rendered":"https:\/\/kulturbloggen.com\/?p=200909"},"modified":"2026-01-07T17:43:15","modified_gmt":"2026-01-07T16:43:15","slug":"manga-hojdpunkter-pa-goteborgs-filmfestival-kan-ses-online","status":"publish","type":"post","link":"https:\/\/kulturbloggen.com\/?p=200909","title":{"rendered":"M\u00e5nga h\u00f6jdpunkter p\u00e5 G\u00f6teborgs filmfestival kan ses online"},"content":{"rendered":"<p><img decoding=\"async\" class=\"aligncenter size-full wp-image-186912\" src=\"https:\/\/kulturbloggen.com\/wp-content\/uploads\/2026\/01\/unnamed-5.jpg\" alt=\"G\u00f6teborgs filmfestival 2026\" width=\"500\" \/><\/p>\n<p>G\u00f6teborg Film Festivals program f\u00f6r 2026 sl\u00e4pptes 7 januari 2026.<br \/>\nDet \u00e4r den 49:e upplagan av Nordens st\u00f6rsta filmfestival och den \u00e4ger rum i 20 salonger p\u00e5 biografer i G\u00f6teborg \u2013 och dessutom g\u00e5r det att se online i festivalens digitala salong hemma hos dig. Med ett Onlinepass till G\u00f6teborg Film Festival kan du fr\u00e5n smyginvigningen den 22:a januari streama \u00f6ver 40 premi\u00e4rer hemifr\u00e5n \u2013 ett handplockat urval av de mest sp\u00e4nnande filmerna fr\u00e5n \u00e5rets festival, som visas p\u00e5 biograferna i G\u00f6teborg samtidigt som de f\u00e5r premi\u00e4r framf\u00f6r din tv-soffa.<\/p>\n<p>I det det digitala programmet finns flera med efterl\u00e4ngtade premi\u00e4rer som invigningsfilmen Biodlaren, br\u00f6derna Dardennes senaste kritikerfavorit Unga m\u00f6drar och stj\u00e4rnsp\u00e4ckade storfilmer som Dreams med Jessica Chastain eller Istornet med Marion Cotillard.<\/p>\n<p><a href=\"https:\/\/drakenfilm.se\/gff\">H\u00e4r kan du l\u00e4sa om G\u00f6teborgs filmfestivals digitala program.<\/a><\/p>\n","protected":false},"excerpt":{"rendered":"<p>G\u00f6teborg Film Festivals program f\u00f6r 2026 sl\u00e4pptes 7 januari 2026. Det \u00e4r den 49:e upplagan av Nordens st\u00f6rsta filmfestival och den \u00e4ger rum i 20 salonger p\u00e5 biografer i G\u00f6teborg \u2013 och dessutom g\u00e5r det att se online i festivalens digitala salong hemma hos dig. Med ett Onlinepass till G\u00f6teborg Film Festival kan du fr\u00e5n [&hellip;]<\/p>\n","protected":false},"author":13,"featured_media":200911,"comment_status":"closed","ping_status":"closed","sticky":false,"template":"","format":"standard","meta":{"_genesis_hide_title":false,"_genesis_hide_breadcrumbs":false,"_genesis_hide_singular_image":false,"_genesis_hide_footer_widgets":false,"_genesis_custom_body_class":"","_genesis_custom_post_class":"","_genesis_layout":"","footnotes":""},"categories":[50,20,13624],"tags":[1723,7054],"class_list":{"0":"post-200909","1":"post","2":"type-post","3":"status-publish","4":"format-standard","5":"has-post-thumbnail","7":"category-filmfilm","8":"category-film","9":"category-toppnytt","10":"tag-filmfestival","11":"tag-goteborgs-filmfestival","12":"entry"},"_links":{"self":[{"href":"https:\/\/kulturbloggen.com\/index.php?rest_route=\/wp\/v2\/posts\/200909","targetHints":{"allow":["GET"]}}],"collection":[{"href":"https:\/\/kulturbloggen.com\/index.php?rest_route=\/wp\/v2\/posts"}],"about":[{"href":"https:\/\/kulturbloggen.com\/index.php?rest_route=\/wp\/v2\/types\/post"}],"author":[{"embeddable":true,"href":"https:\/\/kulturbloggen.com\/index.php?rest_route=\/wp\/v2\/users\/13"}],"replies":[{"embeddable":true,"href":"https:\/\/kulturbloggen.com\/index.php?rest_route=%2Fwp%2Fv2%2Fcomments&post=200909"}],"version-history":[{"count":10,"href":"https:\/\/kulturbloggen.com\/index.php?rest_route=\/wp\/v2\/posts\/200909\/revisions"}],"predecessor-version":[{"id":200929,"href":"https:\/\/kulturbloggen.com\/index.php?rest_route=\/wp\/v2\/posts\/200909\/revisions\/200929"}],"wp:featuredmedia":[{"embeddable":true,"href":"https:\/\/kulturbloggen.com\/index.php?rest_route=\/wp\/v2\/media\/200911"}],"wp:attachment":[{"href":"https:\/\/kulturbloggen.com\/index.php?rest_route=%2Fwp%2Fv2%2Fmedia&parent=200909"}],"wp:term":[{"taxonomy":"category","embeddable":true,"href":"https:\/\/kulturbloggen.com\/index.php?rest_route=%2Fwp%2Fv2%2Fcategories&post=200909"},{"taxonomy":"post_tag","embeddable":true,"href":"https:\/\/kulturbloggen.com\/index.php?rest_route=%2Fwp%2Fv2%2Ftags&post=200909"}],"curies":[{"name":"wp","href":"https:\/\/api.w.org\/{rel}","templated":true}]}}