{"id":2009,"date":"2008-09-27T15:50:46","date_gmt":"2008-09-27T15:50:46","guid":{"rendered":"http:\/\/kulturbloggen.com\/?p=2009"},"modified":"2008-09-27T15:50:46","modified_gmt":"2008-09-27T15:50:46","slug":"bon-iver-thalia-zedek-ossler-pelle-carlberg-och-hello-saferide-nya-tips-fran-kulturbloggen","status":"publish","type":"post","link":"https:\/\/kulturbloggen.com\/?p=2009","title":{"rendered":"Bon Iver, Thalia Zedek, Ossler, Pelle Carlberg och Hello Saferide &#8211; nya tips fr\u00e5n Kulturbloggen"},"content":{"rendered":"<p>Nyk\u00f6pta skivor idag:<\/p>\n<p><a href='http:\/\/sodergren.com\/kulturbloggen\/wp-content\/uploads\/2008\/09\/boniver_emmaforever.jpg'><img loading=\"lazy\" decoding=\"async\" src=\"http:\/\/sodergren.com\/kulturbloggen\/wp-content\/uploads\/2008\/09\/boniver_emmaforever-300x300.jpg\" alt=\"\" title=\"boniver_emmaforever\" width=\"300\" height=\"300\" class=\"alignright size-medium wp-image-2013\" \/><\/a><strong><a href=\"http:\/\/www.amazon.com\/Emma-Forever-Ago-Bon-Iver\/dp\/B0011HF6GE\">Bon Iver: For Emma Forever Ago<\/a><\/strong><br \/>\n<a href=\"http:\/\/dagensskiva.com\/2008\/07\/13\/bon-iver-for-emma-forever-ago\/\">Dagens skiva<\/a> ber\u00e4ttar om den sp\u00e4nnande bakgrunden till den h\u00e4r skivan:<\/p>\n<blockquote><p>Justin Vernon br\u00f6t upp fr\u00e5n sitt indierockband, drog p\u00e5 sig den fodrade flanellskjortan, \u00e5kte rakt ut i skogen med ett brustet hj\u00e4rta och alla instrumenten i bakluckan. Bosatte sig en vinter i ett ruckel i ett svinkallt Wisconsin och skrev, t\u00e4nkte, spelade in och skrev. Avbr\u00f6t bara f\u00f6r att ta traktorn l\u00e4ngre in i skogen och hugga ved f\u00f6r att kunna h\u00e5lla v\u00e4rmen under de tre vinterm\u00e5naderna han bodde d\u00e4r.<\/p><\/blockquote>\n<p><a href='http:\/\/sodergren.com\/kulturbloggen\/wp-content\/uploads\/2008\/09\/thaliazedek.jpg'><img loading=\"lazy\" decoding=\"async\" src=\"http:\/\/sodergren.com\/kulturbloggen\/wp-content\/uploads\/2008\/09\/thaliazedek-300x199.jpg\" alt=\"\" title=\"thaliazedek\" width=\"300\" height=\"199\" class=\"alignright size-medium wp-image-2011\" \/><\/a><strong>Thalia Zedek: Liars and Prayers<\/strong><br \/>\nGillar du Patti Smith borde du gilla Thalia Zedek. Hon har varit en viktig del i den livaktiga Bostonscenen inom proggressiv rock och blues sedan 1970-talet. Med sin hesa r\u00f6st \u00e4r hon Marianne Faithful, Patti Smith och Janis Joplin f\u00f6renad i en person.<br \/>\nThalia har h\u00e5llit p\u00e5 i flera decennier, men aldrig levt heltid p\u00e5 musiken utan \u00f6verlevt genom str\u00f6jobb inom restaurangv\u00e4rlden och annat.<\/p>\n<p><a href=\"http:\/\/en.wikipedia.org\/wiki\/Thalia_Zedek\">Fakta om Thalia Zedek i Wikipedia.<\/a><br \/>\n<a href=\"http:\/\/www.myspace.com\/thaliazedek\">Thalia Zedek p\u00e5 MySpace.<\/a><\/p>\n<p><strong>Pelle Ossler: Krank<\/strong><br \/>\n<a href='http:\/\/sodergren.com\/kulturbloggen\/wp-content\/uploads\/2008\/09\/pelleossler.jpg'><img loading=\"lazy\" decoding=\"async\" src=\"http:\/\/sodergren.com\/kulturbloggen\/wp-content\/uploads\/2008\/09\/pelleossler.jpg\" alt=\"\" title=\"pelleossler\" width=\"120\" height=\"120\" class=\"alignright size-medium wp-image-2012\" \/><\/a>Jag f\u00f6rbereder mig med hans f\u00f6rra album som kom 2005 inf\u00f6r sl\u00e4ppet av hans nya album, Ett brus, <a href=\"http:\/\/jannepettersson.blogspot.com\/2008\/07\/klart-med-osslers-nya.html\">som kommer den 30 september<\/a>.<br \/>\n(<a href=\"http:\/\/dagensskiva.com\/2005\/05\/06\/ossler-krank\/\">H\u00e4r en recension av Krank i Dagens skiva<\/a>).<br \/>\nEn artist med svarta deprimerade texter, men s\u00e5 melankoliska att det k\u00e4nns bra. Att liksom f\u00e5 bekr\u00e4ftelse p\u00e5 att det \u00e4r OK att grubbla.<br \/>\nI en intervju i tidningen Sonic (pappersupplagan) s\u00e4ger Pelle Ossler:<\/p>\n<blockquote><p>&#8211; Min fyrtiofem\u00e5riga livserfarenhet s\u00e4ger mig att tillvaron \u00e4r ett gungfly, att varje m\u00e4nniska en potentiell m\u00f6rdare och sadist. I varje \u00f6gonblick hotar djup tragik, ingen \u00e4r riktigt sant och det enda man kan vara riktigt s\u00e4ker p\u00e5 \u00e4r att man en dag kommer att d\u00f6 ensam. Vet man det k\u00e4nns det underligt att g\u00f6ra feel good-musik. De som sysslar med det \u00e4r antingen korkade eller s\u00e5 stoppar de huvudet i sanden.<\/p><\/blockquote>\n<p><a href=\"http:\/\/www.sonicmagazine.com\/index.php?option=com_content&#038;task=view&#038;id=2659&#038;Itemid=85\">I senaste numret av Sonic <\/a>\u00e4r en av l\u00e5tarna fr\u00e5n Osslers nya album med p\u00e5 det album som medf\u00f6ljer tidningen, med l\u00e5tar med utvalda aktuella artister.<\/p>\n<blockquote><p>\nPelle Ossler har spelat in sin femte full\u00e4ngdare \u00bbEtt brus\u00ab i den legendariska Hansa-studion i Berlin. Ett ytterst logiskt faktum, att hans nattsvarta musik den h\u00e4r g\u00e5ngen formats i samma lokaler som bland annat gett oss Bowies \u00bbHeroes\u00ab, Iggy Pops \u00bbThe Idiot\u00ab och Gun Clubs \u00bbMother Juno\u00ab \u00e4r som det ska vara. Lennart Persson m\u00f6ter mannen som ser glada l\u00e5tar som f\u00f6rol\u00e4mpningar.<\/p><\/blockquote>\n<p><a href=\"http:\/\/www.misantropen.com\/blogg\/?p=327\"><br \/>\nMisantropen skriver om Ossler: det b\u00e4sta han n\u00e5gonsin h\u00f6rt.<\/a><\/p>\n<p><a href='http:\/\/sodergren.com\/kulturbloggen\/wp-content\/uploads\/2008\/09\/pellecarlberg.jpg'><img loading=\"lazy\" decoding=\"async\" src=\"http:\/\/sodergren.com\/kulturbloggen\/wp-content\/uploads\/2008\/09\/pellecarlberg-150x150.jpg\" alt=\"\" title=\"pellecarlberg\" width=\"150\" height=\"150\" class=\"alignright size-thumbnail wp-image-2015\" \/><\/a><strong>Pelle Carlberg: Lilac<\/strong><br \/>\nProvlyssna g\u00e4rna p\u00e5 hans nya l\u00e5tar p\u00e5 <a href=\"http:\/\/www.myspace.com\/pellecarlberg\">hans MySpace<\/a>.<br \/>\nH\u00e4r kan du l\u00e4sa mer om honom <a href=\"http:\/\/www.pellecarlberg.se\/\">p\u00e5 hans hemsida<\/a>.<br \/>\n<a href=\"http:\/\/www.sonicmagazine.com\/index.php?option=com_content&#038;task=view&#038;id=2581&#038;Itemid=85\">Betyg 5 i Sonic<\/a>.<br \/>\n<a href=\"http:\/\/hd.se\/noje\/skivor\/2008\/08\/29\/pelle-carlberg-the-lilac-time\/\">Recension i Helsingborgs Dagblad<\/a> som tycker att styrkan som vanligt sitter i texterna.<br \/>\n<a href=\"http:\/\/dagensskiva.com\/2008\/09\/04\/pelle-carlberg-the-lilac-time\/\">Dagens skiva gav betyg 6 av 10.<\/a><br \/>\n<a href=\"http:\/\/www.expressen.se\/noje\/recensioner\/skivor\/1.1279077\/pelle-carlberg-the-lilac-time\">Expressen tycker mycket om albumet<\/a>, liksom jag.<\/p>\n<p><strong>Hello Saferide: More Modern Short Stories From Hello Saferide<\/strong><br \/>\nSj\u00e4lvklart val f\u00f6r en indiepop-fantast som mig. Inte en skiva med Annika Norlin vill jag missa.<br \/>\nJag ser fram emot att spela den om och om igen.<br \/>\nDen h\u00e4r g\u00e5ngen p\u00e5 engelska, till skillnad fr\u00e5n f\u00f6rra skivan hon gav ut med bander S\u00e4kert! d\u00e4r texterna \u00e4r p\u00e5 svenska.<\/p>\n<p><a href=\"http:\/\/dagensskiva.com\/2008\/09\/23\/hello-saferide-more-modern-short-stories-from-hello-saferide\/\"><br \/>\nDagens skiva ger betyg 8.<\/a><\/p>\n<p><strong>Nordpolen: Nordpolen<\/strong><br \/>\nDebutalbumet har hyllats i stort sett \u00f6verallt.<\/p>\n<p>A Love Song for Bobby Long \/ Thalia Zedek:<br \/>\n<object width=\"425\" height=\"344\"><param name=\"movie\" value=\"http:\/\/www.youtube.com\/v\/xJPD7A9Pmmc&#038;hl=en&#038;fs=1\"><\/param><param name=\"allowFullScreen\" value=\"true\"><\/param><embed src=\"http:\/\/www.youtube.com\/v\/xJPD7A9Pmmc&#038;hl=en&#038;fs=1\" type=\"application\/x-shockwave-flash\" allowfullscreen=\"true\" width=\"425\" height=\"344\"><\/embed><\/object><\/p>\n<p>BON IVER For Emma, Forever Ago:<br \/>\n<object width=\"425\" height=\"344\"><param name=\"movie\" value=\"http:\/\/www.youtube.com\/v\/x5Swa9CYgRk&#038;hl=en&#038;fs=1\"><\/param><param name=\"allowFullScreen\" value=\"true\"><\/param><embed src=\"http:\/\/www.youtube.com\/v\/x5Swa9CYgRk&#038;hl=en&#038;fs=1\" type=\"application\/x-shockwave-flash\" allowfullscreen=\"true\" width=\"425\" height=\"344\"><\/embed><\/object><\/p>\n<p>Pelle Carlberg &#8211; 1983:<br \/>\n<object width=\"425\" height=\"344\"><param name=\"movie\" value=\"http:\/\/www.youtube.com\/v\/hlDGsNllvcY&#038;hl=en&#038;fs=1\"><\/param><param name=\"allowFullScreen\" value=\"true\"><\/param><embed src=\"http:\/\/www.youtube.com\/v\/hlDGsNllvcY&#038;hl=en&#038;fs=1\" type=\"application\/x-shockwave-flash\" allowfullscreen=\"true\" width=\"425\" height=\"344\"><\/embed><\/object><\/p>\n<p>Hello Saferide: Anna<br \/>\n<object width=\"425\" height=\"344\"><param name=\"movie\" value=\"http:\/\/www.youtube.com\/v\/ojE7J6O1D6A&#038;hl=en&#038;fs=1\"><\/param><param name=\"allowFullScreen\" value=\"true\"><\/param><embed src=\"http:\/\/www.youtube.com\/v\/ojE7J6O1D6A&#038;hl=en&#038;fs=1\" type=\"application\/x-shockwave-flash\" allowfullscreen=\"true\" width=\"425\" height=\"344\"><\/embed><\/object><\/p>\n<p>Andra bloggar om: <a href=\"http:\/\/bloggar.se\/om\/musikvideo\" rel=\"tag\">musikvideo<\/a>, <a href=\"http:\/\/bloggar.se\/om\/skivnytt\" rel=\"tag\">skivnytt<\/a>, <a href=\"http:\/\/bloggar.se\/om\/indie\" rel=\"tag\">indie<\/a>, <a href=\"http:\/\/bloggar.se\/om\/blues\" rel=\"tag\">blues<\/a>, <a href=\"http:\/\/bloggar.se\/om\/Annika+Norlin\" rel=\"tag\">Annika Norlin<\/a>, <a href=\"http:\/\/bloggar.se\/om\/Thalia+Zedek\" rel=\"tag\">Thalia Zedek<\/a>, <a href=\"http:\/\/bloggar.se\/om\/Bon+Iver\" rel=\"tag\">Bon Iver<\/a>, <a href=\"http:\/\/bloggar.se\/om\/Nordpolen\" rel=\"tag\">Nordpolen<\/a>, <a href=\"http:\/\/bloggar.se\/om\/Pelle+Carlberg\" rel=\"tag\">Pelle Carlberg<\/a>, <a href=\"http:\/\/bloggar.se\/om\/Pelle+Ossler\" rel=\"tag\">Pelle Ossler<\/a>, <a href=\"http:\/\/bloggar.se\/om\/Hello+Saferide\" rel=\"tag\">Hello Saferide<\/a><\/p>\n<p><a href='http:\/\/sodergren.com\/kulturbloggen\/wp-content\/uploads\/2008\/09\/pellecarlberg260.jpg'><img loading=\"lazy\" decoding=\"async\" src=\"http:\/\/sodergren.com\/kulturbloggen\/wp-content\/uploads\/2008\/09\/pellecarlberg260.jpg\" alt=\"\" title=\"pellecarlberg260\" width=\"260\" height=\"150\" class=\"alignnone size-medium wp-image-2014\" \/><\/a><\/p>\n","protected":false},"excerpt":{"rendered":"<p>Nyk\u00f6pta skivor idag: Bon Iver: For Emma Forever Ago Dagens skiva ber\u00e4ttar om den sp\u00e4nnande bakgrunden till den h\u00e4r skivan: Justin Vernon br\u00f6t upp fr\u00e5n sitt indierockband, drog p\u00e5 sig den fodrade flanellskjortan, \u00e5kte rakt ut i skogen med ett brustet hj\u00e4rta och alla instrumenten i bakluckan. Bosatte sig en vinter i ett ruckel i [&hellip;]<\/p>\n","protected":false},"author":2,"featured_media":0,"comment_status":"open","ping_status":"open","sticky":false,"template":"","format":"standard","meta":{"_genesis_hide_title":false,"_genesis_hide_breadcrumbs":false,"_genesis_hide_singular_image":false,"_genesis_hide_footer_widgets":false,"_genesis_custom_body_class":"","_genesis_custom_post_class":"","_genesis_layout":"","footnotes":""},"categories":[7],"tags":[753,2467,3868,5121],"class_list":{"0":"post-2009","1":"post","2":"type-post","3":"status-publish","4":"format-standard","6":"category-musik","7":"tag-blues","8":"tag-indie","9":"tag-musikvideo","10":"tag-skivnytt","11":"entry"},"_links":{"self":[{"href":"https:\/\/kulturbloggen.com\/index.php?rest_route=\/wp\/v2\/posts\/2009","targetHints":{"allow":["GET"]}}],"collection":[{"href":"https:\/\/kulturbloggen.com\/index.php?rest_route=\/wp\/v2\/posts"}],"about":[{"href":"https:\/\/kulturbloggen.com\/index.php?rest_route=\/wp\/v2\/types\/post"}],"author":[{"embeddable":true,"href":"https:\/\/kulturbloggen.com\/index.php?rest_route=\/wp\/v2\/users\/2"}],"replies":[{"embeddable":true,"href":"https:\/\/kulturbloggen.com\/index.php?rest_route=%2Fwp%2Fv2%2Fcomments&post=2009"}],"version-history":[{"count":0,"href":"https:\/\/kulturbloggen.com\/index.php?rest_route=\/wp\/v2\/posts\/2009\/revisions"}],"wp:attachment":[{"href":"https:\/\/kulturbloggen.com\/index.php?rest_route=%2Fwp%2Fv2%2Fmedia&parent=2009"}],"wp:term":[{"taxonomy":"category","embeddable":true,"href":"https:\/\/kulturbloggen.com\/index.php?rest_route=%2Fwp%2Fv2%2Fcategories&post=2009"},{"taxonomy":"post_tag","embeddable":true,"href":"https:\/\/kulturbloggen.com\/index.php?rest_route=%2Fwp%2Fv2%2Ftags&post=2009"}],"curies":[{"name":"wp","href":"https:\/\/api.w.org\/{rel}","templated":true}]}}