{"id":20083,"date":"2010-05-06T13:57:13","date_gmt":"2010-05-06T11:57:13","guid":{"rendered":"http:\/\/kulturbloggen.com\/?p=20083"},"modified":"2010-05-06T13:57:13","modified_gmt":"2010-05-06T11:57:13","slug":"en-chef-for-moderna-museet-som-faller-dn-i-smaken","status":"publish","type":"post","link":"https:\/\/kulturbloggen.com\/?p=20083","title":{"rendered":"En chef f\u00f6r Moderna Museet som faller DN i smaken"},"content":{"rendered":"<p><a href=\"http:\/\/kulturbloggen.com\/wp-content\/uploads\/2010\/05\/danielbirnbaum.jpg\"><img loading=\"lazy\" decoding=\"async\" src=\"http:\/\/kulturbloggen.com\/wp-content\/uploads\/2010\/05\/danielbirnbaum-300x182.jpg\" alt=\"\" title=\"danielbirnbaum\" width=\"300\" height=\"182\" class=\"aligncenter size-medium wp-image-20084\" \/><\/a><\/p>\n<p><a href=\"http:\/\/www.modernamuseet.se\/sv\/Stockholm\/\">Grattis Moderna Museet<\/a> som f\u00e5tt en ny chef. Det blev Daniel Birnbaum, som ocks\u00e5 var den person som fanns med mest i f\u00f6rhandstipsen.<br \/>\n<a href=\"http:\/\/www.dn.se\/kultur-noje\/konst-form\/daniel-birnbaum-ny-chef-for-moderna-museet-1.1089417\">Dagens Nyheter \u00e4r extra stolta:<\/a><\/p>\n<blockquote><p>Daniel Birnbaum \u00e4r \u00e4ven en internationellt erk\u00e4nd konstkritiker, och har en bakgrund p\u00e5 Dagens Nyheter. Han har ocks\u00e5 varit chef p\u00e5 atelj\u00e9programmet Iaspis i Stockholm.<\/p><\/blockquote>\n<p>Moderna Mus\u00e9et har under en l\u00e4ngre tid varit \u00f6ppna f\u00f6r sociala medier och bjudit in bloggare till sina presstr\u00e4ffar. Hoppas denna f\u00f6rst\u00e5elsen f\u00f6r att fler \u00e4n kulturredaktionernas redakt\u00f6rer kan tillf\u00f6ra n\u00e5got \u00f6verlever.<br \/>\n<a href=\"http:\/\/www.vilks.net\/?p=74\"><br \/>\nH\u00e4r g\u00e4stskrev Birnbaum p\u00e5 Vilks sajt<\/a>. Det var redan 2005, s\u00e5 det \u00e4r ju ett tecken p\u00e5 att Birnbaum ser positivt p\u00e5 bloggosf\u00e4ren.<\/p>\n<p>Relaterat:<br \/>\n<a href=\"http:\/\/www.metro.se\/se\/article\/tt\/2010\/05\/06\/ny_chef_moderna\/index.xml\">Metro<\/a> och <a href=\"http:\/\/www.svd.se\/kulturnoje\/nyheter\/daniel-birnbaum-ny-mm-chef_4676551.svd\">Svenska Dagbladet.<\/a><\/p>\n<p>L\u00e4s \u00e4ven andra bloggares \u00e5sikter om <a href=\"http:\/\/bloggar.se\/om\/konst\" rel=\"tag\">konst<\/a>, <a href=\"http:\/\/bloggar.se\/om\/moderna+museet\" rel=\"tag\">moderna museet<\/a>, <a href=\"http:\/\/bloggar.se\/om\/Daniel+Birnbaum\" rel=\"tag\">Daniel Birnbaum<\/a><\/p>\n","protected":false},"excerpt":{"rendered":"<p>Grattis Moderna Museet som f\u00e5tt en ny chef. Det blev Daniel Birnbaum, som ocks\u00e5 var den person som fanns med mest i f\u00f6rhandstipsen. Dagens Nyheter \u00e4r extra stolta: Daniel Birnbaum \u00e4r \u00e4ven en internationellt erk\u00e4nd konstkritiker, och har en bakgrund p\u00e5 Dagens Nyheter. Han har ocks\u00e5 varit chef p\u00e5 atelj\u00e9programmet Iaspis i Stockholm. Moderna Mus\u00e9et [&hellip;]<\/p>\n","protected":false},"author":13,"featured_media":0,"comment_status":"open","ping_status":"open","sticky":false,"template":"","format":"standard","meta":{"_genesis_hide_title":false,"_genesis_hide_breadcrumbs":false,"_genesis_hide_singular_image":false,"_genesis_hide_footer_widgets":false,"_genesis_custom_body_class":"","_genesis_custom_post_class":"","_genesis_layout":"","footnotes":""},"categories":[20],"tags":[3009,3740],"class_list":{"0":"post-20083","1":"post","2":"type-post","3":"status-publish","4":"format-standard","6":"category-film","7":"tag-konst","8":"tag-moderna-museet","9":"entry"},"_links":{"self":[{"href":"https:\/\/kulturbloggen.com\/index.php?rest_route=\/wp\/v2\/posts\/20083","targetHints":{"allow":["GET"]}}],"collection":[{"href":"https:\/\/kulturbloggen.com\/index.php?rest_route=\/wp\/v2\/posts"}],"about":[{"href":"https:\/\/kulturbloggen.com\/index.php?rest_route=\/wp\/v2\/types\/post"}],"author":[{"embeddable":true,"href":"https:\/\/kulturbloggen.com\/index.php?rest_route=\/wp\/v2\/users\/13"}],"replies":[{"embeddable":true,"href":"https:\/\/kulturbloggen.com\/index.php?rest_route=%2Fwp%2Fv2%2Fcomments&post=20083"}],"version-history":[{"count":0,"href":"https:\/\/kulturbloggen.com\/index.php?rest_route=\/wp\/v2\/posts\/20083\/revisions"}],"wp:attachment":[{"href":"https:\/\/kulturbloggen.com\/index.php?rest_route=%2Fwp%2Fv2%2Fmedia&parent=20083"}],"wp:term":[{"taxonomy":"category","embeddable":true,"href":"https:\/\/kulturbloggen.com\/index.php?rest_route=%2Fwp%2Fv2%2Fcategories&post=20083"},{"taxonomy":"post_tag","embeddable":true,"href":"https:\/\/kulturbloggen.com\/index.php?rest_route=%2Fwp%2Fv2%2Ftags&post=20083"}],"curies":[{"name":"wp","href":"https:\/\/api.w.org\/{rel}","templated":true}]}}