{"id":20014,"date":"2010-05-04T17:18:31","date_gmt":"2010-05-04T15:18:31","guid":{"rendered":"http:\/\/kulturbloggen.com\/?p=20014"},"modified":"2010-05-04T17:18:31","modified_gmt":"2010-05-04T15:18:31","slug":"belle-sebastian-klara-for-popaganda","status":"publish","type":"post","link":"https:\/\/kulturbloggen.com\/?p=20014","title":{"rendered":"Belle &amp; Sebastian klara f\u00f6r Popaganda"},"content":{"rendered":"<p><a href=\"http:\/\/kulturbloggen.com\/wp-content\/uploads\/2010\/05\/popaganda_belle.jpg\"><img loading=\"lazy\" decoding=\"async\" src=\"http:\/\/kulturbloggen.com\/wp-content\/uploads\/2010\/05\/popaganda_belle-300x166.jpg\" alt=\"\" title=\"popaganda_belle\" width=\"300\" height=\"166\" class=\"aligncenter size-medium wp-image-20015\" \/><\/a><br \/>\nMed sommaren i ant\u00e5gande \u00e4r det v\u00e4l fel att s\u00e4ga att man l\u00e4ngtar efter n\u00e5got i slutet av augusti? Men det g\u00e5r inte att komma ifr\u00e5n: den underbara mysiga indiepopfestivalen Popaganda lockar alltmer:<br \/>\nDagens artistsl\u00e4pp:<br \/>\nBelle &#038; Sebastian klara f\u00f6r Popaganda<\/p>\n<p> Popaganda 27-28 Augusti &#8211; Stockholm, Eriksdalsbadet<\/p>\n<p>Alldeles f\u00f6r l\u00e4nge har vi bitit oss i tungan f\u00f6r att inte avsl\u00f6ja oss. Det har varit en sann pr\u00f6vning att inte f\u00e5 ber\u00e4tta att Belle &#038; Sebastians f\u00f6rsta festivalspelning i Sverige kommer att \u00e4ga rum p\u00e5 Popaganda i augusti.<\/p>\n<p>Vi var m\u00e5nga som n\u00e4stan \u00e4lskade ihj\u00e4l Belle &#038; Sebastians skivor p\u00e5 90-talet. P\u00e5 ytan kunde musiken verka l\u00e5gm\u00e4ld, men bakom den blyga fasaden rymdes de allra mest perfekta popmelodierna och de mest klarsynta ber\u00e4ttelserna som gav v\u00e5ra h\u00e5rt pr\u00f6vade ton\u00e5rssj\u00e4lar hopp.<br \/>\nHopp om att det fanns andra som oss, och hopp om popmusiken.<\/p>\n<p>Sedan 1996 har Belle &#038; Sebastian f\u00f6rgyllt pophimlen med ber\u00e4ttelser om mobbade barn, n\u00f6rdighet och sexuella fantasier, inte s\u00e4llan med politiska undertoner. Deras f\u00f6rsta skiva &#8221;Tigermilk&#8221; sl\u00e4pptes bara p\u00e5 vinyl i 1000 exemplar, men efter stora framg\u00e5ngar med andraskivan &#8221;If you&#8217;re feeling sinister&#8221; trycktes debuten upp i en andra utg\u00e5va och den allt st\u00f6rre fanskaran fick tillg\u00e5ng till den.<\/p>\n<p>Sedan dess har Belle &#038; Sebastian sl\u00e4ppt ytterligare fem full\u00e4ngdsskivor, och en mycket imponerande samling ep:s. 2003 sl\u00e4pptes &#8221;Dear catastrophe waitress&#8221;, och i samband med det bytte bandet skivbolag och producent. M\u00e5nga blev oroliga f\u00f6r att Belle &#038; Sebastian skulle anpassa sig till den breda publikens smak, men det stod snart klart att Belle &#038; Sebastian aldrig skulle kompromissa med sin musik.<br \/>\nMusiken har f\u00e5tt lite mer driv, snyggare s\u00e5ng och n\u00e5gra fler gitarrer och trumpeter. Kanske har den blivit lite vuxnare.<\/p>\n<p>Samtidigt finns Belle &#038; Sebastians sj\u00e4l och hj\u00e4rta alltid kvar bland skolg\u00e5rdens misfits. Det spelar ingen roll n\u00e4r din h\u00f6gstadietid utspelade sig. Belle &#038; Sebastian kommer alltid att vara din allra b\u00e4sta musikaliska snuttefilt, som inte sviker bara f\u00f6r att du r\u00e5kar bli gammal.<\/p>\n<p>I slutet av 2010 kommer Belle &#038; Sebastians f\u00f6rsta skiva p\u00e5 \u00f6ver fyra \u00e5r. Vi \u00e4r l\u00f6jligt glada \u00f6ver att de kommer till Eriksdalsbadet f\u00f6r att ge festivalsommarens st\u00f6rsta och mest efterl\u00e4ngtade popkonsert. Och \u00e4ntligen \u00e4r det ingen hemlighet l\u00e4ngre. Nu kan vi alla vara glada och l\u00e4ngta tillsammans.<\/p>\n<p>L\u00e4s \u00e4ven andra bloggares \u00e5sikter om <a href=\"http:\/\/bloggar.se\/om\/musik\" rel=\"tag\">musik<\/a>, <a href=\"http:\/\/bloggar.se\/om\/Popagande\" rel=\"tag\">Popagande<\/a>, <a href=\"http:\/\/bloggar.se\/om\/indie\" rel=\"tag\">indie<\/a>, <a href=\"http:\/\/bloggar.se\/om\/Stockholm\" rel=\"tag\">Stockholm<\/a><\/p>\n","protected":false},"excerpt":{"rendered":"<p>Med sommaren i ant\u00e5gande \u00e4r det v\u00e4l fel att s\u00e4ga att man l\u00e4ngtar efter n\u00e5got i slutet av augusti? Men det g\u00e5r inte att komma ifr\u00e5n: den underbara mysiga indiepopfestivalen Popaganda lockar alltmer: Dagens artistsl\u00e4pp: Belle &#038; Sebastian klara f\u00f6r Popaganda Popaganda 27-28 Augusti &#8211; Stockholm, Eriksdalsbadet Alldeles f\u00f6r l\u00e4nge har vi bitit oss i [&hellip;]<\/p>\n","protected":false},"author":13,"featured_media":0,"comment_status":"open","ping_status":"open","sticky":false,"template":"","format":"standard","meta":{"_genesis_hide_title":false,"_genesis_hide_breadcrumbs":false,"_genesis_hide_singular_image":false,"_genesis_hide_footer_widgets":false,"_genesis_custom_body_class":"","_genesis_custom_post_class":"","_genesis_layout":"","footnotes":""},"categories":[7],"tags":[2467,12282,4431,5400],"class_list":{"0":"post-20014","1":"post","2":"type-post","3":"status-publish","4":"format-standard","6":"category-musik","7":"tag-indie","8":"tag-musik","9":"tag-popagande","10":"tag-stockholm","11":"entry"},"_links":{"self":[{"href":"https:\/\/kulturbloggen.com\/index.php?rest_route=\/wp\/v2\/posts\/20014","targetHints":{"allow":["GET"]}}],"collection":[{"href":"https:\/\/kulturbloggen.com\/index.php?rest_route=\/wp\/v2\/posts"}],"about":[{"href":"https:\/\/kulturbloggen.com\/index.php?rest_route=\/wp\/v2\/types\/post"}],"author":[{"embeddable":true,"href":"https:\/\/kulturbloggen.com\/index.php?rest_route=\/wp\/v2\/users\/13"}],"replies":[{"embeddable":true,"href":"https:\/\/kulturbloggen.com\/index.php?rest_route=%2Fwp%2Fv2%2Fcomments&post=20014"}],"version-history":[{"count":0,"href":"https:\/\/kulturbloggen.com\/index.php?rest_route=\/wp\/v2\/posts\/20014\/revisions"}],"wp:attachment":[{"href":"https:\/\/kulturbloggen.com\/index.php?rest_route=%2Fwp%2Fv2%2Fmedia&parent=20014"}],"wp:term":[{"taxonomy":"category","embeddable":true,"href":"https:\/\/kulturbloggen.com\/index.php?rest_route=%2Fwp%2Fv2%2Fcategories&post=20014"},{"taxonomy":"post_tag","embeddable":true,"href":"https:\/\/kulturbloggen.com\/index.php?rest_route=%2Fwp%2Fv2%2Ftags&post=20014"}],"curies":[{"name":"wp","href":"https:\/\/api.w.org\/{rel}","templated":true}]}}