{"id":2001,"date":"2008-09-27T08:00:05","date_gmt":"2008-09-27T08:00:05","guid":{"rendered":"http:\/\/kulturbloggen.com\/?p=2001"},"modified":"2008-09-27T08:00:05","modified_gmt":"2008-09-27T08:00:05","slug":"nokia-utmanar-iphone-med-tube-och-apple-kontrar-med-olast-iphone","status":"publish","type":"post","link":"https:\/\/kulturbloggen.com\/?p=2001","title":{"rendered":"Nokia utmanar iphone med Tube &#8211; och Apple kontrar med ol\u00e5st iphone"},"content":{"rendered":"<p><a href='http:\/\/sodergren.com\/kulturbloggen\/wp-content\/uploads\/2008\/09\/nokia_tube260.jpg'><img loading=\"lazy\" decoding=\"async\" src=\"http:\/\/sodergren.com\/kulturbloggen\/wp-content\/uploads\/2008\/09\/nokia_tube260.jpg\" alt=\"\" title=\"nokia_tube260\" width=\"260\" height=\"150\" class=\"alignright size-full wp-image-2000\" \/><\/a>Tube \u00e4r kodnamnet p\u00e5 Nokias telefon med tryckk\u00e4nslig sk\u00e4rm som ska utmana iphone.<\/p>\n<p><a href=\"http:\/\/www.metro.se\/se\/article\/2008\/09\/26\/12\/3501-48\/index.xml\">Metro skriver<\/a> att den nu ska visas upp, i London den  2 oktober.<\/p>\n<blockquote><p>\nEnligt nyhetsbyr\u00e5ns k\u00e4llor kommer Nokia att visa upp den telefon som g\u00e5r kodnamnet &#8221;Tube&#8221; redan p\u00e5 torsdag. Redan i juli gick Nokia ut med information om att en telefon med tryckk\u00e4nslig sk\u00e4rm var p\u00e5 v\u00e4g. Nokia h\u00e4vdade d\u00e5 att telefonen skulle bli billigare \u00e4n liknande telefoner p\u00e5 marknaden. <\/p><\/blockquote>\n<p>I april skriver flera mobil- och it-tidningar om Tube, f\u00f6r d\u00e5 hade ryktena om Nokias iphone-utmanare satt fart. <a href=\"http:\/\/www.mobil.se\/ArticlePages\/200804\/08\/20080408201903_MOB691\/20080408201903_MOB691.dbp.asp\">Mobil skrev:<\/a><\/p>\n<blockquote><p>Enligt uppgifterna ska Tube st\u00f6dja java vilket Iphone inte g\u00f6r idag. Vilket operativsystem som Nokia skulle anv\u00e4nda \u00e4r dock liksom de flesta andra detaljer kring telefonen oklart. Gissningar baserade p\u00e5 att man ska kunna ladda upp sina bilder direkt till webben g\u00f6r g\u00e4llande att telefonen kommer ha turbo-3G eller wlan, eller b\u00e5de och. Ingen j\u00e4rv gissning dock f\u00f6r en telefon som kommer ut det n\u00e4rmaste \u00e5ret.<\/p><\/blockquote>\n<p><a href=\"http:\/\/computersweden.idg.se\/2.2683\/1.155127\">Computer Sweden<\/a> hade samma uppgifter.<\/p>\n<p>Att Apple nu b\u00f6rjat s\u00e4lja ol\u00e5sta iphone \u00e4r s\u00e4kert ett n\u00f6dv\u00e4ndigt drag n\u00e4r konkurrensen h\u00e5rdnar kring mobiltelefoner med Touch screen. <a href=\"http:\/\/macworld.idg.se\/2.1038\/1.181996\">Mac World<\/a>:<\/p>\n<blockquote><p>F\u00f6r f\u00f6rsta g\u00e5ngen kan man nu k\u00f6pa iPhone 3G via Apple Store, helt ol\u00e5st. Men \u00e4n s\u00e5 l\u00e4nge bara i Hong Kong. Priset \u00e4r dock ganska bra, och vi l\u00e4r snart se gr\u00e5import.<\/p><\/blockquote>\n<p>Modellen med 8 gigabyte minne uppges kosta 5.400 Hong Kong Dollar (cirka 4.800 kronor) och den st\u00f6rre modellen 5.500 kronor.<\/p>\n<p>H\u00e4r ett filmklipp p\u00e5 Nokia Tube:<\/p>\n<p><object width=\"425\" height=\"344\"><param name=\"movie\" value=\"http:\/\/www.youtube.com\/v\/L9M0-0MKWeM&#038;hl=en&#038;fs=1\"><\/param><param name=\"allowFullScreen\" value=\"true\"><\/param><embed src=\"http:\/\/www.youtube.com\/v\/L9M0-0MKWeM&#038;hl=en&#038;fs=1\" type=\"application\/x-shockwave-flash\" allowfullscreen=\"true\" width=\"425\" height=\"344\"><\/embed><\/object><\/p>\n<p><a href='http:\/\/sodergren.com\/kulturbloggen\/wp-content\/uploads\/2008\/09\/nokia_tube125.jpg'><img loading=\"lazy\" decoding=\"async\" src=\"http:\/\/sodergren.com\/kulturbloggen\/wp-content\/uploads\/2008\/09\/nokia_tube125.jpg\" alt=\"\" title=\"nokia_tube125\" width=\"125\" height=\"250\" class=\"alignnone size-medium wp-image-2002\" \/><\/a><\/p>\n<p>Andra bloggar om: <a href=\"http:\/\/bloggar.se\/om\/mobil\" rel=\"tag\">mobil<\/a>, <a href=\"http:\/\/bloggar.se\/om\/Nokia\" rel=\"tag\">Nokia<\/a>, <a href=\"http:\/\/bloggar.se\/om\/Apple\" rel=\"tag\">Apple<\/a>, <a href=\"http:\/\/bloggar.se\/om\/iphone\" rel=\"tag\">iphone<\/a><\/p>\n","protected":false},"excerpt":{"rendered":"<p>Tube \u00e4r kodnamnet p\u00e5 Nokias telefon med tryckk\u00e4nslig sk\u00e4rm som ska utmana iphone. Metro skriver att den nu ska visas upp, i London den 2 oktober. Enligt nyhetsbyr\u00e5ns k\u00e4llor kommer Nokia att visa upp den telefon som g\u00e5r kodnamnet &#8221;Tube&#8221; redan p\u00e5 torsdag. Redan i juli gick Nokia ut med information om att en telefon [&hellip;]<\/p>\n","protected":false},"author":2,"featured_media":0,"comment_status":"open","ping_status":"open","sticky":false,"template":"","format":"standard","meta":{"_genesis_hide_title":false,"_genesis_hide_breadcrumbs":false,"_genesis_hide_singular_image":false,"_genesis_hide_footer_widgets":false,"_genesis_custom_body_class":"","_genesis_custom_post_class":"","_genesis_layout":"","footnotes":""},"categories":[20],"tags":[362,2540,3719,4010],"class_list":{"0":"post-2001","1":"post","2":"type-post","3":"status-publish","4":"format-standard","6":"category-film","7":"tag-apple","8":"tag-iphone","9":"tag-mobil","10":"tag-nokia","11":"entry"},"_links":{"self":[{"href":"https:\/\/kulturbloggen.com\/index.php?rest_route=\/wp\/v2\/posts\/2001","targetHints":{"allow":["GET"]}}],"collection":[{"href":"https:\/\/kulturbloggen.com\/index.php?rest_route=\/wp\/v2\/posts"}],"about":[{"href":"https:\/\/kulturbloggen.com\/index.php?rest_route=\/wp\/v2\/types\/post"}],"author":[{"embeddable":true,"href":"https:\/\/kulturbloggen.com\/index.php?rest_route=\/wp\/v2\/users\/2"}],"replies":[{"embeddable":true,"href":"https:\/\/kulturbloggen.com\/index.php?rest_route=%2Fwp%2Fv2%2Fcomments&post=2001"}],"version-history":[{"count":0,"href":"https:\/\/kulturbloggen.com\/index.php?rest_route=\/wp\/v2\/posts\/2001\/revisions"}],"wp:attachment":[{"href":"https:\/\/kulturbloggen.com\/index.php?rest_route=%2Fwp%2Fv2%2Fmedia&parent=2001"}],"wp:term":[{"taxonomy":"category","embeddable":true,"href":"https:\/\/kulturbloggen.com\/index.php?rest_route=%2Fwp%2Fv2%2Fcategories&post=2001"},{"taxonomy":"post_tag","embeddable":true,"href":"https:\/\/kulturbloggen.com\/index.php?rest_route=%2Fwp%2Fv2%2Ftags&post=2001"}],"curies":[{"name":"wp","href":"https:\/\/api.w.org\/{rel}","templated":true}]}}