{"id":19938,"date":"2010-04-29T19:00:00","date_gmt":"2010-04-29T17:00:00","guid":{"rendered":"http:\/\/kulturbloggen.com\/?p=19938"},"modified":"2010-04-29T19:00:00","modified_gmt":"2010-04-29T17:00:00","slug":"jag-haller-med-jobs-flash-ar-strunt","status":"publish","type":"post","link":"https:\/\/kulturbloggen.com\/?p=19938","title":{"rendered":"Jag h\u00e5ller med Jobs, Flash \u00e4r strunt"},"content":{"rendered":"<p><a href=\"http:\/\/kulturbloggen.com\/wp-content\/uploads\/2010\/04\/adobe-flash.jpg\"><img loading=\"lazy\" decoding=\"async\" src=\"http:\/\/kulturbloggen.com\/wp-content\/uploads\/2010\/04\/adobe-flash-300x300.jpg\" alt=\"\" title=\"adobe-flash\" width=\"300\" height=\"300\" class=\"aligncenter size-medium wp-image-19940\" \/><\/a><\/p>\n<p>Applechefen Steve Jobs gillar inte Flash. <a href=\"http:\/\/computersweden.idg.se\/2.2683\/1.315328\/steve-jobs-flash-behovs-intehttp:\/\/computersweden.idg.se\/2.2683\/1.315328\/steve-jobs-flash-behovs-inte\">Fr\u00e5n Computer Sweden<\/a>:<\/p>\n<blockquote><p>Jobs f\u00f6rsta sk\u00e4l att dissa Flash \u00e4r att det inte \u00e4r \u00f6ppet. Han skriver, \u00f6versatt till svenska, att \u201dApples Flashprodukter \u00e4r 100 procent st\u00e4ngda. De \u00e4r bara tillg\u00e4ngliga fr\u00e5n Adobe och Adobe best\u00e4mmer helt \u00f6ver utvecklingen av dem och priser f\u00f6r dem\u201d.<\/p>\n<p>\u00c4ven om Apple ocks\u00e5 s\u00e4ljer m\u00e5nga st\u00e4ngda produkter s\u00e5 tycker Jobs att webbstandarder ska vara \u00f6ppna. D\u00e4rf\u00f6r satsar Apple p\u00e5 html 5, css och Javascript i st\u00e4llet f\u00f6r p\u00e5 Flash.<\/p><\/blockquote>\n<p>Andra sk\u00e4l Jobs tar upp: tillf\u00f6rlitlighet, s\u00e4kerhet och prestanda. <em>Kort sagt, Flash \u00e4r f\u00f6r d\u00e5ligt, f\u00f6r os\u00e4kert och f\u00f6r l\u00e5ngsamt.<\/em><\/p>\n<p>Jag h\u00e5ller med honom. Flash bygger p\u00e5 illusionen att webbkommunikation ska vara som broschyrer: att man ska best\u00e4mma till hundra procent, in p\u00e5 minsta pixel, hur n\u00e5got ska se ut p\u00e5 webben.<br \/>\nWebb \u00e4r mycket mer ett samtal, ett st\u00e4ndigt p\u00e5g\u00e5ende utbyte av kommunikation \u00e4n en statisk broschyr.<\/p>\n<p>Relaterat: <a href=\"http:\/\/www.metro.se\/2010\/04\/29\/51414\/steve-jobs-darfor-gillar-jag-inte-fla\/index.xml\">Metro<\/a> och <a href=\"http:\/\/www.idg.se\/2.1085\/1.296062\/apples-vd-pa-nytt-korstag-mot-flash\">IDG.<\/a><\/p>\n<p>L\u00e4s \u00e4ven andra bloggares \u00e5sikter om <a href=\"http:\/\/bloggar.se\/om\/flash\" rel=\"tag\">flash<\/a>, <a href=\"http:\/\/bloggar.se\/om\/apple\" rel=\"tag\">apple<\/a>, <a href=\"http:\/\/bloggar.se\/om\/teknik\" rel=\"tag\">teknik<\/a>, <a href=\"http:\/\/bloggar.se\/om\/webbutveckling\" rel=\"tag\">webbutveckling<\/a>, <a href=\"http:\/\/bloggar.se\/om\/Steve+Jobs\" rel=\"tag\">Steve Jobs<\/a>, <a href=\"http:\/\/bloggar.se\/om\/Adobe\" rel=\"tag\">Adobe<\/a><\/p>\n","protected":false},"excerpt":{"rendered":"<p>Applechefen Steve Jobs gillar inte Flash. Fr\u00e5n Computer Sweden: Jobs f\u00f6rsta sk\u00e4l att dissa Flash \u00e4r att det inte \u00e4r \u00f6ppet. Han skriver, \u00f6versatt till svenska, att \u201dApples Flashprodukter \u00e4r 100 procent st\u00e4ngda. De \u00e4r bara tillg\u00e4ngliga fr\u00e5n Adobe och Adobe best\u00e4mmer helt \u00f6ver utvecklingen av dem och priser f\u00f6r dem\u201d. \u00c4ven om Apple ocks\u00e5 [&hellip;]<\/p>\n","protected":false},"author":2,"featured_media":0,"comment_status":"open","ping_status":"open","sticky":false,"template":"","format":"standard","meta":{"_genesis_hide_title":false,"_genesis_hide_breadcrumbs":false,"_genesis_hide_singular_image":false,"_genesis_hide_footer_widgets":false,"_genesis_custom_body_class":"","_genesis_custom_post_class":"","_genesis_layout":"","footnotes":""},"categories":[20],"tags":[362,1772,5669],"class_list":{"0":"post-19938","1":"post","2":"type-post","3":"status-publish","4":"format-standard","6":"category-film","7":"tag-apple","8":"tag-flash","9":"tag-teknik","10":"entry"},"_links":{"self":[{"href":"https:\/\/kulturbloggen.com\/index.php?rest_route=\/wp\/v2\/posts\/19938","targetHints":{"allow":["GET"]}}],"collection":[{"href":"https:\/\/kulturbloggen.com\/index.php?rest_route=\/wp\/v2\/posts"}],"about":[{"href":"https:\/\/kulturbloggen.com\/index.php?rest_route=\/wp\/v2\/types\/post"}],"author":[{"embeddable":true,"href":"https:\/\/kulturbloggen.com\/index.php?rest_route=\/wp\/v2\/users\/2"}],"replies":[{"embeddable":true,"href":"https:\/\/kulturbloggen.com\/index.php?rest_route=%2Fwp%2Fv2%2Fcomments&post=19938"}],"version-history":[{"count":0,"href":"https:\/\/kulturbloggen.com\/index.php?rest_route=\/wp\/v2\/posts\/19938\/revisions"}],"wp:attachment":[{"href":"https:\/\/kulturbloggen.com\/index.php?rest_route=%2Fwp%2Fv2%2Fmedia&parent=19938"}],"wp:term":[{"taxonomy":"category","embeddable":true,"href":"https:\/\/kulturbloggen.com\/index.php?rest_route=%2Fwp%2Fv2%2Fcategories&post=19938"},{"taxonomy":"post_tag","embeddable":true,"href":"https:\/\/kulturbloggen.com\/index.php?rest_route=%2Fwp%2Fv2%2Ftags&post=19938"}],"curies":[{"name":"wp","href":"https:\/\/api.w.org\/{rel}","templated":true}]}}