{"id":19879,"date":"2010-04-27T12:47:44","date_gmt":"2010-04-27T10:47:44","guid":{"rendered":"http:\/\/kulturbloggen.com\/?p=19879"},"modified":"2010-04-27T12:47:44","modified_gmt":"2010-04-27T10:47:44","slug":"robyn-shout-out-louds-och-neon-indian-till-popagande-i-augusti-2010","status":"publish","type":"post","link":"https:\/\/kulturbloggen.com\/?p=19879","title":{"rendered":"Robyn, Shout Out Louds och Neon Indian till Popaganda i augusti 2010"},"content":{"rendered":"<p><a href=\"http:\/\/kulturbloggen.com\/wp-content\/uploads\/2010\/04\/popaganda.jpg\"><img loading=\"lazy\" decoding=\"async\" src=\"http:\/\/kulturbloggen.com\/wp-content\/uploads\/2010\/04\/popaganda-300x166.jpg\" alt=\"\" title=\"popaganda\" width=\"300\" height=\"166\" class=\"aligncenter size-medium wp-image-19880\" \/><\/a><\/p>\n<p>Yeah, det blir en Popaganda-festival i Stockholm i sommar igen. Ett pressmeddelande ber\u00e4ttar att festivalen arrangeras p\u00e5 Eriksdagsbladet 27-28 Augusti 2010 och artister som \u00e4r klara f\u00f6r festivalen \u00e4r Robyn, Shout Out Louds och Neon Indian.<\/p>\n<p>H\u00e4r \u00e4r pressmeddelandet:<\/p>\n<p>Tredje \u00e5ret f\u00f6r Popaganda  p\u00e5 Eriksdalsbadet!<\/p>\n<p>\u00c4nnu \u00e4r det en m\u00e5nad till Eriksdalsbadet \u00f6ppnar portarna f\u00f6r utomhuspoolerna. Och om exakt fyra m\u00e5nader, den 27 augusti \u00e4r det sista chansen att ta en simtur i klorerat vatten utomhus i Stockholms innerstad. Just detta ser ut att bli the simtur of your life. Du kommer n\u00e4mligen att befinna dig p\u00e5 Stockholms b\u00e4sta, st\u00f6rsta, och enda popfestival: POPAGANDA. Tv\u00e5 dagar med den mest delikata popmusiken, k\u00e4rlek och bad \u2013 p\u00e5 g\u00e5ng- eller tunnelbaneavst\u00e5nd. Och som vanligt till en misst\u00e4nksamt billig penning.<\/p>\n<p>Simma n\u00e5gra l\u00e4ngder till tonerna av Neon Indians (US) lo fi-electronica. Torka av dig, k\u00f6p en \u00f6l och ta del av den patenterat goda Popagandast\u00e4mningen samtidigt som festivalfavoriterna Shout Out Louds \u00e4ntrar stora scenen. N\u00e4r solen b\u00f6rjar f\u00f6rsvinna bakom \u00c5rstabron kommer Sveriges st\u00f6rsta artist \u00e4ntligen hem till S\u00f6dermalm. Robyn kommer att avsluta b\u00e5de festival- och badsommaren . N\u00e4r Eriksdalsbadet dagen d\u00e4rp\u00e5 t\u00f6mmer poolerna kommer du fortfarande vara lycklig.<\/p>\n<p>Nedr\u00e4kningen har b\u00f6rjat.<\/p>\n<p><a href=\"http:\/\/www.popaganda.se \">Popagandas webbplats.<\/a><\/p>\n<p>L\u00e4s \u00e4ven andra bloggares \u00e5sikter om <a href=\"http:\/\/bloggar.se\/om\/musik\" rel=\"tag\">musik<\/a>, <a href=\"http:\/\/bloggar.se\/om\/musikfestival\" rel=\"tag\">musikfestival<\/a>, <a href=\"http:\/\/bloggar.se\/om\/Popaganda\" rel=\"tag\">Popaganda<\/a>, <a href=\"http:\/\/bloggar.se\/om\/Robyn\" rel=\"tag\">Robyn<\/a>, <a href=\"http:\/\/bloggar.se\/om\/Shout+out+louds\" rel=\"tag\">Shout out louds<\/a>, <a href=\"http:\/\/bloggar.se\/om\/Eriksdalsbadet\" rel=\"tag\">Eriksdalsbadet<\/a><\/p>\n","protected":false},"excerpt":{"rendered":"<p>Yeah, det blir en Popaganda-festival i Stockholm i sommar igen. Ett pressmeddelande ber\u00e4ttar att festivalen arrangeras p\u00e5 Eriksdagsbladet 27-28 Augusti 2010 och artister som \u00e4r klara f\u00f6r festivalen \u00e4r Robyn, Shout Out Louds och Neon Indian. H\u00e4r \u00e4r pressmeddelandet: Tredje \u00e5ret f\u00f6r Popaganda p\u00e5 Eriksdalsbadet! \u00c4nnu \u00e4r det en m\u00e5nad till Eriksdalsbadet \u00f6ppnar portarna f\u00f6r [&hellip;]<\/p>\n","protected":false},"author":2,"featured_media":0,"comment_status":"open","ping_status":"open","sticky":false,"template":"","format":"standard","meta":{"_genesis_hide_title":false,"_genesis_hide_breadcrumbs":false,"_genesis_hide_singular_image":false,"_genesis_hide_footer_widgets":false,"_genesis_custom_body_class":"","_genesis_custom_post_class":"","_genesis_layout":"","footnotes":""},"categories":[7],"tags":[12282,3844,4430],"class_list":{"0":"post-19879","1":"post","2":"type-post","3":"status-publish","4":"format-standard","6":"category-musik","7":"tag-musik","8":"tag-musikfestival","9":"tag-popaganda","10":"entry"},"_links":{"self":[{"href":"https:\/\/kulturbloggen.com\/index.php?rest_route=\/wp\/v2\/posts\/19879","targetHints":{"allow":["GET"]}}],"collection":[{"href":"https:\/\/kulturbloggen.com\/index.php?rest_route=\/wp\/v2\/posts"}],"about":[{"href":"https:\/\/kulturbloggen.com\/index.php?rest_route=\/wp\/v2\/types\/post"}],"author":[{"embeddable":true,"href":"https:\/\/kulturbloggen.com\/index.php?rest_route=\/wp\/v2\/users\/2"}],"replies":[{"embeddable":true,"href":"https:\/\/kulturbloggen.com\/index.php?rest_route=%2Fwp%2Fv2%2Fcomments&post=19879"}],"version-history":[{"count":0,"href":"https:\/\/kulturbloggen.com\/index.php?rest_route=\/wp\/v2\/posts\/19879\/revisions"}],"wp:attachment":[{"href":"https:\/\/kulturbloggen.com\/index.php?rest_route=%2Fwp%2Fv2%2Fmedia&parent=19879"}],"wp:term":[{"taxonomy":"category","embeddable":true,"href":"https:\/\/kulturbloggen.com\/index.php?rest_route=%2Fwp%2Fv2%2Fcategories&post=19879"},{"taxonomy":"post_tag","embeddable":true,"href":"https:\/\/kulturbloggen.com\/index.php?rest_route=%2Fwp%2Fv2%2Ftags&post=19879"}],"curies":[{"name":"wp","href":"https:\/\/api.w.org\/{rel}","templated":true}]}}