{"id":198665,"date":"2025-10-31T20:01:30","date_gmt":"2025-10-31T19:01:30","guid":{"rendered":"https:\/\/kulturbloggen.com\/?p=198665"},"modified":"2025-11-03T14:54:33","modified_gmt":"2025-11-03T13:54:33","slug":"recension-av-tv-serie-vi-pa-saltkrakan-hostlovets-basta-tv-serie-utan-tvekan","status":"publish","type":"post","link":"https:\/\/kulturbloggen.com\/?p=198665","title":{"rendered":"Recension av tv-serie: Vi p\u00e5 Saltkr\u00e5kan &#8211; h\u00f6stlovets b\u00e4sta tv-serie utan tvekan"},"content":{"rendered":"<p><img decoding=\"async\" class=\"aligncenter size-full wp-image-186912\" src=\"https:\/\/kulturbloggen.com\/wp-content\/uploads\/2025\/10\/vipasaltkrakan.jpg\" alt=\"\" width=\"500\" \/><br \/>\n<em>Fotograf: SVT<\/em><\/p>\n<p>Vi p\u00e5 Saltkr\u00e5kan<br \/>\nBetyg 4<br \/>\n\u201dVi p\u00e5 Saltkr\u00e5kan\u201d har premi\u00e4r p\u00e5 SVT Play den 31 oktober 2025 och p\u00e5 SVT1 l\u00f6rdag den 1 november 20.00.<br \/>\nP\u00e5 SVT Play publiceras hela serien direkt.<br \/>\nRegi Fredrik Edfeldt<br \/>\nManusf\u00f6rfattare Karin Arrhenius<\/p>\n<p>Ett stort gratis till skaparna av den nya, n\u00e5got moderniserade versionen av Saltkr\u00e5kan. Manusf\u00f6rfattare, regiss\u00f6ren och hela ensemblen har med fingertoppsk\u00e4nsla lyckats bibeh\u00e5lla denna hyllning till den svenska sommaren och bjuder in oss p\u00e5 ett \u00e4ventyr med v\u00e4nskap i centrum och d\u00e4r de sm\u00e5 h\u00e4ndelserna \u00e4r de viktigaste i livet. Vi p\u00e5 Saltkr\u00e5kan \u00e4r h\u00f6stlovets definitiva h\u00f6jdpunkt p\u00e5 tv och film.<\/p>\n<p>Nyinspelningen av &#8221;Vi p\u00e5 Saltkr\u00e5kan&#8221; skiljer sig fr\u00e5n den f\u00f6rsta s\u00e5 \u00e4lskade serien, den och annorlunda och samtidigt finns den hj\u00e4rtev\u00e4rmande k\u00e4rnan kvar. Den vilar p\u00e5 samma grund av medm\u00e4nsklighet som gjorde att tv-serien blev s\u00e5 \u00e4lskad.<\/p>\n<p>Det \u00e4r s\u00e5 sk\u00f6nt att slippa kriminalg\u00e5tor och v\u00e4l genomf\u00f6rt att \u00e4ven om det \u00e4r nutid h\u00e5ller ungdomarna inte p\u00e5 med mobil och snapchat hela tiden. Serien visar att det finns \u00e4ventyr utanf\u00f6r webben. Ingen anv\u00e4nder ens sk\u00e4rmar, eftersom sk\u00e4rg\u00e5rds\u00f6n ligger utanf\u00f6r mobiln\u00e4tet.<\/p>\n<p>Det \u00e4r utmanande att g\u00f6ra nyinspelningar av \u00e4lskade klassiker. Extra utmanande ur svensk synvinkel \u00e4r det nog att g\u00f6ra nya versioner av Astrid Lindgrens verk. Speciellt de serier och filmer som varit succ\u00e9er och blivit en del av den svenska kultursj\u00e4len.<\/p>\n<p>Sk\u00e5despelarna s\u00e4tter sin pr\u00e4gel p\u00e5 rollerna p\u00e5 ett bra s\u00e4tt. Henrik Norl\u00e9n \u00e4r en annorlunda farbror Melker \u00e4n originalseriens Torsten Lilliecrona. Henrik Norl\u00e9n har axlat den kronan perfekt. Han blir en nutida version som \u00e4r mer trov\u00e4rdig idag. Torsten Lilliecrona var perfekt p\u00e5 sin tid och Henrik Norl\u00e9n g\u00f6r som alltid en bra rollprestation. Jag tror inte jag n\u00e5gonsin sett honom g\u00f6ra d\u00e5ligt ifr\u00e5n sig i n\u00e5gon roll.<\/p>\n<p>Alla v\u00e4lk\u00e4nda karakt\u00e4rer \u00e4r med: Tjorven, hennes f\u00f6ljeslagare B\u00e5tsman, Stina, Pelle, Melker, Malin med lilla Skr\u00e5llan och en rad andra v\u00e4lk\u00e4nda personligheter, fast en del med nya namn.<\/p>\n<p>Familjen Melkersson flyttar ut till den idylliska \u00f6n Saltkr\u00e5kan p\u00e5 sommaren. D\u00e4r m\u00f6ter de snabbt Tjorven med sin stora hund och f\u00f6ljeslagare B\u00e5tsman. Tjorven som vet allt. Tycker hon sj\u00e4lv. Farbror Melker har t\u00e4nkt sig hinna skriva klart sin nya bok medan barnen ska ha en fint lov i sk\u00e4rg\u00e5rden.<\/p>\n<p>Det \u00e4r en hj\u00e4rtev\u00e4rmande serie som helt enkelt m\u00e5ste vinna publikens hj\u00e4rtan.  Musiken f\u00e5r ett extra stor plus och jag helt med SVT Kritiker <a href=\"https:\/\/www.svt.se\/kultur\/vi-pa-saltkrakan-pa-svt-ar-en-vardig-nyversion-av-astrid-lindgrens-klassiker\">som skriver:<\/a><br \/>\n&#8221;Inte minst den ambiti\u00f6sa musiken komponerad av Peter Nordahl och framf\u00f6rd av Kungliga Filharmonikerna, bidrar till k\u00e4nslan att den h\u00e4r produktionen har behandlats med k\u00e4rlek och v\u00f6rdnad, b\u00e5de gentemot originalet men ocks\u00e5 mot sj\u00e4lva hantverket.&#8221;<\/p>\n<p>I rollerna: Vega \u00c5hman (Tjorven), Henrik Norl\u00e9n (Melker), Elton Larsson (Pelle), Lovisa Lindblad (Stina), Nora Rios (Malin), Sami Fagerstr\u00f6m Erfan (Elliot), Bertil Mancini Block (Ivan), Lisa Varger (Julia), Ingrid Andersson Curman (Elin), Philip Zand\u00e9n (Uffe Westerman), Clara Wachtmeister da Silva (Skr\u00e5llan), Anna Bjelkerud (Ia S\u00f6derman), G\u00f6ran Gillinger (Magnus Grankvist), Karin de Frumiere (Veronika Grankvist), Johan Marenius Nordahl (bonden Stefan) m.fl.<\/p>\n<p><img decoding=\"async\" class=\"aligncenter size-full wp-image-186912\" src=\"https:\/\/kulturbloggen.com\/wp-content\/uploads\/2025\/10\/aabec27658d6abaa_400x400ar.jpg\" alt=\"\" width=\"400\" \/><br \/>\n<em>Vega \u00c5hman som Tjorven tillsammans med B\u00e5tsman i &#8221;Vi p\u00e5 Saltkr\u00e5kan&#8221;. Foto Johan Paulin\/SVT<\/em><\/p>\n<p><iframe loading=\"lazy\" width=\"560\" height=\"315\" src=\"https:\/\/www.youtube.com\/embed\/ZDSBAuIuqVY?si=qXuauRh4rRFVydQG\" title=\"YouTube video player\" frameborder=\"0\" allow=\"accelerometer; autoplay; clipboard-write; encrypted-media; gyroscope; picture-in-picture; web-share\" referrerpolicy=\"strict-origin-when-cross-origin\" allowfullscreen><\/iframe><\/p>\n","protected":false},"excerpt":{"rendered":"<p>Fotograf: SVT Vi p\u00e5 Saltkr\u00e5kan Betyg 4 \u201dVi p\u00e5 Saltkr\u00e5kan\u201d har premi\u00e4r p\u00e5 SVT Play den 31 oktober 2025 och p\u00e5 SVT1 l\u00f6rdag den 1 november 20.00. P\u00e5 SVT Play publiceras hela serien direkt. Regi Fredrik Edfeldt Manusf\u00f6rfattare Karin Arrhenius Ett stort gratis till skaparna av den nya, n\u00e5got moderniserade versionen av Saltkr\u00e5kan. Manusf\u00f6rfattare, regiss\u00f6ren [&hellip;]<\/p>\n","protected":false},"author":2,"featured_media":198681,"comment_status":"closed","ping_status":"closed","sticky":false,"template":"","format":"standard","meta":{"_genesis_hide_title":false,"_genesis_hide_breadcrumbs":false,"_genesis_hide_singular_image":false,"_genesis_hide_footer_widgets":false,"_genesis_custom_body_class":"","_genesis_custom_post_class":"","_genesis_layout":"","footnotes":""},"categories":[16,13227,20,13624,14985],"tags":[15453,15450,14922,5546,15452,15451],"class_list":{"0":"post-198665","1":"post","2":"type-post","3":"status-publish","4":"format-standard","5":"has-post-thumbnail","7":"category-recension","8":"category-tv-serier","9":"category-film","10":"category-toppnytt","11":"category-tv-serier-film","12":"tag-farbror-melker","13":"tag-salotkrakan","14":"tag-saltkrakan","15":"tag-svt-play","16":"tag-tjorven","17":"tag-tjovern","18":"entry"},"_links":{"self":[{"href":"https:\/\/kulturbloggen.com\/index.php?rest_route=\/wp\/v2\/posts\/198665","targetHints":{"allow":["GET"]}}],"collection":[{"href":"https:\/\/kulturbloggen.com\/index.php?rest_route=\/wp\/v2\/posts"}],"about":[{"href":"https:\/\/kulturbloggen.com\/index.php?rest_route=\/wp\/v2\/types\/post"}],"author":[{"embeddable":true,"href":"https:\/\/kulturbloggen.com\/index.php?rest_route=\/wp\/v2\/users\/2"}],"replies":[{"embeddable":true,"href":"https:\/\/kulturbloggen.com\/index.php?rest_route=%2Fwp%2Fv2%2Fcomments&post=198665"}],"version-history":[{"count":27,"href":"https:\/\/kulturbloggen.com\/index.php?rest_route=\/wp\/v2\/posts\/198665\/revisions"}],"predecessor-version":[{"id":198811,"href":"https:\/\/kulturbloggen.com\/index.php?rest_route=\/wp\/v2\/posts\/198665\/revisions\/198811"}],"wp:featuredmedia":[{"embeddable":true,"href":"https:\/\/kulturbloggen.com\/index.php?rest_route=\/wp\/v2\/media\/198681"}],"wp:attachment":[{"href":"https:\/\/kulturbloggen.com\/index.php?rest_route=%2Fwp%2Fv2%2Fmedia&parent=198665"}],"wp:term":[{"taxonomy":"category","embeddable":true,"href":"https:\/\/kulturbloggen.com\/index.php?rest_route=%2Fwp%2Fv2%2Fcategories&post=198665"},{"taxonomy":"post_tag","embeddable":true,"href":"https:\/\/kulturbloggen.com\/index.php?rest_route=%2Fwp%2Fv2%2Ftags&post=198665"}],"curies":[{"name":"wp","href":"https:\/\/api.w.org\/{rel}","templated":true}]}}