{"id":19850,"date":"2010-04-26T11:06:14","date_gmt":"2010-04-26T09:06:14","guid":{"rendered":"http:\/\/kulturbloggen.com\/?p=19850"},"modified":"2010-04-26T11:06:14","modified_gmt":"2010-04-26T09:06:14","slug":"wolf-parade-till-skandinavien","status":"publish","type":"post","link":"https:\/\/kulturbloggen.com\/?p=19850","title":{"rendered":"Wolf Parade till Skandinavien"},"content":{"rendered":"<p><a href=\"http:\/\/kulturbloggen.com\/wp-content\/uploads\/2010\/04\/wolfparade-lug.jpg\"><img loading=\"lazy\" decoding=\"async\" src=\"http:\/\/kulturbloggen.com\/wp-content\/uploads\/2010\/04\/wolfparade-lug-300x166.jpg\" alt=\"\" title=\"wolfparade-lug\" width=\"300\" height=\"166\" class=\"aligncenter size-medium wp-image-19851\" \/><\/a><br \/>\nSk\u00f6na kanadensiska indiebandet Wolf Parade kommer till Skandinavien.<br \/>\nEtt pressmeddelande:<\/p>\n<p>28 september &#8211; Oslo, Parkteatret<br \/>\n29 september &#8211; Stockholm, Debaser Medis<\/p>\n<p>I en sm\u00e4ltdegel som f\u00e5ngat ett popkostymerat Devo och Pixies p\u00e5 vift har Wolf Parade hittat sin kulturella och musikaliska nisch. Surrande syntar, klankande pianon och gitarrer och trummor som p\u00e5 ett avslappnat s\u00e4tt g\u00e5r i motsatt riktning mot den trendiga minimalism som vi finner s\u00e5 stort n\u00f6je i h\u00e4r i Norden. Melodier staplas p\u00e5 lager utan att s\u00e4tta krokben varandra och l\u00e5tarna som sitter smack klistrade p\u00e5 frontalloben (eller vilket st\u00e4lle det \u00e4n \u00e4r som registrerar jovialiska n\u00f6jen).<\/p>\n<p>Med en utstr\u00e4ckt hand fr\u00e5n Isaac Brook (Modest Mouse), som producerade deras sj\u00e4lvbetitlade EP 2005, gjorde de succ\u00e9. Som indiemanna fr\u00e5n himmeln kom deras albumdebut \u201dApologies to the Queen Mary\u201d och radade upp ovationer och hyllningar till h\u00f6ger och v\u00e4nster. Om tv\u00e5 m\u00e5nader, ge och ta en dag eller sjutton (beroende p\u00e5 n\u00e4r du l\u00e4ser detta), s\u00e5 sl\u00e4pps album nummer tre \u201dExpo 86\u201d. Vi \u00e4r djupt lyckliga redan.<\/p>\n<p>Norge och Sverige f\u00f6r\u00e4ras tacksamt av bes\u00f6k av kunglig kaliber i September (28:e och 29:e). Svenskar ska bege sig till Debaser Medis i hufvudstaden och norrm\u00e4nnen kan med f\u00f6rdel ta f\u00f6rsta bussen till Parkteatret i Oslo. Markera med r\u00f6tt i kalendern boys and girls!<\/p>\n<p><object width=\"480\" height=\"385\"><param name=\"movie\" value=\"http:\/\/www.youtube.com\/v\/VZgwW-RzD30&#038;hl=sv_SE&#038;fs=1&#038;\"><\/param><param name=\"allowFullScreen\" value=\"true\"><\/param><param name=\"allowscriptaccess\" value=\"always\"><\/param><embed src=\"http:\/\/www.youtube.com\/v\/VZgwW-RzD30&#038;hl=sv_SE&#038;fs=1&#038;\" type=\"application\/x-shockwave-flash\" allowscriptaccess=\"always\" allowfullscreen=\"true\" width=\"480\" height=\"385\"><\/embed><\/object><\/p>\n<p>L\u00e4s \u00e4ven andra bloggares \u00e5sikter om <a href=\"http:\/\/bloggar.se\/om\/Debaser\" rel=\"tag\">Debaser<\/a>, <a href=\"http:\/\/bloggar.se\/om\/indie\" rel=\"tag\">indie<\/a>, <a href=\"http:\/\/bloggar.se\/om\/konserter\" rel=\"tag\">konserter<\/a>, <a href=\"http:\/\/bloggar.se\/om\/musik\" rel=\"tag\">musik<\/a>, <a href=\"http:\/\/bloggar.se\/om\/Stockholm\" rel=\"tag\">Stockholm<\/a>, <a href=\"http:\/\/bloggar.se\/om\/Oslo\" rel=\"tag\">Oslo<\/a>, <a href=\"http:\/\/bloggar.se\/om\/Wolf+Parade\" rel=\"tag\">Wolf Parade<\/a><\/p>\n","protected":false},"excerpt":{"rendered":"<p>Sk\u00f6na kanadensiska indiebandet Wolf Parade kommer till Skandinavien. Ett pressmeddelande: 28 september &#8211; Oslo, Parkteatret 29 september &#8211; Stockholm, Debaser Medis I en sm\u00e4ltdegel som f\u00e5ngat ett popkostymerat Devo och Pixies p\u00e5 vift har Wolf Parade hittat sin kulturella och musikaliska nisch. Surrande syntar, klankande pianon och gitarrer och trummor som p\u00e5 ett avslappnat s\u00e4tt [&hellip;]<\/p>\n","protected":false},"author":13,"featured_media":0,"comment_status":"open","ping_status":"open","sticky":false,"template":"","format":"standard","meta":{"_genesis_hide_title":false,"_genesis_hide_breadcrumbs":false,"_genesis_hide_singular_image":false,"_genesis_hide_footer_widgets":false,"_genesis_custom_body_class":"","_genesis_custom_post_class":"","_genesis_layout":"","footnotes":""},"categories":[7],"tags":[1187,2467,3004,12282,4218,5400],"class_list":{"0":"post-19850","1":"post","2":"type-post","3":"status-publish","4":"format-standard","6":"category-musik","7":"tag-debaser","8":"tag-indie","9":"tag-konserter","10":"tag-musik","11":"tag-oslo","12":"tag-stockholm","13":"entry"},"_links":{"self":[{"href":"https:\/\/kulturbloggen.com\/index.php?rest_route=\/wp\/v2\/posts\/19850","targetHints":{"allow":["GET"]}}],"collection":[{"href":"https:\/\/kulturbloggen.com\/index.php?rest_route=\/wp\/v2\/posts"}],"about":[{"href":"https:\/\/kulturbloggen.com\/index.php?rest_route=\/wp\/v2\/types\/post"}],"author":[{"embeddable":true,"href":"https:\/\/kulturbloggen.com\/index.php?rest_route=\/wp\/v2\/users\/13"}],"replies":[{"embeddable":true,"href":"https:\/\/kulturbloggen.com\/index.php?rest_route=%2Fwp%2Fv2%2Fcomments&post=19850"}],"version-history":[{"count":0,"href":"https:\/\/kulturbloggen.com\/index.php?rest_route=\/wp\/v2\/posts\/19850\/revisions"}],"wp:attachment":[{"href":"https:\/\/kulturbloggen.com\/index.php?rest_route=%2Fwp%2Fv2%2Fmedia&parent=19850"}],"wp:term":[{"taxonomy":"category","embeddable":true,"href":"https:\/\/kulturbloggen.com\/index.php?rest_route=%2Fwp%2Fv2%2Fcategories&post=19850"},{"taxonomy":"post_tag","embeddable":true,"href":"https:\/\/kulturbloggen.com\/index.php?rest_route=%2Fwp%2Fv2%2Ftags&post=19850"}],"curies":[{"name":"wp","href":"https:\/\/api.w.org\/{rel}","templated":true}]}}